{"id":6545,"date":"2026-02-10T19:35:18","date_gmt":"2026-02-10T22:35:18","guid":{"rendered":"https:\/\/institucional.ufrrj.br\/eext\/?p=6545"},"modified":"2026-03-18T16:43:12","modified_gmt":"2026-03-18T19:43:12","slug":"novo-edital-de-fluxo-continuo-2026-escola-de-extensao-eext-proext-ufrrj-submissao-de-propostas-de-cursos-institucionais-de-extensao-com-carga-horaria-minima-de-30horas","status":"publish","type":"post","link":"https:\/\/institucional.ufrrj.br\/eext\/novo-edital-de-fluxo-continuo-2026-escola-de-extensao-eext-proext-ufrrj-submissao-de-propostas-de-cursos-institucionais-de-extensao-com-carga-horaria-minima-de-30horas\/","title":{"rendered":"Novo Edital de fluxo cont\u00ednuo 2026 \u2013 Escola de Extens\u00e3o (EExt) \u2013 PROEXT\/UFRRJ- Submiss\u00e3o de propostas de Cursos Institucionais de Extens\u00e3o, com CARGA HOR\u00c1RIA M\u00cdNIMA DE 30HORAS+"},"content":{"rendered":"\n<p class=\"wp-block-paragraph\">A Escola de Extens\u00e3o da Universidade Federal Rural do Rio de Janeiro (EExt\/PROEXT\/UFRRJ) informa o lan\u00e7amento do novo edital de fluxo cont\u00ednuo para submiss\u00e3o de propostas de cursos de extens\u00e3o com carga hor\u00e1ria m\u00ednima de 30 horas.<\/p>\n\n\n\n<p class=\"wp-block-paragraph\">Os editais da Escola de Extens\u00e3o seguem a modalidade de fluxo cont\u00ednuo, o que significa que permanecem abertos de forma permanente, orientando docentes e t\u00e9cnicos-administrativos quanto aos crit\u00e9rios, procedimentos e diretrizes para a oferta de cursos de extens\u00e3o institucionalizados, at\u00e9 que um novo padr\u00e3o seja estabelecido.<\/p>\n\n\n\n<p class=\"wp-block-paragraph\">Em rela\u00e7\u00e3o ao edital anterior, esta nova vers\u00e3o traz atualiza\u00e7\u00e3o das datas referentes ao ano de 2026, al\u00e9m de destacar, de forma mais detalhada, os servi\u00e7os e plataformas institucionais da UFRRJ dispon\u00edveis para apoio \u00e0 execu\u00e7\u00e3o dos cursos. O edital reflete, ainda, um maior alinhamento da Escola de Extens\u00e3o com a Coordenadoria de Educa\u00e7\u00e3o a Dist\u00e2ncia (SEAD\/UFRRJ), ampliando as possibilidades de uso de ambientes e ferramentas institucionais.<\/p>\n\n\n\n<p class=\"wp-block-paragraph\">O edital completo, com todas as orienta\u00e7\u00f5es, crit\u00e9rios e a listagem das plataformas dispon\u00edveis, j\u00e1 est\u00e1 dispon\u00edvel no link abaixo:<\/p>\n\n\n\n<p class=\"wp-block-paragraph\"><a href=\"https:\/\/institucional.ufrrj.br\/eext\/files\/2026\/03\/Edital-01-2026-EEXT-submissao-de-propostas-de-cursos-de-extensao-CH-30h-NOVO-1.pdf\" target=\"_blank\" rel=\"noreferrer noopener\"><strong>Novo Edital de fluxo cont\u00ednuo 2026 \u2013 Escola de Extens\u00e3o (EExt) \u2013 PROEXT\/UFRRJ- Submiss\u00e3o de propostas de Cursos Institucionais de Extens\u00e3o, com CARGA HOR\u00c1RIA M\u00cdNIMA DE 30HORAS+<\/strong><\/a><\/p>\n\n\n\n<p class=\"wp-block-paragraph\"><\/p>\n","protected":false},"excerpt":{"rendered":"<p>A Escola de Extens\u00e3o da Universidade Federal Rural do Rio de Janeiro (EExt\/PROEXT\/UFRRJ) informa o lan\u00e7amento do novo edital de <a class=\"read-more\" href=\"https:\/\/institucional.ufrrj.br\/eext\/novo-edital-de-fluxo-continuo-2026-escola-de-extensao-eext-proext-ufrrj-submissao-de-propostas-de-cursos-institucionais-de-extensao-com-carga-horaria-minima-de-30horas\/ \" >&#8230; <span class=\"font-italic\">leia mais <i class=\"fas fa-angle-right\"><\/i><\/span><\/a><\/p>\n","protected":false},"author":707,"featured_media":6547,"comment_status":"closed","ping_status":"open","sticky":false,"template":"","format":"standard","meta":{"_acf_changed":false,"footnotes":""},"categories":[3],"tags":[],"class_list":["post-6545","post","type-post","status-publish","format-standard","has-post-thumbnail","hentry","category-noticias"],"aioseo_notices":[],"aioseo_head":"\n\t\t<!-- All in One SEO 5.0.1.1 - aioseo.com -->\n\t<meta name=\"description\" content=\"A Escola de Extens\u00e3o da Universidade Federal Rural do Rio de Janeiro (EExt\/PROEXT\/UFRRJ) informa o lan\u00e7amento do novo edital de fluxo cont\u00ednuo para submiss\u00e3o de propostas de cursos de extens\u00e3o com carga hor\u00e1ria m\u00ednima de 30 horas. Os editais da Escola de Extens\u00e3o seguem a modalidade de fluxo cont\u00ednuo, o que significa que permanecem abertos\" \/>\n\t<meta name=\"robots\" content=\"max-image-preview:large\" \/>\n\t<meta name=\"author\" content=\"luciano\"\/>\n\t<link rel=\"canonical\" href=\"https:\/\/institucional.ufrrj.br\/eext\/novo-edital-de-fluxo-continuo-2026-escola-de-extensao-eext-proext-ufrrj-submissao-de-propostas-de-cursos-institucionais-de-extensao-com-carga-horaria-minima-de-30horas\/\" \/>\n\t<meta name=\"generator\" content=\"All in One SEO (AIOSEO) 5.0.1.1\" \/>\n\t\t<meta property=\"og:locale\" content=\"pt_BR\" \/>\n\t\t<meta property=\"og:site_name\" content=\"Escola de Extens\u00e3o - S\u00f3 mais um site institucional.ufrrj.br\" \/>\n\t\t<meta property=\"og:type\" content=\"article\" \/>\n\t\t<meta property=\"og:title\" content=\"Novo Edital de fluxo cont\u00ednuo 2026 \u2013 Escola de Extens\u00e3o (EExt) \u2013 PROEXT\/UFRRJ- Submiss\u00e3o de propostas de Cursos Institucionais de Extens\u00e3o, com CARGA HOR\u00c1RIA M\u00cdNIMA DE 30HORAS+ - Escola de Extens\u00e3o\" \/>\n\t\t<meta property=\"og:description\" content=\"A Escola de Extens\u00e3o da Universidade Federal Rural do Rio de Janeiro (EExt\/PROEXT\/UFRRJ) informa o lan\u00e7amento do novo edital de fluxo cont\u00ednuo para submiss\u00e3o de propostas de cursos de extens\u00e3o com carga hor\u00e1ria m\u00ednima de 30 horas. Os editais da Escola de Extens\u00e3o seguem a modalidade de fluxo cont\u00ednuo, o que significa que permanecem abertos\" \/>\n\t\t<meta property=\"og:url\" content=\"https:\/\/institucional.ufrrj.br\/eext\/novo-edital-de-fluxo-continuo-2026-escola-de-extensao-eext-proext-ufrrj-submissao-de-propostas-de-cursos-institucionais-de-extensao-com-carga-horaria-minima-de-30horas\/\" \/>\n\t\t<meta property=\"article:published_time\" content=\"2026-02-10T22:35:18+00:00\" \/>\n\t\t<meta property=\"article:modified_time\" content=\"2026-03-18T19:43:12+00:00\" \/>\n\t\t<meta name=\"twitter:card\" content=\"summary_large_image\" \/>\n\t\t<meta name=\"twitter:title\" content=\"Novo Edital de fluxo cont\u00ednuo 2026 \u2013 Escola de Extens\u00e3o (EExt) \u2013 PROEXT\/UFRRJ- Submiss\u00e3o de propostas de Cursos Institucionais de Extens\u00e3o, com CARGA HOR\u00c1RIA M\u00cdNIMA DE 30HORAS+ - Escola de Extens\u00e3o\" \/>\n\t\t<meta name=\"twitter:description\" content=\"A Escola de Extens\u00e3o da Universidade Federal Rural do Rio de Janeiro (EExt\/PROEXT\/UFRRJ) informa o lan\u00e7amento do novo edital de fluxo cont\u00ednuo para submiss\u00e3o de propostas de cursos de extens\u00e3o com carga hor\u00e1ria m\u00ednima de 30 horas. Os editais da Escola de Extens\u00e3o seguem a modalidade de fluxo cont\u00ednuo, o que significa que permanecem abertos\" \/>\n\t\t<script type=\"application\/ld+json\" class=\"aioseo-schema\">\n\t\t\t{\"@context\":\"https:\\\/\\\/schema.org\",\"@graph\":[{\"@type\":\"BlogPosting\",\"@id\":\"https:\\\/\\\/institucional.ufrrj.br\\\/eext\\\/novo-edital-de-fluxo-continuo-2026-escola-de-extensao-eext-proext-ufrrj-submissao-de-propostas-de-cursos-institucionais-de-extensao-com-carga-horaria-minima-de-30horas\\\/#blogposting\",\"name\":\"Novo Edital de fluxo cont\\u00ednuo 2026 \\u2013 Escola de Extens\\u00e3o (EExt) \\u2013 PROEXT\\\/UFRRJ- Submiss\\u00e3o de propostas de Cursos Institucionais de Extens\\u00e3o, com CARGA HOR\\u00c1RIA M\\u00cdNIMA DE 30HORAS+ - Escola de Extens\\u00e3o\",\"headline\":\"Novo Edital de fluxo cont\\u00ednuo 2026 \\u2013 Escola de Extens\\u00e3o (EExt) \\u2013 PROEXT\\\/UFRRJ- Submiss\\u00e3o de propostas de Cursos Institucionais de Extens\\u00e3o, com CARGA HOR\\u00c1RIA M\\u00cdNIMA DE 30HORAS+\",\"author\":{\"@id\":\"https:\\\/\\\/institucional.ufrrj.br\\\/eext\\\/author\\\/luk1\\\/#author\"},\"publisher\":{\"@id\":\"https:\\\/\\\/institucional.ufrrj.br\\\/eext\\\/#organization\"},\"image\":{\"@type\":\"ImageObject\",\"url\":\"https:\\\/\\\/institucional.ufrrj.br\\\/eext\\\/files\\\/2026\\\/02\\\/imagem-EEXT-2.png\",\"width\":1280,\"height\":720},\"datePublished\":\"2026-02-10T19:35:18-03:00\",\"dateModified\":\"2026-03-18T16:43:12-03:00\",\"inLanguage\":\"pt-BR\",\"mainEntityOfPage\":{\"@id\":\"https:\\\/\\\/institucional.ufrrj.br\\\/eext\\\/novo-edital-de-fluxo-continuo-2026-escola-de-extensao-eext-proext-ufrrj-submissao-de-propostas-de-cursos-institucionais-de-extensao-com-carga-horaria-minima-de-30horas\\\/#webpage\"},\"isPartOf\":{\"@id\":\"https:\\\/\\\/institucional.ufrrj.br\\\/eext\\\/novo-edital-de-fluxo-continuo-2026-escola-de-extensao-eext-proext-ufrrj-submissao-de-propostas-de-cursos-institucionais-de-extensao-com-carga-horaria-minima-de-30horas\\\/#webpage\"},\"articleSection\":\"Noticias\"},{\"@type\":\"BreadcrumbList\",\"@id\":\"https:\\\/\\\/institucional.ufrrj.br\\\/eext\\\/novo-edital-de-fluxo-continuo-2026-escola-de-extensao-eext-proext-ufrrj-submissao-de-propostas-de-cursos-institucionais-de-extensao-com-carga-horaria-minima-de-30horas\\\/#breadcrumblist\",\"itemListElement\":[{\"@type\":\"ListItem\",\"@id\":\"https:\\\/\\\/institucional.ufrrj.br\\\/eext#listItem\",\"position\":1,\"name\":\"In\\u00edcio\",\"item\":\"https:\\\/\\\/institucional.ufrrj.br\\\/eext\",\"nextItem\":{\"@type\":\"ListItem\",\"@id\":\"https:\\\/\\\/institucional.ufrrj.br\\\/eext\\\/category\\\/noticias\\\/#listItem\",\"name\":\"Noticias\"}},{\"@type\":\"ListItem\",\"@id\":\"https:\\\/\\\/institucional.ufrrj.br\\\/eext\\\/category\\\/noticias\\\/#listItem\",\"position\":2,\"name\":\"Noticias\",\"item\":\"https:\\\/\\\/institucional.ufrrj.br\\\/eext\\\/category\\\/noticias\\\/\",\"nextItem\":{\"@type\":\"ListItem\",\"@id\":\"https:\\\/\\\/institucional.ufrrj.br\\\/eext\\\/novo-edital-de-fluxo-continuo-2026-escola-de-extensao-eext-proext-ufrrj-submissao-de-propostas-de-cursos-institucionais-de-extensao-com-carga-horaria-minima-de-30horas\\\/#listItem\",\"name\":\"Novo Edital de fluxo cont\\u00ednuo 2026 \\u2013 Escola de Extens\\u00e3o (EExt) \\u2013 PROEXT\\\/UFRRJ- Submiss\\u00e3o de propostas de Cursos Institucionais de Extens\\u00e3o, com CARGA HOR\\u00c1RIA M\\u00cdNIMA DE 30HORAS+\"},\"previousItem\":{\"@type\":\"ListItem\",\"@id\":\"https:\\\/\\\/institucional.ufrrj.br\\\/eext#listItem\",\"name\":\"In\\u00edcio\"}},{\"@type\":\"ListItem\",\"@id\":\"https:\\\/\\\/institucional.ufrrj.br\\\/eext\\\/novo-edital-de-fluxo-continuo-2026-escola-de-extensao-eext-proext-ufrrj-submissao-de-propostas-de-cursos-institucionais-de-extensao-com-carga-horaria-minima-de-30horas\\\/#listItem\",\"position\":3,\"name\":\"Novo Edital de fluxo cont\\u00ednuo 2026 \\u2013 Escola de Extens\\u00e3o (EExt) \\u2013 PROEXT\\\/UFRRJ- Submiss\\u00e3o de propostas de Cursos Institucionais de Extens\\u00e3o, com CARGA HOR\\u00c1RIA M\\u00cdNIMA DE 30HORAS+\",\"previousItem\":{\"@type\":\"ListItem\",\"@id\":\"https:\\\/\\\/institucional.ufrrj.br\\\/eext\\\/category\\\/noticias\\\/#listItem\",\"name\":\"Noticias\"}}]},{\"@type\":\"Organization\",\"@id\":\"https:\\\/\\\/institucional.ufrrj.br\\\/eext\\\/#organization\",\"name\":\"Escola de Extens\\u00e3o\",\"description\":\"S\\u00f3 mais um site institucional.ufrrj.br\",\"url\":\"https:\\\/\\\/institucional.ufrrj.br\\\/eext\\\/\"},{\"@type\":\"Person\",\"@id\":\"https:\\\/\\\/institucional.ufrrj.br\\\/eext\\\/author\\\/luk1\\\/#author\",\"url\":\"https:\\\/\\\/institucional.ufrrj.br\\\/eext\\\/author\\\/luk1\\\/\",\"name\":\"luciano\",\"image\":{\"@type\":\"ImageObject\",\"@id\":\"https:\\\/\\\/institucional.ufrrj.br\\\/eext\\\/novo-edital-de-fluxo-continuo-2026-escola-de-extensao-eext-proext-ufrrj-submissao-de-propostas-de-cursos-institucionais-de-extensao-com-carga-horaria-minima-de-30horas\\\/#authorImage\",\"url\":\"https:\\\/\\\/secure.gravatar.com\\\/avatar\\\/4d91bb9da74b689f9be56e08d37d67fc90a69164942e16656bd9fd7acd8fff23?s=96&d=mm&r=g\",\"width\":96,\"height\":96,\"caption\":\"luciano\"}},{\"@type\":\"WebPage\",\"@id\":\"https:\\\/\\\/institucional.ufrrj.br\\\/eext\\\/novo-edital-de-fluxo-continuo-2026-escola-de-extensao-eext-proext-ufrrj-submissao-de-propostas-de-cursos-institucionais-de-extensao-com-carga-horaria-minima-de-30horas\\\/#webpage\",\"url\":\"https:\\\/\\\/institucional.ufrrj.br\\\/eext\\\/novo-edital-de-fluxo-continuo-2026-escola-de-extensao-eext-proext-ufrrj-submissao-de-propostas-de-cursos-institucionais-de-extensao-com-carga-horaria-minima-de-30horas\\\/\",\"name\":\"Novo Edital de fluxo cont\\u00ednuo 2026 \\u2013 Escola de Extens\\u00e3o (EExt) \\u2013 PROEXT\\\/UFRRJ- Submiss\\u00e3o de propostas de Cursos Institucionais de Extens\\u00e3o, com CARGA HOR\\u00c1RIA M\\u00cdNIMA DE 30HORAS+ - Escola de Extens\\u00e3o\",\"description\":\"A Escola de Extens\\u00e3o da Universidade Federal Rural do Rio de Janeiro (EExt\\\/PROEXT\\\/UFRRJ) informa o lan\\u00e7amento do novo edital de fluxo cont\\u00ednuo para submiss\\u00e3o de propostas de cursos de extens\\u00e3o com carga hor\\u00e1ria m\\u00ednima de 30 horas. Os editais da Escola de Extens\\u00e3o seguem a modalidade de fluxo cont\\u00ednuo, o que significa que permanecem abertos\",\"inLanguage\":\"pt-BR\",\"isPartOf\":{\"@id\":\"https:\\\/\\\/institucional.ufrrj.br\\\/eext\\\/#website\"},\"breadcrumb\":{\"@id\":\"https:\\\/\\\/institucional.ufrrj.br\\\/eext\\\/novo-edital-de-fluxo-continuo-2026-escola-de-extensao-eext-proext-ufrrj-submissao-de-propostas-de-cursos-institucionais-de-extensao-com-carga-horaria-minima-de-30horas\\\/#breadcrumblist\"},\"author\":{\"@id\":\"https:\\\/\\\/institucional.ufrrj.br\\\/eext\\\/author\\\/luk1\\\/#author\"},\"creator\":{\"@id\":\"https:\\\/\\\/institucional.ufrrj.br\\\/eext\\\/author\\\/luk1\\\/#author\"},\"image\":{\"@type\":\"ImageObject\",\"url\":\"https:\\\/\\\/institucional.ufrrj.br\\\/eext\\\/files\\\/2026\\\/02\\\/imagem-EEXT-2.png\",\"@id\":\"https:\\\/\\\/institucional.ufrrj.br\\\/eext\\\/novo-edital-de-fluxo-continuo-2026-escola-de-extensao-eext-proext-ufrrj-submissao-de-propostas-de-cursos-institucionais-de-extensao-com-carga-horaria-minima-de-30horas\\\/#mainImage\",\"width\":1280,\"height\":720},\"primaryImageOfPage\":{\"@id\":\"https:\\\/\\\/institucional.ufrrj.br\\\/eext\\\/novo-edital-de-fluxo-continuo-2026-escola-de-extensao-eext-proext-ufrrj-submissao-de-propostas-de-cursos-institucionais-de-extensao-com-carga-horaria-minima-de-30horas\\\/#mainImage\"},\"datePublished\":\"2026-02-10T19:35:18-03:00\",\"dateModified\":\"2026-03-18T16:43:12-03:00\"},{\"@type\":\"WebSite\",\"@id\":\"https:\\\/\\\/institucional.ufrrj.br\\\/eext\\\/#website\",\"url\":\"https:\\\/\\\/institucional.ufrrj.br\\\/eext\\\/\",\"name\":\"Escola de Extens\\u00e3o\",\"description\":\"S\\u00f3 mais um site institucional.ufrrj.br\",\"inLanguage\":\"pt-BR\",\"publisher\":{\"@id\":\"https:\\\/\\\/institucional.ufrrj.br\\\/eext\\\/#organization\"}}]}\n\t\t<\/script>\n\t\t<!-- All in One SEO -->\n\n","aioseo_head_json":{"title":"Novo Edital de fluxo cont\u00ednuo 2026 \u2013 Escola de Extens\u00e3o (EExt) \u2013 PROEXT\/UFRRJ- Submiss\u00e3o de propostas de Cursos Institucionais de Extens\u00e3o, com CARGA HOR\u00c1RIA M\u00cdNIMA DE 30HORAS+ - Escola de Extens\u00e3o","description":"A Escola de Extens\u00e3o da Universidade Federal Rural do Rio de Janeiro (EExt\/PROEXT\/UFRRJ) informa o lan\u00e7amento do novo edital de fluxo cont\u00ednuo para submiss\u00e3o de propostas de cursos de extens\u00e3o com carga hor\u00e1ria m\u00ednima de 30 horas. Os editais da Escola de Extens\u00e3o seguem a modalidade de fluxo cont\u00ednuo, o que significa que permanecem abertos","canonical_url":"https:\/\/institucional.ufrrj.br\/eext\/novo-edital-de-fluxo-continuo-2026-escola-de-extensao-eext-proext-ufrrj-submissao-de-propostas-de-cursos-institucionais-de-extensao-com-carga-horaria-minima-de-30horas\/","robots":"max-image-preview:large","keywords":"","webmasterTools":{"miscellaneous":""},"schema":{"@context":"https:\/\/schema.org","@graph":[{"@type":"BlogPosting","@id":"https:\/\/institucional.ufrrj.br\/eext\/novo-edital-de-fluxo-continuo-2026-escola-de-extensao-eext-proext-ufrrj-submissao-de-propostas-de-cursos-institucionais-de-extensao-com-carga-horaria-minima-de-30horas\/#blogposting","name":"Novo Edital de fluxo cont\u00ednuo 2026 \u2013 Escola de Extens\u00e3o (EExt) \u2013 PROEXT\/UFRRJ- Submiss\u00e3o de propostas de Cursos Institucionais de Extens\u00e3o, com CARGA HOR\u00c1RIA M\u00cdNIMA DE 30HORAS+ - Escola de Extens\u00e3o","headline":"Novo Edital de fluxo cont\u00ednuo 2026 \u2013 Escola de Extens\u00e3o (EExt) \u2013 PROEXT\/UFRRJ- Submiss\u00e3o de propostas de Cursos Institucionais de Extens\u00e3o, com CARGA HOR\u00c1RIA M\u00cdNIMA DE 30HORAS+","author":{"@id":"https:\/\/institucional.ufrrj.br\/eext\/author\/luk1\/#author"},"publisher":{"@id":"https:\/\/institucional.ufrrj.br\/eext\/#organization"},"image":{"@type":"ImageObject","url":"https:\/\/institucional.ufrrj.br\/eext\/files\/2026\/02\/imagem-EEXT-2.png","width":1280,"height":720},"datePublished":"2026-02-10T19:35:18-03:00","dateModified":"2026-03-18T16:43:12-03:00","inLanguage":"pt-BR","mainEntityOfPage":{"@id":"https:\/\/institucional.ufrrj.br\/eext\/novo-edital-de-fluxo-continuo-2026-escola-de-extensao-eext-proext-ufrrj-submissao-de-propostas-de-cursos-institucionais-de-extensao-com-carga-horaria-minima-de-30horas\/#webpage"},"isPartOf":{"@id":"https:\/\/institucional.ufrrj.br\/eext\/novo-edital-de-fluxo-continuo-2026-escola-de-extensao-eext-proext-ufrrj-submissao-de-propostas-de-cursos-institucionais-de-extensao-com-carga-horaria-minima-de-30horas\/#webpage"},"articleSection":"Noticias"},{"@type":"BreadcrumbList","@id":"https:\/\/institucional.ufrrj.br\/eext\/novo-edital-de-fluxo-continuo-2026-escola-de-extensao-eext-proext-ufrrj-submissao-de-propostas-de-cursos-institucionais-de-extensao-com-carga-horaria-minima-de-30horas\/#breadcrumblist","itemListElement":[{"@type":"ListItem","@id":"https:\/\/institucional.ufrrj.br\/eext#listItem","position":1,"name":"In\u00edcio","item":"https:\/\/institucional.ufrrj.br\/eext","nextItem":{"@type":"ListItem","@id":"https:\/\/institucional.ufrrj.br\/eext\/category\/noticias\/#listItem","name":"Noticias"}},{"@type":"ListItem","@id":"https:\/\/institucional.ufrrj.br\/eext\/category\/noticias\/#listItem","position":2,"name":"Noticias","item":"https:\/\/institucional.ufrrj.br\/eext\/category\/noticias\/","nextItem":{"@type":"ListItem","@id":"https:\/\/institucional.ufrrj.br\/eext\/novo-edital-de-fluxo-continuo-2026-escola-de-extensao-eext-proext-ufrrj-submissao-de-propostas-de-cursos-institucionais-de-extensao-com-carga-horaria-minima-de-30horas\/#listItem","name":"Novo Edital de fluxo cont\u00ednuo 2026 \u2013 Escola de Extens\u00e3o (EExt) \u2013 PROEXT\/UFRRJ- Submiss\u00e3o de propostas de Cursos Institucionais de Extens\u00e3o, com CARGA HOR\u00c1RIA M\u00cdNIMA DE 30HORAS+"},"previousItem":{"@type":"ListItem","@id":"https:\/\/institucional.ufrrj.br\/eext#listItem","name":"In\u00edcio"}},{"@type":"ListItem","@id":"https:\/\/institucional.ufrrj.br\/eext\/novo-edital-de-fluxo-continuo-2026-escola-de-extensao-eext-proext-ufrrj-submissao-de-propostas-de-cursos-institucionais-de-extensao-com-carga-horaria-minima-de-30horas\/#listItem","position":3,"name":"Novo Edital de fluxo cont\u00ednuo 2026 \u2013 Escola de Extens\u00e3o (EExt) \u2013 PROEXT\/UFRRJ- Submiss\u00e3o de propostas de Cursos Institucionais de Extens\u00e3o, com CARGA HOR\u00c1RIA M\u00cdNIMA DE 30HORAS+","previousItem":{"@type":"ListItem","@id":"https:\/\/institucional.ufrrj.br\/eext\/category\/noticias\/#listItem","name":"Noticias"}}]},{"@type":"Organization","@id":"https:\/\/institucional.ufrrj.br\/eext\/#organization","name":"Escola de Extens\u00e3o","description":"S\u00f3 mais um site institucional.ufrrj.br","url":"https:\/\/institucional.ufrrj.br\/eext\/"},{"@type":"Person","@id":"https:\/\/institucional.ufrrj.br\/eext\/author\/luk1\/#author","url":"https:\/\/institucional.ufrrj.br\/eext\/author\/luk1\/","name":"luciano","image":{"@type":"ImageObject","@id":"https:\/\/institucional.ufrrj.br\/eext\/novo-edital-de-fluxo-continuo-2026-escola-de-extensao-eext-proext-ufrrj-submissao-de-propostas-de-cursos-institucionais-de-extensao-com-carga-horaria-minima-de-30horas\/#authorImage","url":"https:\/\/secure.gravatar.com\/avatar\/4d91bb9da74b689f9be56e08d37d67fc90a69164942e16656bd9fd7acd8fff23?s=96&d=mm&r=g","width":96,"height":96,"caption":"luciano"}},{"@type":"WebPage","@id":"https:\/\/institucional.ufrrj.br\/eext\/novo-edital-de-fluxo-continuo-2026-escola-de-extensao-eext-proext-ufrrj-submissao-de-propostas-de-cursos-institucionais-de-extensao-com-carga-horaria-minima-de-30horas\/#webpage","url":"https:\/\/institucional.ufrrj.br\/eext\/novo-edital-de-fluxo-continuo-2026-escola-de-extensao-eext-proext-ufrrj-submissao-de-propostas-de-cursos-institucionais-de-extensao-com-carga-horaria-minima-de-30horas\/","name":"Novo Edital de fluxo cont\u00ednuo 2026 \u2013 Escola de Extens\u00e3o (EExt) \u2013 PROEXT\/UFRRJ- Submiss\u00e3o de propostas de Cursos Institucionais de Extens\u00e3o, com CARGA HOR\u00c1RIA M\u00cdNIMA DE 30HORAS+ - Escola de Extens\u00e3o","description":"A Escola de Extens\u00e3o da Universidade Federal Rural do Rio de Janeiro (EExt\/PROEXT\/UFRRJ) informa o lan\u00e7amento do novo edital de fluxo cont\u00ednuo para submiss\u00e3o de propostas de cursos de extens\u00e3o com carga hor\u00e1ria m\u00ednima de 30 horas. Os editais da Escola de Extens\u00e3o seguem a modalidade de fluxo cont\u00ednuo, o que significa que permanecem abertos","inLanguage":"pt-BR","isPartOf":{"@id":"https:\/\/institucional.ufrrj.br\/eext\/#website"},"breadcrumb":{"@id":"https:\/\/institucional.ufrrj.br\/eext\/novo-edital-de-fluxo-continuo-2026-escola-de-extensao-eext-proext-ufrrj-submissao-de-propostas-de-cursos-institucionais-de-extensao-com-carga-horaria-minima-de-30horas\/#breadcrumblist"},"author":{"@id":"https:\/\/institucional.ufrrj.br\/eext\/author\/luk1\/#author"},"creator":{"@id":"https:\/\/institucional.ufrrj.br\/eext\/author\/luk1\/#author"},"image":{"@type":"ImageObject","url":"https:\/\/institucional.ufrrj.br\/eext\/files\/2026\/02\/imagem-EEXT-2.png","@id":"https:\/\/institucional.ufrrj.br\/eext\/novo-edital-de-fluxo-continuo-2026-escola-de-extensao-eext-proext-ufrrj-submissao-de-propostas-de-cursos-institucionais-de-extensao-com-carga-horaria-minima-de-30horas\/#mainImage","width":1280,"height":720},"primaryImageOfPage":{"@id":"https:\/\/institucional.ufrrj.br\/eext\/novo-edital-de-fluxo-continuo-2026-escola-de-extensao-eext-proext-ufrrj-submissao-de-propostas-de-cursos-institucionais-de-extensao-com-carga-horaria-minima-de-30horas\/#mainImage"},"datePublished":"2026-02-10T19:35:18-03:00","dateModified":"2026-03-18T16:43:12-03:00"},{"@type":"WebSite","@id":"https:\/\/institucional.ufrrj.br\/eext\/#website","url":"https:\/\/institucional.ufrrj.br\/eext\/","name":"Escola de Extens\u00e3o","description":"S\u00f3 mais um site institucional.ufrrj.br","inLanguage":"pt-BR","publisher":{"@id":"https:\/\/institucional.ufrrj.br\/eext\/#organization"}}]},"og:locale":"pt_BR","og:site_name":"Escola de Extens\u00e3o - S\u00f3 mais um site institucional.ufrrj.br","og:type":"article","og:title":"Novo Edital de fluxo cont\u00ednuo 2026 \u2013 Escola de Extens\u00e3o (EExt) \u2013 PROEXT\/UFRRJ- Submiss\u00e3o de propostas de Cursos Institucionais de Extens\u00e3o, com CARGA HOR\u00c1RIA M\u00cdNIMA DE 30HORAS+ - Escola de Extens\u00e3o","og:description":"A Escola de Extens\u00e3o da Universidade Federal Rural do Rio de Janeiro (EExt\/PROEXT\/UFRRJ) informa o lan\u00e7amento do novo edital de fluxo cont\u00ednuo para submiss\u00e3o de propostas de cursos de extens\u00e3o com carga hor\u00e1ria m\u00ednima de 30 horas. Os editais da Escola de Extens\u00e3o seguem a modalidade de fluxo cont\u00ednuo, o que significa que permanecem abertos","og:url":"https:\/\/institucional.ufrrj.br\/eext\/novo-edital-de-fluxo-continuo-2026-escola-de-extensao-eext-proext-ufrrj-submissao-de-propostas-de-cursos-institucionais-de-extensao-com-carga-horaria-minima-de-30horas\/","article:published_time":"2026-02-10T22:35:18+00:00","article:modified_time":"2026-03-18T19:43:12+00:00","twitter:card":"summary_large_image","twitter:title":"Novo Edital de fluxo cont\u00ednuo 2026 \u2013 Escola de Extens\u00e3o (EExt) \u2013 PROEXT\/UFRRJ- Submiss\u00e3o de propostas de Cursos Institucionais de Extens\u00e3o, com CARGA HOR\u00c1RIA M\u00cdNIMA DE 30HORAS+ - Escola de Extens\u00e3o","twitter:description":"A Escola de Extens\u00e3o da Universidade Federal Rural do Rio de Janeiro (EExt\/PROEXT\/UFRRJ) informa o lan\u00e7amento do novo edital de fluxo cont\u00ednuo para submiss\u00e3o de propostas de cursos de extens\u00e3o com carga hor\u00e1ria m\u00ednima de 30 horas. Os editais da Escola de Extens\u00e3o seguem a modalidade de fluxo cont\u00ednuo, o que significa que permanecem abertos"},"aioseo_meta_data":{"post_id":"6545","title":null,"description":null,"keywords":null,"keyphrases":null,"focus_keyword":null,"additional_keywords":null,"truseo_locale":null,"primary_term":null,"canonical_url":null,"og_title":null,"og_description":null,"og_object_type":"default","og_image_type":"default","og_image_custom_url":null,"og_image_custom_fields":null,"og_image_url":null,"og_image_width":null,"og_image_height":null,"og_video":null,"og_custom_url":null,"og_article_section":null,"og_article_tags":null,"twitter_use_og":true,"twitter_card":"default","twitter_image_type":"default","twitter_image_custom_url":null,"twitter_image_custom_fields":null,"twitter_image_url":null,"twitter_title":null,"twitter_description":null,"schema_type":"default","schema_type_options":null,"schema":{"blockGraphs":[],"customGraphs":[],"default":{"data":{"Article":[],"Course":[],"Dataset":[],"FAQPage":[],"Movie":[],"Person":[],"Product":[],"ProductReview":[],"Car":[],"Recipe":[],"Service":[],"SoftwareApplication":[],"WebPage":[]},"graphName":"","isEnabled":true},"graphs":[]},"pillar_content":false,"robots_default":true,"robots_noindex":false,"robots_noarchive":false,"robots_nosnippet":false,"robots_nofollow":false,"robots_noimageindex":false,"robots_noodp":false,"robots_notranslate":false,"robots_max_snippet":null,"robots_max_videopreview":null,"robots_max_imagepreview":"large","priority":null,"frequency":null,"local_seo":null,"limit_modified_date":false,"ai":null,"breadcrumb_settings":null,"seo_analyzer_scan_date":null,"created":"2026-09-02 21:54:31","updated":"2026-09-02 21:54:31"},"aioseo_breadcrumb":"<div class=\"aioseo-breadcrumbs\"><span class=\"aioseo-breadcrumb\">\n\t\t\t<a href=\"https:\/\/institucional.ufrrj.br\/eext\" title=\"In\u00edcio\">In\u00edcio<\/a>\n\t\t<\/span><span class=\"aioseo-breadcrumb-separator\">&raquo;<\/span><span class=\"aioseo-breadcrumb\">\n\t\t\t<a href=\"https:\/\/institucional.ufrrj.br\/eext\/category\/noticias\/\" title=\"Noticias\">Noticias<\/a>\n\t\t<\/span><span class=\"aioseo-breadcrumb-separator\">&raquo;<\/span><span class=\"aioseo-breadcrumb\">\n\t\t\tNovo Edital de fluxo cont\u00ednuo 2026 \u2013 Escola de Extens\u00e3o (EExt) \u2013 PROEXT\/UFRRJ- Submiss\u00e3o de propostas de Cursos Institucionais de Extens\u00e3o, com CARGA HOR\u00c1RIA M\u00cdNIMA DE 30HORAS+\n\t\t<\/span><\/div>","aioseo_breadcrumb_json":[{"label":"In\u00edcio","link":"https:\/\/institucional.ufrrj.br\/eext"},{"label":"Noticias","link":"https:\/\/institucional.ufrrj.br\/eext\/category\/noticias\/"},{"label":"Novo Edital de fluxo cont\u00ednuo 2026 \u2013 Escola de Extens\u00e3o (EExt) \u2013 PROEXT\/UFRRJ- Submiss\u00e3o de propostas de Cursos Institucionais de Extens\u00e3o, com CARGA HOR\u00c1RIA M\u00cdNIMA DE 30HORAS+","link":"https:\/\/institucional.ufrrj.br\/eext\/novo-edital-de-fluxo-continuo-2026-escola-de-extensao-eext-proext-ufrrj-submissao-de-propostas-de-cursos-institucionais-de-extensao-com-carga-horaria-minima-de-30horas\/"}],"acf":[],"_links":{"self":[{"href":"https:\/\/institucional.ufrrj.br\/eext\/wp-json\/wp\/v2\/posts\/6545","targetHints":{"allow":["GET"]}}],"collection":[{"href":"https:\/\/institucional.ufrrj.br\/eext\/wp-json\/wp\/v2\/posts"}],"about":[{"href":"https:\/\/institucional.ufrrj.br\/eext\/wp-json\/wp\/v2\/types\/post"}],"author":[{"embeddable":true,"href":"https:\/\/institucional.ufrrj.br\/eext\/wp-json\/wp\/v2\/users\/707"}],"replies":[{"embeddable":true,"href":"https:\/\/institucional.ufrrj.br\/eext\/wp-json\/wp\/v2\/comments?post=6545"}],"version-history":[{"count":2,"href":"https:\/\/institucional.ufrrj.br\/eext\/wp-json\/wp\/v2\/posts\/6545\/revisions"}],"predecessor-version":[{"id":6595,"href":"https:\/\/institucional.ufrrj.br\/eext\/wp-json\/wp\/v2\/posts\/6545\/revisions\/6595"}],"wp:featuredmedia":[{"embeddable":true,"href":"https:\/\/institucional.ufrrj.br\/eext\/wp-json\/wp\/v2\/media\/6547"}],"wp:attachment":[{"href":"https:\/\/institucional.ufrrj.br\/eext\/wp-json\/wp\/v2\/media?parent=6545"}],"wp:term":[{"taxonomy":"category","embeddable":true,"href":"https:\/\/institucional.ufrrj.br\/eext\/wp-json\/wp\/v2\/categories?post=6545"},{"taxonomy":"post_tag","embeddable":true,"href":"https:\/\/institucional.ufrrj.br\/eext\/wp-json\/wp\/v2\/tags?post=6545"}],"curies":[{"name":"wp","href":"https:\/\/api.w.org\/{rel}","templated":true}]}}