{"id":6391,"date":"2025-05-26T12:47:37","date_gmt":"2025-05-26T15:47:37","guid":{"rendered":"https:\/\/institucional.ufrrj.br\/eext\/?p=6391"},"modified":"2025-05-26T12:47:38","modified_gmt":"2025-05-26T15:47:38","slug":"doma-racional-de-equinos","status":"publish","type":"post","link":"https:\/\/institucional.ufrrj.br\/eext\/doma-racional-de-equinos\/","title":{"rendered":"Doma racional de equinos"},"content":{"rendered":"\n<p class=\" eplus-wrapper\">No agroneg\u00f3cio &#8220;cavalo&#8221;, a aceita\u00e7\u00e3o do animal ao treinamento para o qual se destina valoriza a comercializa\u00e7\u00e3o (HEIRD et al., 1986). As t\u00e9cnicas aplicadas nas diferentes fases do desenvolvimento estimulam a aprendizagem e valorizam o com\u00e9rcio dos equinos. Diferente das demais esp\u00e9cies dom\u00e9sticas os equinos possuem alto valor financeiro. No Brasil, o mercado equestre movimenta diversas atividades econ\u00f4micas, dentre elas est\u00e3o servi\u00e7os veterin\u00e1rios, ind\u00fastria de ra\u00e7\u00f5es, lazer, esportes e trabalho gerando renda avaliada em R$ 16,15 bilh\u00f5es em 2015 e empregando mais de 600 mil pessoas (LIMA, CITRA, 2016). A ra\u00e7a Mangalarga Machador \u00e9 tipicamente brasileira e se destaca no plantel nacional, sendo uma das mais produzidas e procuradas devido a sua beleza, docilidade e andamento (MARIZ et al., 2008). Segundo dados internos cedidos pela Associa\u00e7\u00e3o Brasileira de Criadores do Cavalo Mangalarga Machador, em junho de 2024, declaram possuir ao todo 744 mil animais registrados e cerca de 23 mil associados. Os seres humanos e os equinos possuem grande proximidade em sua rela\u00e7\u00e3o, tornando-se necess\u00e1ria uma comunica\u00e7\u00e3o e entendimento dos comportamentos de ambos para preven\u00e7\u00e3o de acidentes (LUZ, 2021). Diversos criadores reconhecem que produzir potros calmos e bem treinados resultam em menor ocorr\u00eancia de incidentes que venham a prejudicar o animal ou o manejador. Portanto, a sele\u00e7\u00e3o de animais de temperamento d\u00f3cil \u00e9 fundamental, n\u00e3o somente para garantir o bem-estar, mas tamb\u00e9m para seguran\u00e7a dos envolvidos (KING, 2019). A doma de equinos \u00e9 essencial para quaisquer que sejam as atividades que venham a ser realizadas com o seu uso. Normalmente, a doma \u00e9 iniciada quando o animal alcan\u00e7a seus 1,5 a 2 anos de idade, dependendo da ra\u00e7a e, a intera\u00e7\u00e3o na fase potro se resume ao manejo sanit\u00e1rio e interven\u00e7\u00f5es veterin\u00e1rias quando necess\u00e1rias. Segundo Heird (1978) e Marcenac et al. (1990) aumenta-se a facilidade de manejo quando os potros est\u00e3o familiarizados ao m\u00e1ximo com o pessoal que os tratam. Alguns treinadores observaram que o manejo precoce poderia ser o segredo para produ\u00e7\u00e3o de cavalos experientes, cooperativos e dispostos. Isto porque, o manejo acostuma o cavalo a amplas possibilidades de experi\u00eancias. Com o passar dos anos mais pesquisas foram desenvolvidas com objetivo de determinar qual seria o per\u00edodo cr\u00edtico de aprendizagem em potros. Miller (1991) considerou como cr\u00edtico o per\u00edodo de aprendizagem em at\u00e9 1 hora ap\u00f3s o parto e preconizou, portanto, o m\u00e9todo \u201cImprinting\u201d em potros neonatos. Enquanto Lassade et al. (2005) avaliaram os efeitos a curto, m\u00e9dio e longo prazo do manejo de potros neonatos, indicando efeitos apenas a curto prazo. N\u00e3o h\u00e1 consenso quanto a efetividade dos m\u00e9todos aplicados na inicia\u00e7\u00e3o \u00e0 doma em potros neonatos quanto ao momento, tempo de dura\u00e7\u00e3o das intera\u00e7\u00f5es, m\u00e9todo aplicado, frequ\u00eancia, bem como se o investimento de tempo resultar\u00e1 em benef\u00edcios para as etapas subsequentes da doma. Desse modo, s\u00e3o necess\u00e1rios cursos de capacita\u00e7\u00e3o t\u00e9cnica para que manejadores sejam capazes de implantar nos haras as t\u00e9cnicas adequadas. Portanto a parceria entre SENAR \u2013 Rio de janeiro e UFRRJ para a capacita\u00e7\u00e3o de m\u00e3o de obra especializada no uso da doma racional, proporcionando atrav\u00e9s do manejo adequado: economia de tempo, a seguran\u00e7a para o trabalhador e o bem-estar animal.<\/p>\n","protected":false},"excerpt":{"rendered":"<p>No agroneg\u00f3cio &#8220;cavalo&#8221;, a aceita\u00e7\u00e3o do animal ao treinamento para o qual se destina valoriza a comercializa\u00e7\u00e3o (HEIRD et al., <a class=\"read-more\" href=\"https:\/\/institucional.ufrrj.br\/eext\/doma-racional-de-equinos\/ \" >&#8230; <span class=\"font-italic\">leia mais <i class=\"fas fa-angle-right\"><\/i><\/span><\/a><\/p>\n","protected":false},"author":707,"featured_media":6392,"comment_status":"closed","ping_status":"open","sticky":false,"template":"","format":"standard","meta":{"_acf_changed":false,"footnotes":""},"categories":[30],"tags":[],"class_list":["post-6391","post","type-post","status-publish","format-standard","has-post-thumbnail","hentry","category-cursos"],"yoast_head":"<!-- This site is optimized with the Yoast SEO plugin v27.2 - https:\/\/yoast.com\/product\/yoast-seo-wordpress\/ -->\n<title>Doma racional de equinos - Escola de Extens\u00e3o<\/title>\n<meta name=\"robots\" content=\"index, follow, max-snippet:-1, max-image-preview:large, max-video-preview:-1\" \/>\n<link rel=\"canonical\" href=\"https:\/\/institucional.ufrrj.br\/eext\/doma-racional-de-equinos\/\" \/>\n<meta property=\"og:locale\" content=\"pt_BR\" \/>\n<meta property=\"og:type\" content=\"article\" \/>\n<meta property=\"og:title\" content=\"Doma racional de equinos - Escola de Extens\u00e3o\" \/>\n<meta property=\"og:description\" content=\"No agroneg\u00f3cio &#8220;cavalo&#8221;, a aceita\u00e7\u00e3o do animal ao treinamento para o qual se destina valoriza a comercializa\u00e7\u00e3o (HEIRD et al., ... leia mais\" \/>\n<meta property=\"og:url\" content=\"https:\/\/institucional.ufrrj.br\/eext\/doma-racional-de-equinos\/\" \/>\n<meta property=\"og:site_name\" content=\"Escola de Extens\u00e3o\" \/>\n<meta property=\"article:published_time\" content=\"2025-05-26T15:47:37+00:00\" \/>\n<meta property=\"article:modified_time\" content=\"2025-05-26T15:47:38+00:00\" \/>\n<meta property=\"og:image\" content=\"https:\/\/institucional.ufrrj.br\/eext\/files\/2025\/05\/250526_card_cavalo.png\" \/>\n\t<meta property=\"og:image:width\" content=\"800\" \/>\n\t<meta property=\"og:image:height\" content=\"400\" \/>\n\t<meta property=\"og:image:type\" content=\"image\/png\" \/>\n<meta name=\"author\" content=\"luciano\" \/>\n<meta name=\"twitter:card\" content=\"summary_large_image\" \/>\n<meta name=\"twitter:label1\" content=\"Escrito por\" \/>\n\t<meta name=\"twitter:data1\" content=\"luciano\" \/>\n\t<meta name=\"twitter:label2\" content=\"Est. tempo de leitura\" \/>\n\t<meta name=\"twitter:data2\" content=\"3 minutos\" \/>\n<script type=\"application\/ld+json\" class=\"yoast-schema-graph\">{\"@context\":\"https:\/\/schema.org\",\"@graph\":[{\"@type\":\"Article\",\"@id\":\"https:\/\/institucional.ufrrj.br\/eext\/doma-racional-de-equinos\/#article\",\"isPartOf\":{\"@id\":\"https:\/\/institucional.ufrrj.br\/eext\/doma-racional-de-equinos\/\"},\"author\":{\"name\":\"luciano\",\"@id\":\"https:\/\/institucional.ufrrj.br\/eext\/#\/schema\/person\/3a348794d5616010543e89e965964d75\"},\"headline\":\"Doma racional de equinos\",\"datePublished\":\"2025-05-26T15:47:37+00:00\",\"dateModified\":\"2025-05-26T15:47:38+00:00\",\"mainEntityOfPage\":{\"@id\":\"https:\/\/institucional.ufrrj.br\/eext\/doma-racional-de-equinos\/\"},\"wordCount\":558,\"image\":{\"@id\":\"https:\/\/institucional.ufrrj.br\/eext\/doma-racional-de-equinos\/#primaryimage\"},\"thumbnailUrl\":\"https:\/\/institucional.ufrrj.br\/eext\/files\/2025\/05\/250526_card_cavalo.png\",\"articleSection\":[\"Cursos\"],\"inLanguage\":\"pt-BR\"},{\"@type\":\"WebPage\",\"@id\":\"https:\/\/institucional.ufrrj.br\/eext\/doma-racional-de-equinos\/\",\"url\":\"https:\/\/institucional.ufrrj.br\/eext\/doma-racional-de-equinos\/\",\"name\":\"Doma racional de equinos - Escola de Extens\u00e3o\",\"isPartOf\":{\"@id\":\"https:\/\/institucional.ufrrj.br\/eext\/#website\"},\"primaryImageOfPage\":{\"@id\":\"https:\/\/institucional.ufrrj.br\/eext\/doma-racional-de-equinos\/#primaryimage\"},\"image\":{\"@id\":\"https:\/\/institucional.ufrrj.br\/eext\/doma-racional-de-equinos\/#primaryimage\"},\"thumbnailUrl\":\"https:\/\/institucional.ufrrj.br\/eext\/files\/2025\/05\/250526_card_cavalo.png\",\"datePublished\":\"2025-05-26T15:47:37+00:00\",\"dateModified\":\"2025-05-26T15:47:38+00:00\",\"author\":{\"@id\":\"https:\/\/institucional.ufrrj.br\/eext\/#\/schema\/person\/3a348794d5616010543e89e965964d75\"},\"breadcrumb\":{\"@id\":\"https:\/\/institucional.ufrrj.br\/eext\/doma-racional-de-equinos\/#breadcrumb\"},\"inLanguage\":\"pt-BR\",\"potentialAction\":[{\"@type\":\"ReadAction\",\"target\":[\"https:\/\/institucional.ufrrj.br\/eext\/doma-racional-de-equinos\/\"]}]},{\"@type\":\"ImageObject\",\"inLanguage\":\"pt-BR\",\"@id\":\"https:\/\/institucional.ufrrj.br\/eext\/doma-racional-de-equinos\/#primaryimage\",\"url\":\"https:\/\/institucional.ufrrj.br\/eext\/files\/2025\/05\/250526_card_cavalo.png\",\"contentUrl\":\"https:\/\/institucional.ufrrj.br\/eext\/files\/2025\/05\/250526_card_cavalo.png\",\"width\":800,\"height\":400},{\"@type\":\"BreadcrumbList\",\"@id\":\"https:\/\/institucional.ufrrj.br\/eext\/doma-racional-de-equinos\/#breadcrumb\",\"itemListElement\":[{\"@type\":\"ListItem\",\"position\":1,\"name\":\"In\u00edcio\",\"item\":\"https:\/\/institucional.ufrrj.br\/eext\/\"},{\"@type\":\"ListItem\",\"position\":2,\"name\":\"Doma racional de equinos\"}]},{\"@type\":\"WebSite\",\"@id\":\"https:\/\/institucional.ufrrj.br\/eext\/#website\",\"url\":\"https:\/\/institucional.ufrrj.br\/eext\/\",\"name\":\"Escola de Extens\u00e3o\",\"description\":\"S\u00f3 mais um site institucional.ufrrj.br\",\"potentialAction\":[{\"@type\":\"SearchAction\",\"target\":{\"@type\":\"EntryPoint\",\"urlTemplate\":\"https:\/\/institucional.ufrrj.br\/eext\/?s={search_term_string}\"},\"query-input\":{\"@type\":\"PropertyValueSpecification\",\"valueRequired\":true,\"valueName\":\"search_term_string\"}}],\"inLanguage\":\"pt-BR\"},{\"@type\":\"Person\",\"@id\":\"https:\/\/institucional.ufrrj.br\/eext\/#\/schema\/person\/3a348794d5616010543e89e965964d75\",\"name\":\"luciano\",\"image\":{\"@type\":\"ImageObject\",\"inLanguage\":\"pt-BR\",\"@id\":\"https:\/\/secure.gravatar.com\/avatar\/4d91bb9da74b689f9be56e08d37d67fc90a69164942e16656bd9fd7acd8fff23?s=96&d=mm&r=g\",\"url\":\"https:\/\/secure.gravatar.com\/avatar\/4d91bb9da74b689f9be56e08d37d67fc90a69164942e16656bd9fd7acd8fff23?s=96&d=mm&r=g\",\"contentUrl\":\"https:\/\/secure.gravatar.com\/avatar\/4d91bb9da74b689f9be56e08d37d67fc90a69164942e16656bd9fd7acd8fff23?s=96&d=mm&r=g\",\"caption\":\"luciano\"},\"url\":\"https:\/\/institucional.ufrrj.br\/eext\/author\/luk1\/\"}]}<\/script>\n<!-- \/ Yoast SEO plugin. -->","yoast_head_json":{"title":"Doma racional de equinos - Escola de Extens\u00e3o","robots":{"index":"index","follow":"follow","max-snippet":"max-snippet:-1","max-image-preview":"max-image-preview:large","max-video-preview":"max-video-preview:-1"},"canonical":"https:\/\/institucional.ufrrj.br\/eext\/doma-racional-de-equinos\/","og_locale":"pt_BR","og_type":"article","og_title":"Doma racional de equinos - Escola de Extens\u00e3o","og_description":"No agroneg\u00f3cio &#8220;cavalo&#8221;, a aceita\u00e7\u00e3o do animal ao treinamento para o qual se destina valoriza a comercializa\u00e7\u00e3o (HEIRD et al., ... leia mais","og_url":"https:\/\/institucional.ufrrj.br\/eext\/doma-racional-de-equinos\/","og_site_name":"Escola de Extens\u00e3o","article_published_time":"2025-05-26T15:47:37+00:00","article_modified_time":"2025-05-26T15:47:38+00:00","og_image":[{"width":800,"height":400,"url":"https:\/\/institucional.ufrrj.br\/eext\/files\/2025\/05\/250526_card_cavalo.png","type":"image\/png"}],"author":"luciano","twitter_card":"summary_large_image","twitter_misc":{"Escrito por":"luciano","Est. tempo de leitura":"3 minutos"},"schema":{"@context":"https:\/\/schema.org","@graph":[{"@type":"Article","@id":"https:\/\/institucional.ufrrj.br\/eext\/doma-racional-de-equinos\/#article","isPartOf":{"@id":"https:\/\/institucional.ufrrj.br\/eext\/doma-racional-de-equinos\/"},"author":{"name":"luciano","@id":"https:\/\/institucional.ufrrj.br\/eext\/#\/schema\/person\/3a348794d5616010543e89e965964d75"},"headline":"Doma racional de equinos","datePublished":"2025-05-26T15:47:37+00:00","dateModified":"2025-05-26T15:47:38+00:00","mainEntityOfPage":{"@id":"https:\/\/institucional.ufrrj.br\/eext\/doma-racional-de-equinos\/"},"wordCount":558,"image":{"@id":"https:\/\/institucional.ufrrj.br\/eext\/doma-racional-de-equinos\/#primaryimage"},"thumbnailUrl":"https:\/\/institucional.ufrrj.br\/eext\/files\/2025\/05\/250526_card_cavalo.png","articleSection":["Cursos"],"inLanguage":"pt-BR"},{"@type":"WebPage","@id":"https:\/\/institucional.ufrrj.br\/eext\/doma-racional-de-equinos\/","url":"https:\/\/institucional.ufrrj.br\/eext\/doma-racional-de-equinos\/","name":"Doma racional de equinos - Escola de Extens\u00e3o","isPartOf":{"@id":"https:\/\/institucional.ufrrj.br\/eext\/#website"},"primaryImageOfPage":{"@id":"https:\/\/institucional.ufrrj.br\/eext\/doma-racional-de-equinos\/#primaryimage"},"image":{"@id":"https:\/\/institucional.ufrrj.br\/eext\/doma-racional-de-equinos\/#primaryimage"},"thumbnailUrl":"https:\/\/institucional.ufrrj.br\/eext\/files\/2025\/05\/250526_card_cavalo.png","datePublished":"2025-05-26T15:47:37+00:00","dateModified":"2025-05-26T15:47:38+00:00","author":{"@id":"https:\/\/institucional.ufrrj.br\/eext\/#\/schema\/person\/3a348794d5616010543e89e965964d75"},"breadcrumb":{"@id":"https:\/\/institucional.ufrrj.br\/eext\/doma-racional-de-equinos\/#breadcrumb"},"inLanguage":"pt-BR","potentialAction":[{"@type":"ReadAction","target":["https:\/\/institucional.ufrrj.br\/eext\/doma-racional-de-equinos\/"]}]},{"@type":"ImageObject","inLanguage":"pt-BR","@id":"https:\/\/institucional.ufrrj.br\/eext\/doma-racional-de-equinos\/#primaryimage","url":"https:\/\/institucional.ufrrj.br\/eext\/files\/2025\/05\/250526_card_cavalo.png","contentUrl":"https:\/\/institucional.ufrrj.br\/eext\/files\/2025\/05\/250526_card_cavalo.png","width":800,"height":400},{"@type":"BreadcrumbList","@id":"https:\/\/institucional.ufrrj.br\/eext\/doma-racional-de-equinos\/#breadcrumb","itemListElement":[{"@type":"ListItem","position":1,"name":"In\u00edcio","item":"https:\/\/institucional.ufrrj.br\/eext\/"},{"@type":"ListItem","position":2,"name":"Doma racional de equinos"}]},{"@type":"WebSite","@id":"https:\/\/institucional.ufrrj.br\/eext\/#website","url":"https:\/\/institucional.ufrrj.br\/eext\/","name":"Escola de Extens\u00e3o","description":"S\u00f3 mais um site institucional.ufrrj.br","potentialAction":[{"@type":"SearchAction","target":{"@type":"EntryPoint","urlTemplate":"https:\/\/institucional.ufrrj.br\/eext\/?s={search_term_string}"},"query-input":{"@type":"PropertyValueSpecification","valueRequired":true,"valueName":"search_term_string"}}],"inLanguage":"pt-BR"},{"@type":"Person","@id":"https:\/\/institucional.ufrrj.br\/eext\/#\/schema\/person\/3a348794d5616010543e89e965964d75","name":"luciano","image":{"@type":"ImageObject","inLanguage":"pt-BR","@id":"https:\/\/secure.gravatar.com\/avatar\/4d91bb9da74b689f9be56e08d37d67fc90a69164942e16656bd9fd7acd8fff23?s=96&d=mm&r=g","url":"https:\/\/secure.gravatar.com\/avatar\/4d91bb9da74b689f9be56e08d37d67fc90a69164942e16656bd9fd7acd8fff23?s=96&d=mm&r=g","contentUrl":"https:\/\/secure.gravatar.com\/avatar\/4d91bb9da74b689f9be56e08d37d67fc90a69164942e16656bd9fd7acd8fff23?s=96&d=mm&r=g","caption":"luciano"},"url":"https:\/\/institucional.ufrrj.br\/eext\/author\/luk1\/"}]}},"acf":[],"_links":{"self":[{"href":"https:\/\/institucional.ufrrj.br\/eext\/wp-json\/wp\/v2\/posts\/6391","targetHints":{"allow":["GET"]}}],"collection":[{"href":"https:\/\/institucional.ufrrj.br\/eext\/wp-json\/wp\/v2\/posts"}],"about":[{"href":"https:\/\/institucional.ufrrj.br\/eext\/wp-json\/wp\/v2\/types\/post"}],"author":[{"embeddable":true,"href":"https:\/\/institucional.ufrrj.br\/eext\/wp-json\/wp\/v2\/users\/707"}],"replies":[{"embeddable":true,"href":"https:\/\/institucional.ufrrj.br\/eext\/wp-json\/wp\/v2\/comments?post=6391"}],"version-history":[{"count":1,"href":"https:\/\/institucional.ufrrj.br\/eext\/wp-json\/wp\/v2\/posts\/6391\/revisions"}],"predecessor-version":[{"id":6393,"href":"https:\/\/institucional.ufrrj.br\/eext\/wp-json\/wp\/v2\/posts\/6391\/revisions\/6393"}],"wp:featuredmedia":[{"embeddable":true,"href":"https:\/\/institucional.ufrrj.br\/eext\/wp-json\/wp\/v2\/media\/6392"}],"wp:attachment":[{"href":"https:\/\/institucional.ufrrj.br\/eext\/wp-json\/wp\/v2\/media?parent=6391"}],"wp:term":[{"taxonomy":"category","embeddable":true,"href":"https:\/\/institucional.ufrrj.br\/eext\/wp-json\/wp\/v2\/categories?post=6391"},{"taxonomy":"post_tag","embeddable":true,"href":"https:\/\/institucional.ufrrj.br\/eext\/wp-json\/wp\/v2\/tags?post=6391"}],"curies":[{"name":"wp","href":"https:\/\/api.w.org\/{rel}","templated":true}]}}