{"id":6095,"date":"2025-03-31T09:48:36","date_gmt":"2025-03-31T12:48:36","guid":{"rendered":"https:\/\/institucional.ufrrj.br\/eext\/?p=6095"},"modified":"2025-03-31T09:48:37","modified_gmt":"2025-03-31T12:48:37","slug":"residencia-profissional-em-aquicultura-reaqua-2","status":"publish","type":"post","link":"https:\/\/institucional.ufrrj.br\/eext\/residencia-profissional-em-aquicultura-reaqua-2\/","title":{"rendered":"RESID\u00caNCIA PROFISSIONAL EM AQUICULTURA \u2013 REAQUA"},"content":{"rendered":"\n<p class=\" eplus-wrapper\">O Minist\u00e9rio da Agricultura, Pecu\u00e1ria e Abastecimento (MAPA) instituiu o Programa AgroResid\u00eancia por meio da Portaria n\u00ba 193, publicado no Di\u00e1rio Oficial da Uni\u00e3o em 17 de junho de 2020. A Secretaria de Agricultura Familiar era a unidade respons\u00e1vel pela promo\u00e7\u00e3o do programa em \u00e2mbito nacional, por meio da celebra\u00e7\u00e3o de parcerias necess\u00e1rias para a implementa\u00e7\u00e3o do programa. Segundo dados do Anu\u00e1rio PeixeBR 2023, a produ\u00e7\u00e3o brasileira no ano de 2022 foi de pouco mais de 860 mil toneladas, vindo de uma sequ\u00eancia anual crescente de produtividade, somente contabilizando a produ\u00e7\u00e3o de peixes. No pa\u00eds, s\u00e3o produzidas mais de 60 esp\u00e9cies aqu\u00e1ticas comest\u00edveis, mais aproximadamente 250 esp\u00e9cies ornamentais, incluindo peixes, invertebrados e plantas aqu\u00e1ticas (Valenti et al., 2021). Dentro desse cen\u00e1rio, \u00e9 sabido que tradicionalmente a aquicultura no Brasil \u00e9 de pequena escala, de pequenos produtores e produtores familiares. Muitas das vezes n\u00e3o apresentam suporte t\u00e9cnico ou conhecimento aprofundado na atividade. Ou, em outros casos, \u00e9 levada como atividade secund\u00e1ria dentro de propriedades agr\u00edcolas. Brasil \u00e9 um pa\u00eds rico em recursos naturais e em \u00e1reas para cria\u00e7\u00e3o tanto em \u00e1gua doce como em \u00e1gua salgada para cria\u00e7\u00e3o de organismos aqu\u00e1ticos, e aliado a isso, possu\u00ed um grande mercado consumidor dom\u00e9stico. Existem proje\u00e7\u00f5es que preveem um aumento de 32% da produ\u00e7\u00e3o de 2018 at\u00e9 2030 (FAO, 2020). Para sustentar tais taxas de crescimento, \u00e9 necess\u00e1rio ter responsabilidade produtiva, econ\u00f4mica, social e ambiental. Dentro disso, com o objetivo de tecnificar a produ\u00e7\u00e3o e profissionalizar recursos humanos para atuar especificamente na aquicultura, foi lan\u00e7ado um Edital (SEI\/MAPA 01\/2022, processo n\u00ba21000.025084\/2022-88) para selecionar propostas de todo pa\u00eds visando fomentar a atividade de resid\u00eancia em aquicultura. A proposta \u201cUFRuralRJ no mar: atuando no desenvolvimento da maricultura fluminense\u201d que deu origem a presente proposta de resid\u00eancia aqu\u00edcola foi aprovada, a \u00fanica do estado do Rio de Janeiro. Atualmente, a ger\u00eancia do conv\u00eanio foi transferida para os cuidados do Minist\u00e9rio do Desenvolvimento Agr\u00e1rio (MDA), sob a tutela da Secret\u00e1ria de Agricultura Familiar e Agroecologia, sem preju\u00edzos ao andamento da proposta.<\/p>\n","protected":false},"excerpt":{"rendered":"<p>O Minist\u00e9rio da Agricultura, Pecu\u00e1ria e Abastecimento (MAPA) instituiu o Programa AgroResid\u00eancia por meio da Portaria n\u00ba 193, publicado no <a class=\"read-more\" href=\"https:\/\/institucional.ufrrj.br\/eext\/residencia-profissional-em-aquicultura-reaqua-2\/ \" >&#8230; <span class=\"font-italic\">leia mais <i class=\"fas fa-angle-right\"><\/i><\/span><\/a><\/p>\n","protected":false},"author":707,"featured_media":5638,"comment_status":"closed","ping_status":"open","sticky":false,"template":"","format":"standard","meta":{"_acf_changed":false,"footnotes":""},"categories":[107],"tags":[],"class_list":["post-6095","post","type-post","status-publish","format-standard","has-post-thumbnail","hentry","category-lato-sensu"],"yoast_head":"<!-- This site is optimized with the Yoast SEO plugin v27.2 - https:\/\/yoast.com\/product\/yoast-seo-wordpress\/ -->\n<title>RESID\u00caNCIA PROFISSIONAL EM AQUICULTURA \u2013 REAQUA - Escola de Extens\u00e3o<\/title>\n<meta name=\"robots\" content=\"index, follow, max-snippet:-1, max-image-preview:large, max-video-preview:-1\" \/>\n<link rel=\"canonical\" href=\"https:\/\/institucional.ufrrj.br\/eext\/residencia-profissional-em-aquicultura-reaqua-2\/\" \/>\n<meta property=\"og:locale\" content=\"pt_BR\" \/>\n<meta property=\"og:type\" content=\"article\" \/>\n<meta property=\"og:title\" content=\"RESID\u00caNCIA PROFISSIONAL EM AQUICULTURA \u2013 REAQUA - Escola de Extens\u00e3o\" \/>\n<meta property=\"og:description\" content=\"O Minist\u00e9rio da Agricultura, Pecu\u00e1ria e Abastecimento (MAPA) instituiu o Programa AgroResid\u00eancia por meio da Portaria n\u00ba 193, publicado no ... leia mais\" \/>\n<meta property=\"og:url\" content=\"https:\/\/institucional.ufrrj.br\/eext\/residencia-profissional-em-aquicultura-reaqua-2\/\" \/>\n<meta property=\"og:site_name\" content=\"Escola de Extens\u00e3o\" \/>\n<meta property=\"article:published_time\" content=\"2025-03-31T12:48:36+00:00\" \/>\n<meta property=\"article:modified_time\" content=\"2025-03-31T12:48:37+00:00\" \/>\n<meta property=\"og:image\" content=\"https:\/\/institucional.ufrrj.br\/eext\/files\/2024\/07\/aquicultura2.jpg\" \/>\n\t<meta property=\"og:image:width\" content=\"820\" \/>\n\t<meta property=\"og:image:height\" content=\"410\" \/>\n\t<meta property=\"og:image:type\" content=\"image\/jpeg\" \/>\n<meta name=\"author\" content=\"luciano\" \/>\n<meta name=\"twitter:card\" content=\"summary_large_image\" \/>\n<meta name=\"twitter:label1\" content=\"Escrito por\" \/>\n\t<meta name=\"twitter:data1\" content=\"luciano\" \/>\n\t<meta name=\"twitter:label2\" content=\"Est. tempo de leitura\" \/>\n\t<meta name=\"twitter:data2\" content=\"2 minutos\" \/>\n<script type=\"application\/ld+json\" class=\"yoast-schema-graph\">{\"@context\":\"https:\/\/schema.org\",\"@graph\":[{\"@type\":\"Article\",\"@id\":\"https:\/\/institucional.ufrrj.br\/eext\/residencia-profissional-em-aquicultura-reaqua-2\/#article\",\"isPartOf\":{\"@id\":\"https:\/\/institucional.ufrrj.br\/eext\/residencia-profissional-em-aquicultura-reaqua-2\/\"},\"author\":{\"name\":\"luciano\",\"@id\":\"https:\/\/institucional.ufrrj.br\/eext\/#\/schema\/person\/3a348794d5616010543e89e965964d75\"},\"headline\":\"RESID\u00caNCIA PROFISSIONAL EM AQUICULTURA \u2013 REAQUA\",\"datePublished\":\"2025-03-31T12:48:36+00:00\",\"dateModified\":\"2025-03-31T12:48:37+00:00\",\"mainEntityOfPage\":{\"@id\":\"https:\/\/institucional.ufrrj.br\/eext\/residencia-profissional-em-aquicultura-reaqua-2\/\"},\"wordCount\":369,\"image\":{\"@id\":\"https:\/\/institucional.ufrrj.br\/eext\/residencia-profissional-em-aquicultura-reaqua-2\/#primaryimage\"},\"thumbnailUrl\":\"https:\/\/institucional.ufrrj.br\/eext\/files\/2024\/07\/aquicultura2.jpg\",\"articleSection\":[\"Lato Sensu\"],\"inLanguage\":\"pt-BR\"},{\"@type\":\"WebPage\",\"@id\":\"https:\/\/institucional.ufrrj.br\/eext\/residencia-profissional-em-aquicultura-reaqua-2\/\",\"url\":\"https:\/\/institucional.ufrrj.br\/eext\/residencia-profissional-em-aquicultura-reaqua-2\/\",\"name\":\"RESID\u00caNCIA PROFISSIONAL EM AQUICULTURA \u2013 REAQUA - Escola de Extens\u00e3o\",\"isPartOf\":{\"@id\":\"https:\/\/institucional.ufrrj.br\/eext\/#website\"},\"primaryImageOfPage\":{\"@id\":\"https:\/\/institucional.ufrrj.br\/eext\/residencia-profissional-em-aquicultura-reaqua-2\/#primaryimage\"},\"image\":{\"@id\":\"https:\/\/institucional.ufrrj.br\/eext\/residencia-profissional-em-aquicultura-reaqua-2\/#primaryimage\"},\"thumbnailUrl\":\"https:\/\/institucional.ufrrj.br\/eext\/files\/2024\/07\/aquicultura2.jpg\",\"datePublished\":\"2025-03-31T12:48:36+00:00\",\"dateModified\":\"2025-03-31T12:48:37+00:00\",\"author\":{\"@id\":\"https:\/\/institucional.ufrrj.br\/eext\/#\/schema\/person\/3a348794d5616010543e89e965964d75\"},\"breadcrumb\":{\"@id\":\"https:\/\/institucional.ufrrj.br\/eext\/residencia-profissional-em-aquicultura-reaqua-2\/#breadcrumb\"},\"inLanguage\":\"pt-BR\",\"potentialAction\":[{\"@type\":\"ReadAction\",\"target\":[\"https:\/\/institucional.ufrrj.br\/eext\/residencia-profissional-em-aquicultura-reaqua-2\/\"]}]},{\"@type\":\"ImageObject\",\"inLanguage\":\"pt-BR\",\"@id\":\"https:\/\/institucional.ufrrj.br\/eext\/residencia-profissional-em-aquicultura-reaqua-2\/#primaryimage\",\"url\":\"https:\/\/institucional.ufrrj.br\/eext\/files\/2024\/07\/aquicultura2.jpg\",\"contentUrl\":\"https:\/\/institucional.ufrrj.br\/eext\/files\/2024\/07\/aquicultura2.jpg\",\"width\":820,\"height\":410},{\"@type\":\"BreadcrumbList\",\"@id\":\"https:\/\/institucional.ufrrj.br\/eext\/residencia-profissional-em-aquicultura-reaqua-2\/#breadcrumb\",\"itemListElement\":[{\"@type\":\"ListItem\",\"position\":1,\"name\":\"In\u00edcio\",\"item\":\"https:\/\/institucional.ufrrj.br\/eext\/\"},{\"@type\":\"ListItem\",\"position\":2,\"name\":\"RESID\u00caNCIA PROFISSIONAL EM AQUICULTURA \u2013 REAQUA\"}]},{\"@type\":\"WebSite\",\"@id\":\"https:\/\/institucional.ufrrj.br\/eext\/#website\",\"url\":\"https:\/\/institucional.ufrrj.br\/eext\/\",\"name\":\"Escola de Extens\u00e3o\",\"description\":\"S\u00f3 mais um site institucional.ufrrj.br\",\"potentialAction\":[{\"@type\":\"SearchAction\",\"target\":{\"@type\":\"EntryPoint\",\"urlTemplate\":\"https:\/\/institucional.ufrrj.br\/eext\/?s={search_term_string}\"},\"query-input\":{\"@type\":\"PropertyValueSpecification\",\"valueRequired\":true,\"valueName\":\"search_term_string\"}}],\"inLanguage\":\"pt-BR\"},{\"@type\":\"Person\",\"@id\":\"https:\/\/institucional.ufrrj.br\/eext\/#\/schema\/person\/3a348794d5616010543e89e965964d75\",\"name\":\"luciano\",\"image\":{\"@type\":\"ImageObject\",\"inLanguage\":\"pt-BR\",\"@id\":\"https:\/\/secure.gravatar.com\/avatar\/4d91bb9da74b689f9be56e08d37d67fc90a69164942e16656bd9fd7acd8fff23?s=96&d=mm&r=g\",\"url\":\"https:\/\/secure.gravatar.com\/avatar\/4d91bb9da74b689f9be56e08d37d67fc90a69164942e16656bd9fd7acd8fff23?s=96&d=mm&r=g\",\"contentUrl\":\"https:\/\/secure.gravatar.com\/avatar\/4d91bb9da74b689f9be56e08d37d67fc90a69164942e16656bd9fd7acd8fff23?s=96&d=mm&r=g\",\"caption\":\"luciano\"},\"url\":\"https:\/\/institucional.ufrrj.br\/eext\/author\/luk1\/\"}]}<\/script>\n<!-- \/ Yoast SEO plugin. -->","yoast_head_json":{"title":"RESID\u00caNCIA PROFISSIONAL EM AQUICULTURA \u2013 REAQUA - Escola de Extens\u00e3o","robots":{"index":"index","follow":"follow","max-snippet":"max-snippet:-1","max-image-preview":"max-image-preview:large","max-video-preview":"max-video-preview:-1"},"canonical":"https:\/\/institucional.ufrrj.br\/eext\/residencia-profissional-em-aquicultura-reaqua-2\/","og_locale":"pt_BR","og_type":"article","og_title":"RESID\u00caNCIA PROFISSIONAL EM AQUICULTURA \u2013 REAQUA - Escola de Extens\u00e3o","og_description":"O Minist\u00e9rio da Agricultura, Pecu\u00e1ria e Abastecimento (MAPA) instituiu o Programa AgroResid\u00eancia por meio da Portaria n\u00ba 193, publicado no ... leia mais","og_url":"https:\/\/institucional.ufrrj.br\/eext\/residencia-profissional-em-aquicultura-reaqua-2\/","og_site_name":"Escola de Extens\u00e3o","article_published_time":"2025-03-31T12:48:36+00:00","article_modified_time":"2025-03-31T12:48:37+00:00","og_image":[{"width":820,"height":410,"url":"https:\/\/institucional.ufrrj.br\/eext\/files\/2024\/07\/aquicultura2.jpg","type":"image\/jpeg"}],"author":"luciano","twitter_card":"summary_large_image","twitter_misc":{"Escrito por":"luciano","Est. tempo de leitura":"2 minutos"},"schema":{"@context":"https:\/\/schema.org","@graph":[{"@type":"Article","@id":"https:\/\/institucional.ufrrj.br\/eext\/residencia-profissional-em-aquicultura-reaqua-2\/#article","isPartOf":{"@id":"https:\/\/institucional.ufrrj.br\/eext\/residencia-profissional-em-aquicultura-reaqua-2\/"},"author":{"name":"luciano","@id":"https:\/\/institucional.ufrrj.br\/eext\/#\/schema\/person\/3a348794d5616010543e89e965964d75"},"headline":"RESID\u00caNCIA PROFISSIONAL EM AQUICULTURA \u2013 REAQUA","datePublished":"2025-03-31T12:48:36+00:00","dateModified":"2025-03-31T12:48:37+00:00","mainEntityOfPage":{"@id":"https:\/\/institucional.ufrrj.br\/eext\/residencia-profissional-em-aquicultura-reaqua-2\/"},"wordCount":369,"image":{"@id":"https:\/\/institucional.ufrrj.br\/eext\/residencia-profissional-em-aquicultura-reaqua-2\/#primaryimage"},"thumbnailUrl":"https:\/\/institucional.ufrrj.br\/eext\/files\/2024\/07\/aquicultura2.jpg","articleSection":["Lato Sensu"],"inLanguage":"pt-BR"},{"@type":"WebPage","@id":"https:\/\/institucional.ufrrj.br\/eext\/residencia-profissional-em-aquicultura-reaqua-2\/","url":"https:\/\/institucional.ufrrj.br\/eext\/residencia-profissional-em-aquicultura-reaqua-2\/","name":"RESID\u00caNCIA PROFISSIONAL EM AQUICULTURA \u2013 REAQUA - Escola de Extens\u00e3o","isPartOf":{"@id":"https:\/\/institucional.ufrrj.br\/eext\/#website"},"primaryImageOfPage":{"@id":"https:\/\/institucional.ufrrj.br\/eext\/residencia-profissional-em-aquicultura-reaqua-2\/#primaryimage"},"image":{"@id":"https:\/\/institucional.ufrrj.br\/eext\/residencia-profissional-em-aquicultura-reaqua-2\/#primaryimage"},"thumbnailUrl":"https:\/\/institucional.ufrrj.br\/eext\/files\/2024\/07\/aquicultura2.jpg","datePublished":"2025-03-31T12:48:36+00:00","dateModified":"2025-03-31T12:48:37+00:00","author":{"@id":"https:\/\/institucional.ufrrj.br\/eext\/#\/schema\/person\/3a348794d5616010543e89e965964d75"},"breadcrumb":{"@id":"https:\/\/institucional.ufrrj.br\/eext\/residencia-profissional-em-aquicultura-reaqua-2\/#breadcrumb"},"inLanguage":"pt-BR","potentialAction":[{"@type":"ReadAction","target":["https:\/\/institucional.ufrrj.br\/eext\/residencia-profissional-em-aquicultura-reaqua-2\/"]}]},{"@type":"ImageObject","inLanguage":"pt-BR","@id":"https:\/\/institucional.ufrrj.br\/eext\/residencia-profissional-em-aquicultura-reaqua-2\/#primaryimage","url":"https:\/\/institucional.ufrrj.br\/eext\/files\/2024\/07\/aquicultura2.jpg","contentUrl":"https:\/\/institucional.ufrrj.br\/eext\/files\/2024\/07\/aquicultura2.jpg","width":820,"height":410},{"@type":"BreadcrumbList","@id":"https:\/\/institucional.ufrrj.br\/eext\/residencia-profissional-em-aquicultura-reaqua-2\/#breadcrumb","itemListElement":[{"@type":"ListItem","position":1,"name":"In\u00edcio","item":"https:\/\/institucional.ufrrj.br\/eext\/"},{"@type":"ListItem","position":2,"name":"RESID\u00caNCIA PROFISSIONAL EM AQUICULTURA \u2013 REAQUA"}]},{"@type":"WebSite","@id":"https:\/\/institucional.ufrrj.br\/eext\/#website","url":"https:\/\/institucional.ufrrj.br\/eext\/","name":"Escola de Extens\u00e3o","description":"S\u00f3 mais um site institucional.ufrrj.br","potentialAction":[{"@type":"SearchAction","target":{"@type":"EntryPoint","urlTemplate":"https:\/\/institucional.ufrrj.br\/eext\/?s={search_term_string}"},"query-input":{"@type":"PropertyValueSpecification","valueRequired":true,"valueName":"search_term_string"}}],"inLanguage":"pt-BR"},{"@type":"Person","@id":"https:\/\/institucional.ufrrj.br\/eext\/#\/schema\/person\/3a348794d5616010543e89e965964d75","name":"luciano","image":{"@type":"ImageObject","inLanguage":"pt-BR","@id":"https:\/\/secure.gravatar.com\/avatar\/4d91bb9da74b689f9be56e08d37d67fc90a69164942e16656bd9fd7acd8fff23?s=96&d=mm&r=g","url":"https:\/\/secure.gravatar.com\/avatar\/4d91bb9da74b689f9be56e08d37d67fc90a69164942e16656bd9fd7acd8fff23?s=96&d=mm&r=g","contentUrl":"https:\/\/secure.gravatar.com\/avatar\/4d91bb9da74b689f9be56e08d37d67fc90a69164942e16656bd9fd7acd8fff23?s=96&d=mm&r=g","caption":"luciano"},"url":"https:\/\/institucional.ufrrj.br\/eext\/author\/luk1\/"}]}},"acf":[],"_links":{"self":[{"href":"https:\/\/institucional.ufrrj.br\/eext\/wp-json\/wp\/v2\/posts\/6095","targetHints":{"allow":["GET"]}}],"collection":[{"href":"https:\/\/institucional.ufrrj.br\/eext\/wp-json\/wp\/v2\/posts"}],"about":[{"href":"https:\/\/institucional.ufrrj.br\/eext\/wp-json\/wp\/v2\/types\/post"}],"author":[{"embeddable":true,"href":"https:\/\/institucional.ufrrj.br\/eext\/wp-json\/wp\/v2\/users\/707"}],"replies":[{"embeddable":true,"href":"https:\/\/institucional.ufrrj.br\/eext\/wp-json\/wp\/v2\/comments?post=6095"}],"version-history":[{"count":1,"href":"https:\/\/institucional.ufrrj.br\/eext\/wp-json\/wp\/v2\/posts\/6095\/revisions"}],"predecessor-version":[{"id":6096,"href":"https:\/\/institucional.ufrrj.br\/eext\/wp-json\/wp\/v2\/posts\/6095\/revisions\/6096"}],"wp:featuredmedia":[{"embeddable":true,"href":"https:\/\/institucional.ufrrj.br\/eext\/wp-json\/wp\/v2\/media\/5638"}],"wp:attachment":[{"href":"https:\/\/institucional.ufrrj.br\/eext\/wp-json\/wp\/v2\/media?parent=6095"}],"wp:term":[{"taxonomy":"category","embeddable":true,"href":"https:\/\/institucional.ufrrj.br\/eext\/wp-json\/wp\/v2\/categories?post=6095"},{"taxonomy":"post_tag","embeddable":true,"href":"https:\/\/institucional.ufrrj.br\/eext\/wp-json\/wp\/v2\/tags?post=6095"}],"curies":[{"name":"wp","href":"https:\/\/api.w.org\/{rel}","templated":true}]}}