{"id":5897,"date":"2025-01-30T11:29:01","date_gmt":"2025-01-30T14:29:01","guid":{"rendered":"https:\/\/institucional.ufrrj.br\/eext\/?p=5897"},"modified":"2025-03-12T09:21:52","modified_gmt":"2025-03-12T12:21:52","slug":"analise-de-dados-como-metodo-de-apoio-as-politicas-publicas","status":"publish","type":"post","link":"https:\/\/institucional.ufrrj.br\/eext\/analise-de-dados-como-metodo-de-apoio-as-politicas-publicas\/","title":{"rendered":"AN\u00c1LISE DE DADOS COMO M\u00c9TODO DE APOIO \u00c0S POL\u00cdTICAS P\u00daBLICAS"},"content":{"rendered":"\n<p class=\" eplus-wrapper\">Especializa\u00e7\u00e3o em An\u00e1lise de Dados como M\u00e9todo de Apoio \u00e0s Pol\u00edticas P\u00fablicas &#8211; UFRRJ<br>A Universidade Federal Rural do Rio de Janeiro (UFRRJ) lan\u00e7a o novo curso de p\u00f3s-gradua\u00e7\u00e3o lato sensu em An\u00e1lise de Dados como M\u00e9todo de Apoio \u00e0s Pol\u00edticas P\u00fablicas, na modalidade \u00e0 dist\u00e2ncia, voltado para capacita\u00e7\u00e3o de agentes p\u00fablicos das esferas municipal, estadual e federal. Caso haja vagas remanescentes, poder\u00e3o ser admitidos outros profissionais graduados, mesmo que n\u00e3o sejam vinculados ao servi\u00e7o p\u00fablico, desde que atendam aos crit\u00e9rios estabelecidos no edital de sele\u00e7\u00e3o.<\/p>\n\n\n\n<p class=\" eplus-wrapper\">Com dura\u00e7\u00e3o de 18 meses e uma carga hor\u00e1ria de 405 horas, o curso tem como objetivo qualificar profissionais na aplica\u00e7\u00e3o de t\u00e9cnicas de an\u00e1lise de dados para formula\u00e7\u00e3o, implementa\u00e7\u00e3o e avalia\u00e7\u00e3o de pol\u00edticas p\u00fablicas, promovendo uma gest\u00e3o mais eficiente e baseada em evid\u00eancias.<\/p>\n\n\n\n<p class=\" eplus-wrapper\">Os participantes desenvolver\u00e3o compet\u00eancias em estat\u00edstica aplicada, visualiza\u00e7\u00e3o de dados, modelagem estat\u00edstica, infer\u00eancia estat\u00edstica, an\u00e1lise multivariada e estat\u00edstica espacial, al\u00e9m de explorar ferramentas tecnol\u00f3gicas e metodologias para an\u00e1lise de dados no setor p\u00fablico.<\/p>\n\n\n\n<p class=\" eplus-wrapper\">A primeira oferta do curso ser\u00e1 para o 1\u00ba semestre de 2025, com 150 vagas distribu\u00eddas entre os polos de Tr\u00eas Rios, Rio das Flores, Petr\u00f3polis, Nova Friburgo e Cantagalo. A sele\u00e7\u00e3o ser\u00e1 realizada por meio de edital p\u00fablico conforme as diretrizes institucionais.<\/p>\n\n\n\n<p class=\" eplus-wrapper\">Este curso representa uma oportunidade \u00fanica para profissionais do setor p\u00fablico aprimorarem suas habilidades anal\u00edticas e contribu\u00edrem para a melhoria das pol\u00edticas p\u00fablicas no Brasil.<\/p>\n\n\n\n<p class=\" eplus-wrapper\"><a href=\"https:\/\/institucional.ufrrj.br\/eext\/files\/2025\/01\/Edital_Analise_de_Dados_2025.pdf\" target=\"_blank\" rel=\"noreferrer noopener\">Clique aqui para fazer download do Edital <\/a><\/p>\n\n\n\n<p class=\" eplus-wrapper\"><\/p>\n","protected":false},"excerpt":{"rendered":"<p>Especializa\u00e7\u00e3o em An\u00e1lise de Dados como M\u00e9todo de Apoio \u00e0s Pol\u00edticas P\u00fablicas &#8211; UFRRJA Universidade Federal Rural do Rio de <a class=\"read-more\" href=\"https:\/\/institucional.ufrrj.br\/eext\/analise-de-dados-como-metodo-de-apoio-as-politicas-publicas\/ \" >&#8230; <span class=\"font-italic\">leia mais <i class=\"fas fa-angle-right\"><\/i><\/span><\/a><\/p>\n","protected":false},"author":707,"featured_media":5899,"comment_status":"closed","ping_status":"open","sticky":false,"template":"","format":"standard","meta":{"_acf_changed":false,"footnotes":""},"categories":[107],"tags":[],"class_list":["post-5897","post","type-post","status-publish","format-standard","has-post-thumbnail","hentry","category-lato-sensu"],"yoast_head":"<!-- This site is optimized with the Yoast SEO plugin v27.2 - https:\/\/yoast.com\/product\/yoast-seo-wordpress\/ -->\n<title>AN\u00c1LISE DE DADOS COMO M\u00c9TODO DE APOIO \u00c0S POL\u00cdTICAS P\u00daBLICAS - Escola de Extens\u00e3o<\/title>\n<meta name=\"robots\" content=\"index, follow, max-snippet:-1, max-image-preview:large, max-video-preview:-1\" \/>\n<link rel=\"canonical\" href=\"https:\/\/institucional.ufrrj.br\/eext\/analise-de-dados-como-metodo-de-apoio-as-politicas-publicas\/\" \/>\n<meta property=\"og:locale\" content=\"pt_BR\" \/>\n<meta property=\"og:type\" content=\"article\" \/>\n<meta property=\"og:title\" content=\"AN\u00c1LISE DE DADOS COMO M\u00c9TODO DE APOIO \u00c0S POL\u00cdTICAS P\u00daBLICAS - Escola de Extens\u00e3o\" \/>\n<meta property=\"og:description\" content=\"Especializa\u00e7\u00e3o em An\u00e1lise de Dados como M\u00e9todo de Apoio \u00e0s Pol\u00edticas P\u00fablicas &#8211; UFRRJA Universidade Federal Rural do Rio de ... leia mais\" \/>\n<meta property=\"og:url\" content=\"https:\/\/institucional.ufrrj.br\/eext\/analise-de-dados-como-metodo-de-apoio-as-politicas-publicas\/\" \/>\n<meta property=\"og:site_name\" content=\"Escola de Extens\u00e3o\" \/>\n<meta property=\"article:published_time\" content=\"2025-01-30T14:29:01+00:00\" \/>\n<meta property=\"article:modified_time\" content=\"2025-03-12T12:21:52+00:00\" \/>\n<meta property=\"og:image\" content=\"https:\/\/institucional.ufrrj.br\/eext\/files\/2025\/01\/analise_dados_pos-graduacao.png\" \/>\n\t<meta property=\"og:image:width\" content=\"800\" \/>\n\t<meta property=\"og:image:height\" content=\"400\" \/>\n\t<meta property=\"og:image:type\" content=\"image\/png\" \/>\n<meta name=\"author\" content=\"luciano\" \/>\n<meta name=\"twitter:card\" content=\"summary_large_image\" \/>\n<meta name=\"twitter:label1\" content=\"Escrito por\" \/>\n\t<meta name=\"twitter:data1\" content=\"luciano\" \/>\n\t<meta name=\"twitter:label2\" content=\"Est. tempo de leitura\" \/>\n\t<meta name=\"twitter:data2\" content=\"1 minuto\" \/>\n<script type=\"application\/ld+json\" class=\"yoast-schema-graph\">{\"@context\":\"https:\/\/schema.org\",\"@graph\":[{\"@type\":\"Article\",\"@id\":\"https:\/\/institucional.ufrrj.br\/eext\/analise-de-dados-como-metodo-de-apoio-as-politicas-publicas\/#article\",\"isPartOf\":{\"@id\":\"https:\/\/institucional.ufrrj.br\/eext\/analise-de-dados-como-metodo-de-apoio-as-politicas-publicas\/\"},\"author\":{\"name\":\"luciano\",\"@id\":\"https:\/\/institucional.ufrrj.br\/eext\/#\/schema\/person\/3a348794d5616010543e89e965964d75\"},\"headline\":\"AN\u00c1LISE DE DADOS COMO M\u00c9TODO DE APOIO \u00c0S POL\u00cdTICAS P\u00daBLICAS\",\"datePublished\":\"2025-01-30T14:29:01+00:00\",\"dateModified\":\"2025-03-12T12:21:52+00:00\",\"mainEntityOfPage\":{\"@id\":\"https:\/\/institucional.ufrrj.br\/eext\/analise-de-dados-como-metodo-de-apoio-as-politicas-publicas\/\"},\"wordCount\":301,\"image\":{\"@id\":\"https:\/\/institucional.ufrrj.br\/eext\/analise-de-dados-como-metodo-de-apoio-as-politicas-publicas\/#primaryimage\"},\"thumbnailUrl\":\"https:\/\/institucional.ufrrj.br\/eext\/files\/2025\/01\/analise_dados_pos-graduacao.png\",\"articleSection\":[\"Lato Sensu\"],\"inLanguage\":\"pt-BR\"},{\"@type\":\"WebPage\",\"@id\":\"https:\/\/institucional.ufrrj.br\/eext\/analise-de-dados-como-metodo-de-apoio-as-politicas-publicas\/\",\"url\":\"https:\/\/institucional.ufrrj.br\/eext\/analise-de-dados-como-metodo-de-apoio-as-politicas-publicas\/\",\"name\":\"AN\u00c1LISE DE DADOS COMO M\u00c9TODO DE APOIO \u00c0S POL\u00cdTICAS P\u00daBLICAS - Escola de Extens\u00e3o\",\"isPartOf\":{\"@id\":\"https:\/\/institucional.ufrrj.br\/eext\/#website\"},\"primaryImageOfPage\":{\"@id\":\"https:\/\/institucional.ufrrj.br\/eext\/analise-de-dados-como-metodo-de-apoio-as-politicas-publicas\/#primaryimage\"},\"image\":{\"@id\":\"https:\/\/institucional.ufrrj.br\/eext\/analise-de-dados-como-metodo-de-apoio-as-politicas-publicas\/#primaryimage\"},\"thumbnailUrl\":\"https:\/\/institucional.ufrrj.br\/eext\/files\/2025\/01\/analise_dados_pos-graduacao.png\",\"datePublished\":\"2025-01-30T14:29:01+00:00\",\"dateModified\":\"2025-03-12T12:21:52+00:00\",\"author\":{\"@id\":\"https:\/\/institucional.ufrrj.br\/eext\/#\/schema\/person\/3a348794d5616010543e89e965964d75\"},\"breadcrumb\":{\"@id\":\"https:\/\/institucional.ufrrj.br\/eext\/analise-de-dados-como-metodo-de-apoio-as-politicas-publicas\/#breadcrumb\"},\"inLanguage\":\"pt-BR\",\"potentialAction\":[{\"@type\":\"ReadAction\",\"target\":[\"https:\/\/institucional.ufrrj.br\/eext\/analise-de-dados-como-metodo-de-apoio-as-politicas-publicas\/\"]}]},{\"@type\":\"ImageObject\",\"inLanguage\":\"pt-BR\",\"@id\":\"https:\/\/institucional.ufrrj.br\/eext\/analise-de-dados-como-metodo-de-apoio-as-politicas-publicas\/#primaryimage\",\"url\":\"https:\/\/institucional.ufrrj.br\/eext\/files\/2025\/01\/analise_dados_pos-graduacao.png\",\"contentUrl\":\"https:\/\/institucional.ufrrj.br\/eext\/files\/2025\/01\/analise_dados_pos-graduacao.png\",\"width\":800,\"height\":400},{\"@type\":\"BreadcrumbList\",\"@id\":\"https:\/\/institucional.ufrrj.br\/eext\/analise-de-dados-como-metodo-de-apoio-as-politicas-publicas\/#breadcrumb\",\"itemListElement\":[{\"@type\":\"ListItem\",\"position\":1,\"name\":\"In\u00edcio\",\"item\":\"https:\/\/institucional.ufrrj.br\/eext\/\"},{\"@type\":\"ListItem\",\"position\":2,\"name\":\"AN\u00c1LISE DE DADOS COMO M\u00c9TODO DE APOIO \u00c0S POL\u00cdTICAS P\u00daBLICAS\"}]},{\"@type\":\"WebSite\",\"@id\":\"https:\/\/institucional.ufrrj.br\/eext\/#website\",\"url\":\"https:\/\/institucional.ufrrj.br\/eext\/\",\"name\":\"Escola de Extens\u00e3o\",\"description\":\"S\u00f3 mais um site institucional.ufrrj.br\",\"potentialAction\":[{\"@type\":\"SearchAction\",\"target\":{\"@type\":\"EntryPoint\",\"urlTemplate\":\"https:\/\/institucional.ufrrj.br\/eext\/?s={search_term_string}\"},\"query-input\":{\"@type\":\"PropertyValueSpecification\",\"valueRequired\":true,\"valueName\":\"search_term_string\"}}],\"inLanguage\":\"pt-BR\"},{\"@type\":\"Person\",\"@id\":\"https:\/\/institucional.ufrrj.br\/eext\/#\/schema\/person\/3a348794d5616010543e89e965964d75\",\"name\":\"luciano\",\"image\":{\"@type\":\"ImageObject\",\"inLanguage\":\"pt-BR\",\"@id\":\"https:\/\/secure.gravatar.com\/avatar\/4d91bb9da74b689f9be56e08d37d67fc90a69164942e16656bd9fd7acd8fff23?s=96&d=mm&r=g\",\"url\":\"https:\/\/secure.gravatar.com\/avatar\/4d91bb9da74b689f9be56e08d37d67fc90a69164942e16656bd9fd7acd8fff23?s=96&d=mm&r=g\",\"contentUrl\":\"https:\/\/secure.gravatar.com\/avatar\/4d91bb9da74b689f9be56e08d37d67fc90a69164942e16656bd9fd7acd8fff23?s=96&d=mm&r=g\",\"caption\":\"luciano\"},\"url\":\"https:\/\/institucional.ufrrj.br\/eext\/author\/luk1\/\"}]}<\/script>\n<!-- \/ Yoast SEO plugin. -->","yoast_head_json":{"title":"AN\u00c1LISE DE DADOS COMO M\u00c9TODO DE APOIO \u00c0S POL\u00cdTICAS P\u00daBLICAS - Escola de Extens\u00e3o","robots":{"index":"index","follow":"follow","max-snippet":"max-snippet:-1","max-image-preview":"max-image-preview:large","max-video-preview":"max-video-preview:-1"},"canonical":"https:\/\/institucional.ufrrj.br\/eext\/analise-de-dados-como-metodo-de-apoio-as-politicas-publicas\/","og_locale":"pt_BR","og_type":"article","og_title":"AN\u00c1LISE DE DADOS COMO M\u00c9TODO DE APOIO \u00c0S POL\u00cdTICAS P\u00daBLICAS - Escola de Extens\u00e3o","og_description":"Especializa\u00e7\u00e3o em An\u00e1lise de Dados como M\u00e9todo de Apoio \u00e0s Pol\u00edticas P\u00fablicas &#8211; UFRRJA Universidade Federal Rural do Rio de ... leia mais","og_url":"https:\/\/institucional.ufrrj.br\/eext\/analise-de-dados-como-metodo-de-apoio-as-politicas-publicas\/","og_site_name":"Escola de Extens\u00e3o","article_published_time":"2025-01-30T14:29:01+00:00","article_modified_time":"2025-03-12T12:21:52+00:00","og_image":[{"width":800,"height":400,"url":"https:\/\/institucional.ufrrj.br\/eext\/files\/2025\/01\/analise_dados_pos-graduacao.png","type":"image\/png"}],"author":"luciano","twitter_card":"summary_large_image","twitter_misc":{"Escrito por":"luciano","Est. tempo de leitura":"1 minuto"},"schema":{"@context":"https:\/\/schema.org","@graph":[{"@type":"Article","@id":"https:\/\/institucional.ufrrj.br\/eext\/analise-de-dados-como-metodo-de-apoio-as-politicas-publicas\/#article","isPartOf":{"@id":"https:\/\/institucional.ufrrj.br\/eext\/analise-de-dados-como-metodo-de-apoio-as-politicas-publicas\/"},"author":{"name":"luciano","@id":"https:\/\/institucional.ufrrj.br\/eext\/#\/schema\/person\/3a348794d5616010543e89e965964d75"},"headline":"AN\u00c1LISE DE DADOS COMO M\u00c9TODO DE APOIO \u00c0S POL\u00cdTICAS P\u00daBLICAS","datePublished":"2025-01-30T14:29:01+00:00","dateModified":"2025-03-12T12:21:52+00:00","mainEntityOfPage":{"@id":"https:\/\/institucional.ufrrj.br\/eext\/analise-de-dados-como-metodo-de-apoio-as-politicas-publicas\/"},"wordCount":301,"image":{"@id":"https:\/\/institucional.ufrrj.br\/eext\/analise-de-dados-como-metodo-de-apoio-as-politicas-publicas\/#primaryimage"},"thumbnailUrl":"https:\/\/institucional.ufrrj.br\/eext\/files\/2025\/01\/analise_dados_pos-graduacao.png","articleSection":["Lato Sensu"],"inLanguage":"pt-BR"},{"@type":"WebPage","@id":"https:\/\/institucional.ufrrj.br\/eext\/analise-de-dados-como-metodo-de-apoio-as-politicas-publicas\/","url":"https:\/\/institucional.ufrrj.br\/eext\/analise-de-dados-como-metodo-de-apoio-as-politicas-publicas\/","name":"AN\u00c1LISE DE DADOS COMO M\u00c9TODO DE APOIO \u00c0S POL\u00cdTICAS P\u00daBLICAS - Escola de Extens\u00e3o","isPartOf":{"@id":"https:\/\/institucional.ufrrj.br\/eext\/#website"},"primaryImageOfPage":{"@id":"https:\/\/institucional.ufrrj.br\/eext\/analise-de-dados-como-metodo-de-apoio-as-politicas-publicas\/#primaryimage"},"image":{"@id":"https:\/\/institucional.ufrrj.br\/eext\/analise-de-dados-como-metodo-de-apoio-as-politicas-publicas\/#primaryimage"},"thumbnailUrl":"https:\/\/institucional.ufrrj.br\/eext\/files\/2025\/01\/analise_dados_pos-graduacao.png","datePublished":"2025-01-30T14:29:01+00:00","dateModified":"2025-03-12T12:21:52+00:00","author":{"@id":"https:\/\/institucional.ufrrj.br\/eext\/#\/schema\/person\/3a348794d5616010543e89e965964d75"},"breadcrumb":{"@id":"https:\/\/institucional.ufrrj.br\/eext\/analise-de-dados-como-metodo-de-apoio-as-politicas-publicas\/#breadcrumb"},"inLanguage":"pt-BR","potentialAction":[{"@type":"ReadAction","target":["https:\/\/institucional.ufrrj.br\/eext\/analise-de-dados-como-metodo-de-apoio-as-politicas-publicas\/"]}]},{"@type":"ImageObject","inLanguage":"pt-BR","@id":"https:\/\/institucional.ufrrj.br\/eext\/analise-de-dados-como-metodo-de-apoio-as-politicas-publicas\/#primaryimage","url":"https:\/\/institucional.ufrrj.br\/eext\/files\/2025\/01\/analise_dados_pos-graduacao.png","contentUrl":"https:\/\/institucional.ufrrj.br\/eext\/files\/2025\/01\/analise_dados_pos-graduacao.png","width":800,"height":400},{"@type":"BreadcrumbList","@id":"https:\/\/institucional.ufrrj.br\/eext\/analise-de-dados-como-metodo-de-apoio-as-politicas-publicas\/#breadcrumb","itemListElement":[{"@type":"ListItem","position":1,"name":"In\u00edcio","item":"https:\/\/institucional.ufrrj.br\/eext\/"},{"@type":"ListItem","position":2,"name":"AN\u00c1LISE DE DADOS COMO M\u00c9TODO DE APOIO \u00c0S POL\u00cdTICAS P\u00daBLICAS"}]},{"@type":"WebSite","@id":"https:\/\/institucional.ufrrj.br\/eext\/#website","url":"https:\/\/institucional.ufrrj.br\/eext\/","name":"Escola de Extens\u00e3o","description":"S\u00f3 mais um site institucional.ufrrj.br","potentialAction":[{"@type":"SearchAction","target":{"@type":"EntryPoint","urlTemplate":"https:\/\/institucional.ufrrj.br\/eext\/?s={search_term_string}"},"query-input":{"@type":"PropertyValueSpecification","valueRequired":true,"valueName":"search_term_string"}}],"inLanguage":"pt-BR"},{"@type":"Person","@id":"https:\/\/institucional.ufrrj.br\/eext\/#\/schema\/person\/3a348794d5616010543e89e965964d75","name":"luciano","image":{"@type":"ImageObject","inLanguage":"pt-BR","@id":"https:\/\/secure.gravatar.com\/avatar\/4d91bb9da74b689f9be56e08d37d67fc90a69164942e16656bd9fd7acd8fff23?s=96&d=mm&r=g","url":"https:\/\/secure.gravatar.com\/avatar\/4d91bb9da74b689f9be56e08d37d67fc90a69164942e16656bd9fd7acd8fff23?s=96&d=mm&r=g","contentUrl":"https:\/\/secure.gravatar.com\/avatar\/4d91bb9da74b689f9be56e08d37d67fc90a69164942e16656bd9fd7acd8fff23?s=96&d=mm&r=g","caption":"luciano"},"url":"https:\/\/institucional.ufrrj.br\/eext\/author\/luk1\/"}]}},"acf":[],"_links":{"self":[{"href":"https:\/\/institucional.ufrrj.br\/eext\/wp-json\/wp\/v2\/posts\/5897","targetHints":{"allow":["GET"]}}],"collection":[{"href":"https:\/\/institucional.ufrrj.br\/eext\/wp-json\/wp\/v2\/posts"}],"about":[{"href":"https:\/\/institucional.ufrrj.br\/eext\/wp-json\/wp\/v2\/types\/post"}],"author":[{"embeddable":true,"href":"https:\/\/institucional.ufrrj.br\/eext\/wp-json\/wp\/v2\/users\/707"}],"replies":[{"embeddable":true,"href":"https:\/\/institucional.ufrrj.br\/eext\/wp-json\/wp\/v2\/comments?post=5897"}],"version-history":[{"count":6,"href":"https:\/\/institucional.ufrrj.br\/eext\/wp-json\/wp\/v2\/posts\/5897\/revisions"}],"predecessor-version":[{"id":5931,"href":"https:\/\/institucional.ufrrj.br\/eext\/wp-json\/wp\/v2\/posts\/5897\/revisions\/5931"}],"wp:featuredmedia":[{"embeddable":true,"href":"https:\/\/institucional.ufrrj.br\/eext\/wp-json\/wp\/v2\/media\/5899"}],"wp:attachment":[{"href":"https:\/\/institucional.ufrrj.br\/eext\/wp-json\/wp\/v2\/media?parent=5897"}],"wp:term":[{"taxonomy":"category","embeddable":true,"href":"https:\/\/institucional.ufrrj.br\/eext\/wp-json\/wp\/v2\/categories?post=5897"},{"taxonomy":"post_tag","embeddable":true,"href":"https:\/\/institucional.ufrrj.br\/eext\/wp-json\/wp\/v2\/tags?post=5897"}],"curies":[{"name":"wp","href":"https:\/\/api.w.org\/{rel}","templated":true}]}}