{"id":5446,"date":"2023-09-22T19:57:35","date_gmt":"2023-09-22T22:57:35","guid":{"rendered":"https:\/\/institucional.ufrrj.br\/eext\/?p=5446"},"modified":"2025-03-12T14:35:18","modified_gmt":"2025-03-12T17:35:18","slug":"introducao-ao-pensamento-de-hans-jonas","status":"publish","type":"post","link":"https:\/\/institucional.ufrrj.br\/eext\/introducao-ao-pensamento-de-hans-jonas\/","title":{"rendered":"Introdu\u00e7\u00e3o ao pensamento de Hans Jonas"},"content":{"rendered":"\n<p class=\" eplus-wrapper\">O curso tem o intuito de apresentar uma introdu\u00e7\u00e3o ao pensamento de Hans Jonas (1903-1993), fil\u00f3sofo judeu alem\u00e3o que lutou nos campos de batalha da segunda guerra mundial, onde come\u00e7ou a esbo\u00e7ar as primeiras reflex\u00f5es sobre a sua teoria do fen\u00f4meno da vida. Essa teoria serviu como base ontol\u00f3gica para a elabora\u00e7\u00e3o de sua obra mais famosa, O Princ\u00edpio Responsabilidade, uma \u00e9tica ecol\u00f3gica preocupada com a manuten\u00e7\u00e3o das condi\u00e7\u00f5es de exist\u00eancia da humanidade futura.<\/p>\n\n\n\n<p class=\" eplus-wrapper\">O curso ser\u00e1 ministrado em formato virtual com um encontro semanal, sempre \u00e0s quartas-feiras das 14h \u00e0s 17h, na plataforma <em>Google Meet<\/em>.<\/p>\n\n\n\n<p class=\" eplus-wrapper\">Est\u00e3o previstos sete encontros conduzidos pela professora respons\u00e1vel pelo curso. A carga hor\u00e1ria total ser\u00e1 de 21 h.<\/p>\n\n\n\n<p class=\" eplus-wrapper\">De acordo com Jonas, tanto a cren\u00e7a antiga que supunha que todas as formas de vida possu\u00edam de certa maneira \u201cesp\u00edrito\u201d, quanto a cren\u00e7a moderna em que o \u201cesp\u00edrito\u201d, mesmo na sua manifesta\u00e7\u00e3o mais requintada permaneceria parte do org\u00e2nico, s\u00e3o insepar\u00e1veis na sua validade. Partindo desta premissa, o autor desenvolve a sua teoria do fen\u00f4meno da vida, segundo a qual todas as formas de vida possuem em si um princ\u00edpio de liberdade, que em seu n\u00edvel prim\u00e1rio estaria manifesto no metabolismo dos seres vivos simples e ascenderia ao seu grau m\u00e1ximo no ser humano.<\/p>\n\n\n\n<p class=\" eplus-wrapper\">Estas reflex\u00f5es serviram como base ontol\u00f3gica para a elabora\u00e7\u00e3o do imperativo \u00e9tico do autor: \u201cAja de modo que os efeitos da tua a\u00e7\u00e3o sejam compat\u00edveis com a perman\u00eancia de uma aut\u00eantica vida humana na Terra\u201d (JONAS, 2006, p.47). Tal imperativo demonstra a preocupa\u00e7\u00e3o do fil\u00f3sofo com a modifica\u00e7\u00e3o da natureza do agir humano, pois, em nenhum momento da hist\u00f3ria a humanidade pensou que sua perman\u00eancia na Terra poderia ter fim pelas suas pr\u00f3prias m\u00e3os. Hoje, este tema se tornou uma possibilidade real do futuro humano devido \u00e0 conjuga\u00e7\u00e3o do desenvolvimento de tecnologia de destrui\u00e7\u00e3o em massa, de t\u00e9cnicas de prolongamento e melhoramento gen\u00e9tico da vida humana e acelera\u00e7\u00e3o da degrada\u00e7\u00e3o ambiental do planeta.<\/p>\n\n\n\n<p class=\" eplus-wrapper\"><strong>Informa\u00e7\u00f5es gerais<\/strong><\/p>\n\n\n\n<p class=\" eplus-wrapper\">Os textos que ser\u00e3o discutidos em aula estar\u00e3o dispon\u00edveis na pasta do curso no Google Drive. Ap\u00f3s o t\u00e9rmino das inscri\u00e7\u00f5es, ser\u00e1 enviado um e-mail para as pessoas participantes com os links da sala e da pasta Google Drive.<\/p>\n\n\n\n<p class=\" eplus-wrapper\"><strong>Din\u00e2mica do curso<\/strong><\/p>\n\n\n\n<p class=\" eplus-wrapper\">As aulas consistem em apresenta\u00e7\u00e3o e discuss\u00e3o dos principais temas que comp\u00f5em o pensamento de Hans Jonas.<\/p>\n\n\n\n<p class=\" eplus-wrapper\">A exposi\u00e7\u00e3o do tema pela professora respons\u00e1vel ter\u00e1 dura\u00e7\u00e3o de 40 minutos. Ap\u00f3s, os alunos ser\u00e3o convidados a participar por meio de perguntas e coment\u00e1rios.<\/p>\n\n\n\n<div style=\"height:20px\" aria-hidden=\"true\" class=\" wp-block-spacer eplus-wrapper\"><\/div>\n\n\n\n<p class=\" eplus-wrapper\">P\u00daBLICO ALVO <\/p>\n\n\n\n<p class=\" eplus-wrapper\"><strong>P\u00fablico Alvo Interno:<\/strong> Alunos de gradua\u00e7\u00e3o e de p\u00f3s-gradua\u00e7\u00e3o em Filosofia da UFRRJ;&nbsp;<br><strong>P\u00fablico Alvo Externo:<\/strong> Alunos de gradua\u00e7\u00e3o e de p\u00f3s-gradua\u00e7\u00e3o de outras universidades e comunidade interessada nas discuss\u00f5es \u00e9ticas e filos\u00f3ficas sobre a quest\u00e3o ambiental.<\/p>\n","protected":false},"excerpt":{"rendered":"<p>O curso tem o intuito de apresentar uma introdu\u00e7\u00e3o ao pensamento de Hans Jonas (1903-1993), fil\u00f3sofo judeu alem\u00e3o que lutou <a class=\"read-more\" href=\"https:\/\/institucional.ufrrj.br\/eext\/introducao-ao-pensamento-de-hans-jonas\/ \" >&#8230; <span class=\"font-italic\">leia mais <i class=\"fas fa-angle-right\"><\/i><\/span><\/a><\/p>\n","protected":false},"author":771,"featured_media":5447,"comment_status":"closed","ping_status":"open","sticky":false,"template":"","format":"standard","meta":{"_acf_changed":false,"footnotes":""},"categories":[30],"tags":[202,203],"class_list":["post-5446","post","type-post","status-publish","format-standard","has-post-thumbnail","hentry","category-cursos","tag-hans-jonas","tag-pensamento"],"yoast_head":"<!-- This site is optimized with the Yoast SEO plugin v27.2 - https:\/\/yoast.com\/product\/yoast-seo-wordpress\/ -->\n<title>Introdu\u00e7\u00e3o ao pensamento de Hans Jonas - Escola de Extens\u00e3o<\/title>\n<meta name=\"robots\" content=\"index, follow, max-snippet:-1, max-image-preview:large, max-video-preview:-1\" \/>\n<link rel=\"canonical\" href=\"https:\/\/institucional.ufrrj.br\/eext\/introducao-ao-pensamento-de-hans-jonas\/\" \/>\n<meta property=\"og:locale\" content=\"pt_BR\" \/>\n<meta property=\"og:type\" content=\"article\" \/>\n<meta property=\"og:title\" content=\"Introdu\u00e7\u00e3o ao pensamento de Hans Jonas - Escola de Extens\u00e3o\" \/>\n<meta property=\"og:description\" content=\"O curso tem o intuito de apresentar uma introdu\u00e7\u00e3o ao pensamento de Hans Jonas (1903-1993), fil\u00f3sofo judeu alem\u00e3o que lutou ... leia mais\" \/>\n<meta property=\"og:url\" content=\"https:\/\/institucional.ufrrj.br\/eext\/introducao-ao-pensamento-de-hans-jonas\/\" \/>\n<meta property=\"og:site_name\" content=\"Escola de Extens\u00e3o\" \/>\n<meta property=\"article:published_time\" content=\"2023-09-22T22:57:35+00:00\" \/>\n<meta property=\"article:modified_time\" content=\"2025-03-12T17:35:18+00:00\" \/>\n<meta property=\"og:image\" content=\"https:\/\/institucional.ufrrj.br\/eext\/files\/2023\/09\/Curso-47_pensamento_hans_jonas.jpg\" \/>\n\t<meta property=\"og:image:width\" content=\"800\" \/>\n\t<meta property=\"og:image:height\" content=\"400\" \/>\n\t<meta property=\"og:image:type\" content=\"image\/jpeg\" \/>\n<meta name=\"author\" content=\"samuel\" \/>\n<meta name=\"twitter:card\" content=\"summary_large_image\" \/>\n<meta name=\"twitter:label1\" content=\"Escrito por\" \/>\n\t<meta name=\"twitter:data1\" content=\"samuel\" \/>\n\t<meta name=\"twitter:label2\" content=\"Est. tempo de leitura\" \/>\n\t<meta name=\"twitter:data2\" content=\"3 minutos\" \/>\n<script type=\"application\/ld+json\" class=\"yoast-schema-graph\">{\"@context\":\"https:\/\/schema.org\",\"@graph\":[{\"@type\":\"Article\",\"@id\":\"https:\/\/institucional.ufrrj.br\/eext\/introducao-ao-pensamento-de-hans-jonas\/#article\",\"isPartOf\":{\"@id\":\"https:\/\/institucional.ufrrj.br\/eext\/introducao-ao-pensamento-de-hans-jonas\/\"},\"author\":{\"name\":\"samuel\",\"@id\":\"https:\/\/institucional.ufrrj.br\/eext\/#\/schema\/person\/b0ff7cc971f6dd61c229ba99326b8e56\"},\"headline\":\"Introdu\u00e7\u00e3o ao pensamento de Hans Jonas\",\"datePublished\":\"2023-09-22T22:57:35+00:00\",\"dateModified\":\"2025-03-12T17:35:18+00:00\",\"mainEntityOfPage\":{\"@id\":\"https:\/\/institucional.ufrrj.br\/eext\/introducao-ao-pensamento-de-hans-jonas\/\"},\"wordCount\":530,\"image\":{\"@id\":\"https:\/\/institucional.ufrrj.br\/eext\/introducao-ao-pensamento-de-hans-jonas\/#primaryimage\"},\"thumbnailUrl\":\"https:\/\/institucional.ufrrj.br\/eext\/files\/2023\/09\/Curso-47_pensamento_hans_jonas.jpg\",\"keywords\":[\"Hans Jonas\",\"pensamento\"],\"articleSection\":[\"Cursos\"],\"inLanguage\":\"pt-BR\"},{\"@type\":\"WebPage\",\"@id\":\"https:\/\/institucional.ufrrj.br\/eext\/introducao-ao-pensamento-de-hans-jonas\/\",\"url\":\"https:\/\/institucional.ufrrj.br\/eext\/introducao-ao-pensamento-de-hans-jonas\/\",\"name\":\"Introdu\u00e7\u00e3o ao pensamento de Hans Jonas - Escola de Extens\u00e3o\",\"isPartOf\":{\"@id\":\"https:\/\/institucional.ufrrj.br\/eext\/#website\"},\"primaryImageOfPage\":{\"@id\":\"https:\/\/institucional.ufrrj.br\/eext\/introducao-ao-pensamento-de-hans-jonas\/#primaryimage\"},\"image\":{\"@id\":\"https:\/\/institucional.ufrrj.br\/eext\/introducao-ao-pensamento-de-hans-jonas\/#primaryimage\"},\"thumbnailUrl\":\"https:\/\/institucional.ufrrj.br\/eext\/files\/2023\/09\/Curso-47_pensamento_hans_jonas.jpg\",\"datePublished\":\"2023-09-22T22:57:35+00:00\",\"dateModified\":\"2025-03-12T17:35:18+00:00\",\"author\":{\"@id\":\"https:\/\/institucional.ufrrj.br\/eext\/#\/schema\/person\/b0ff7cc971f6dd61c229ba99326b8e56\"},\"breadcrumb\":{\"@id\":\"https:\/\/institucional.ufrrj.br\/eext\/introducao-ao-pensamento-de-hans-jonas\/#breadcrumb\"},\"inLanguage\":\"pt-BR\",\"potentialAction\":[{\"@type\":\"ReadAction\",\"target\":[\"https:\/\/institucional.ufrrj.br\/eext\/introducao-ao-pensamento-de-hans-jonas\/\"]}]},{\"@type\":\"ImageObject\",\"inLanguage\":\"pt-BR\",\"@id\":\"https:\/\/institucional.ufrrj.br\/eext\/introducao-ao-pensamento-de-hans-jonas\/#primaryimage\",\"url\":\"https:\/\/institucional.ufrrj.br\/eext\/files\/2023\/09\/Curso-47_pensamento_hans_jonas.jpg\",\"contentUrl\":\"https:\/\/institucional.ufrrj.br\/eext\/files\/2023\/09\/Curso-47_pensamento_hans_jonas.jpg\",\"width\":800,\"height\":400},{\"@type\":\"BreadcrumbList\",\"@id\":\"https:\/\/institucional.ufrrj.br\/eext\/introducao-ao-pensamento-de-hans-jonas\/#breadcrumb\",\"itemListElement\":[{\"@type\":\"ListItem\",\"position\":1,\"name\":\"In\u00edcio\",\"item\":\"https:\/\/institucional.ufrrj.br\/eext\/\"},{\"@type\":\"ListItem\",\"position\":2,\"name\":\"Introdu\u00e7\u00e3o ao pensamento de Hans Jonas\"}]},{\"@type\":\"WebSite\",\"@id\":\"https:\/\/institucional.ufrrj.br\/eext\/#website\",\"url\":\"https:\/\/institucional.ufrrj.br\/eext\/\",\"name\":\"Escola de Extens\u00e3o\",\"description\":\"S\u00f3 mais um site institucional.ufrrj.br\",\"potentialAction\":[{\"@type\":\"SearchAction\",\"target\":{\"@type\":\"EntryPoint\",\"urlTemplate\":\"https:\/\/institucional.ufrrj.br\/eext\/?s={search_term_string}\"},\"query-input\":{\"@type\":\"PropertyValueSpecification\",\"valueRequired\":true,\"valueName\":\"search_term_string\"}}],\"inLanguage\":\"pt-BR\"},{\"@type\":\"Person\",\"@id\":\"https:\/\/institucional.ufrrj.br\/eext\/#\/schema\/person\/b0ff7cc971f6dd61c229ba99326b8e56\",\"name\":\"samuel\",\"image\":{\"@type\":\"ImageObject\",\"inLanguage\":\"pt-BR\",\"@id\":\"https:\/\/secure.gravatar.com\/avatar\/45292905c98502dd948235abfc4b027dd03b7e75dd4865beb03a55858545b540?s=96&d=mm&r=g\",\"url\":\"https:\/\/secure.gravatar.com\/avatar\/45292905c98502dd948235abfc4b027dd03b7e75dd4865beb03a55858545b540?s=96&d=mm&r=g\",\"contentUrl\":\"https:\/\/secure.gravatar.com\/avatar\/45292905c98502dd948235abfc4b027dd03b7e75dd4865beb03a55858545b540?s=96&d=mm&r=g\",\"caption\":\"samuel\"},\"description\":\"GLPI 37067\",\"url\":\"https:\/\/institucional.ufrrj.br\/eext\/author\/samuel1\/\"}]}<\/script>\n<!-- \/ Yoast SEO plugin. -->","yoast_head_json":{"title":"Introdu\u00e7\u00e3o ao pensamento de Hans Jonas - Escola de Extens\u00e3o","robots":{"index":"index","follow":"follow","max-snippet":"max-snippet:-1","max-image-preview":"max-image-preview:large","max-video-preview":"max-video-preview:-1"},"canonical":"https:\/\/institucional.ufrrj.br\/eext\/introducao-ao-pensamento-de-hans-jonas\/","og_locale":"pt_BR","og_type":"article","og_title":"Introdu\u00e7\u00e3o ao pensamento de Hans Jonas - Escola de Extens\u00e3o","og_description":"O curso tem o intuito de apresentar uma introdu\u00e7\u00e3o ao pensamento de Hans Jonas (1903-1993), fil\u00f3sofo judeu alem\u00e3o que lutou ... leia mais","og_url":"https:\/\/institucional.ufrrj.br\/eext\/introducao-ao-pensamento-de-hans-jonas\/","og_site_name":"Escola de Extens\u00e3o","article_published_time":"2023-09-22T22:57:35+00:00","article_modified_time":"2025-03-12T17:35:18+00:00","og_image":[{"width":800,"height":400,"url":"https:\/\/institucional.ufrrj.br\/eext\/files\/2023\/09\/Curso-47_pensamento_hans_jonas.jpg","type":"image\/jpeg"}],"author":"samuel","twitter_card":"summary_large_image","twitter_misc":{"Escrito por":"samuel","Est. tempo de leitura":"3 minutos"},"schema":{"@context":"https:\/\/schema.org","@graph":[{"@type":"Article","@id":"https:\/\/institucional.ufrrj.br\/eext\/introducao-ao-pensamento-de-hans-jonas\/#article","isPartOf":{"@id":"https:\/\/institucional.ufrrj.br\/eext\/introducao-ao-pensamento-de-hans-jonas\/"},"author":{"name":"samuel","@id":"https:\/\/institucional.ufrrj.br\/eext\/#\/schema\/person\/b0ff7cc971f6dd61c229ba99326b8e56"},"headline":"Introdu\u00e7\u00e3o ao pensamento de Hans Jonas","datePublished":"2023-09-22T22:57:35+00:00","dateModified":"2025-03-12T17:35:18+00:00","mainEntityOfPage":{"@id":"https:\/\/institucional.ufrrj.br\/eext\/introducao-ao-pensamento-de-hans-jonas\/"},"wordCount":530,"image":{"@id":"https:\/\/institucional.ufrrj.br\/eext\/introducao-ao-pensamento-de-hans-jonas\/#primaryimage"},"thumbnailUrl":"https:\/\/institucional.ufrrj.br\/eext\/files\/2023\/09\/Curso-47_pensamento_hans_jonas.jpg","keywords":["Hans Jonas","pensamento"],"articleSection":["Cursos"],"inLanguage":"pt-BR"},{"@type":"WebPage","@id":"https:\/\/institucional.ufrrj.br\/eext\/introducao-ao-pensamento-de-hans-jonas\/","url":"https:\/\/institucional.ufrrj.br\/eext\/introducao-ao-pensamento-de-hans-jonas\/","name":"Introdu\u00e7\u00e3o ao pensamento de Hans Jonas - Escola de Extens\u00e3o","isPartOf":{"@id":"https:\/\/institucional.ufrrj.br\/eext\/#website"},"primaryImageOfPage":{"@id":"https:\/\/institucional.ufrrj.br\/eext\/introducao-ao-pensamento-de-hans-jonas\/#primaryimage"},"image":{"@id":"https:\/\/institucional.ufrrj.br\/eext\/introducao-ao-pensamento-de-hans-jonas\/#primaryimage"},"thumbnailUrl":"https:\/\/institucional.ufrrj.br\/eext\/files\/2023\/09\/Curso-47_pensamento_hans_jonas.jpg","datePublished":"2023-09-22T22:57:35+00:00","dateModified":"2025-03-12T17:35:18+00:00","author":{"@id":"https:\/\/institucional.ufrrj.br\/eext\/#\/schema\/person\/b0ff7cc971f6dd61c229ba99326b8e56"},"breadcrumb":{"@id":"https:\/\/institucional.ufrrj.br\/eext\/introducao-ao-pensamento-de-hans-jonas\/#breadcrumb"},"inLanguage":"pt-BR","potentialAction":[{"@type":"ReadAction","target":["https:\/\/institucional.ufrrj.br\/eext\/introducao-ao-pensamento-de-hans-jonas\/"]}]},{"@type":"ImageObject","inLanguage":"pt-BR","@id":"https:\/\/institucional.ufrrj.br\/eext\/introducao-ao-pensamento-de-hans-jonas\/#primaryimage","url":"https:\/\/institucional.ufrrj.br\/eext\/files\/2023\/09\/Curso-47_pensamento_hans_jonas.jpg","contentUrl":"https:\/\/institucional.ufrrj.br\/eext\/files\/2023\/09\/Curso-47_pensamento_hans_jonas.jpg","width":800,"height":400},{"@type":"BreadcrumbList","@id":"https:\/\/institucional.ufrrj.br\/eext\/introducao-ao-pensamento-de-hans-jonas\/#breadcrumb","itemListElement":[{"@type":"ListItem","position":1,"name":"In\u00edcio","item":"https:\/\/institucional.ufrrj.br\/eext\/"},{"@type":"ListItem","position":2,"name":"Introdu\u00e7\u00e3o ao pensamento de Hans Jonas"}]},{"@type":"WebSite","@id":"https:\/\/institucional.ufrrj.br\/eext\/#website","url":"https:\/\/institucional.ufrrj.br\/eext\/","name":"Escola de Extens\u00e3o","description":"S\u00f3 mais um site institucional.ufrrj.br","potentialAction":[{"@type":"SearchAction","target":{"@type":"EntryPoint","urlTemplate":"https:\/\/institucional.ufrrj.br\/eext\/?s={search_term_string}"},"query-input":{"@type":"PropertyValueSpecification","valueRequired":true,"valueName":"search_term_string"}}],"inLanguage":"pt-BR"},{"@type":"Person","@id":"https:\/\/institucional.ufrrj.br\/eext\/#\/schema\/person\/b0ff7cc971f6dd61c229ba99326b8e56","name":"samuel","image":{"@type":"ImageObject","inLanguage":"pt-BR","@id":"https:\/\/secure.gravatar.com\/avatar\/45292905c98502dd948235abfc4b027dd03b7e75dd4865beb03a55858545b540?s=96&d=mm&r=g","url":"https:\/\/secure.gravatar.com\/avatar\/45292905c98502dd948235abfc4b027dd03b7e75dd4865beb03a55858545b540?s=96&d=mm&r=g","contentUrl":"https:\/\/secure.gravatar.com\/avatar\/45292905c98502dd948235abfc4b027dd03b7e75dd4865beb03a55858545b540?s=96&d=mm&r=g","caption":"samuel"},"description":"GLPI 37067","url":"https:\/\/institucional.ufrrj.br\/eext\/author\/samuel1\/"}]}},"acf":[],"_links":{"self":[{"href":"https:\/\/institucional.ufrrj.br\/eext\/wp-json\/wp\/v2\/posts\/5446","targetHints":{"allow":["GET"]}}],"collection":[{"href":"https:\/\/institucional.ufrrj.br\/eext\/wp-json\/wp\/v2\/posts"}],"about":[{"href":"https:\/\/institucional.ufrrj.br\/eext\/wp-json\/wp\/v2\/types\/post"}],"author":[{"embeddable":true,"href":"https:\/\/institucional.ufrrj.br\/eext\/wp-json\/wp\/v2\/users\/771"}],"replies":[{"embeddable":true,"href":"https:\/\/institucional.ufrrj.br\/eext\/wp-json\/wp\/v2\/comments?post=5446"}],"version-history":[{"count":5,"href":"https:\/\/institucional.ufrrj.br\/eext\/wp-json\/wp\/v2\/posts\/5446\/revisions"}],"predecessor-version":[{"id":5990,"href":"https:\/\/institucional.ufrrj.br\/eext\/wp-json\/wp\/v2\/posts\/5446\/revisions\/5990"}],"wp:featuredmedia":[{"embeddable":true,"href":"https:\/\/institucional.ufrrj.br\/eext\/wp-json\/wp\/v2\/media\/5447"}],"wp:attachment":[{"href":"https:\/\/institucional.ufrrj.br\/eext\/wp-json\/wp\/v2\/media?parent=5446"}],"wp:term":[{"taxonomy":"category","embeddable":true,"href":"https:\/\/institucional.ufrrj.br\/eext\/wp-json\/wp\/v2\/categories?post=5446"},{"taxonomy":"post_tag","embeddable":true,"href":"https:\/\/institucional.ufrrj.br\/eext\/wp-json\/wp\/v2\/tags?post=5446"}],"curies":[{"name":"wp","href":"https:\/\/api.w.org\/{rel}","templated":true}]}}