{"id":4957,"date":"2023-03-21T09:14:34","date_gmt":"2023-03-21T12:14:34","guid":{"rendered":"https:\/\/institucional.ufrrj.br\/eext\/?p=4957"},"modified":"2025-03-12T14:51:35","modified_gmt":"2025-03-12T17:51:35","slug":"conjuntura-economica-e-mercado-financeiro","status":"publish","type":"post","link":"https:\/\/institucional.ufrrj.br\/eext\/conjuntura-economica-e-mercado-financeiro\/","title":{"rendered":"Conjuntura Econ\u00f4mica e Mercado Financeiro"},"content":{"rendered":"\n<p class=\" eplus-wrapper\"><\/p>\n\n\n\n<figure class=\"is-style-default wp-block-image size-full eplus-wrapper\"><img loading=\"lazy\" decoding=\"async\" width=\"800\" height=\"400\" src=\"https:\/\/institucional.ufrrj.br\/eext\/files\/2023\/03\/Curso-05-2023_conj_economica_e_mercado_financeiro-01.png\" alt=\"\" class=\"wp-image-4958\" srcset=\"https:\/\/institucional.ufrrj.br\/eext\/files\/2023\/03\/Curso-05-2023_conj_economica_e_mercado_financeiro-01.png 800w, https:\/\/institucional.ufrrj.br\/eext\/files\/2023\/03\/Curso-05-2023_conj_economica_e_mercado_financeiro-01-300x150.png 300w, https:\/\/institucional.ufrrj.br\/eext\/files\/2023\/03\/Curso-05-2023_conj_economica_e_mercado_financeiro-01-768x384.png 768w\" sizes=\"auto, (max-width: 800px) 100vw, 800px\" \/><\/figure>\n\n\n\n<p class=\" eplus-wrapper\">Recursos tecnol\u00f3gicos t\u00eam fornecido ao p\u00fablico geral volume significativo de informa\u00e7\u00f5es sobre investimentos a baixo custo. No entanto, filtrar quais informa\u00e7\u00f5es s\u00e3o realmente necess\u00e1rias torna-se tarefa onerosa, mesmo p\/aqueles que possuem conhecimento b\u00e1sico em economia e finan\u00e7as.<br>O Curso de Extens\u00e3o em CONJUNTURA ECON\u00d4MICA E MERCADO FINANCEIRO visa fornecer aos alunos, em especial, mas n\u00e3o excludente, de Ci\u00eancias Econ\u00f4micas e Administra\u00e7\u00e3o ferramentas Suplementares em compara\u00e7\u00e3o ao curso regular, aliando a An\u00e1lise Macroecon\u00f4mica e Finan\u00e7as.<\/p>\n\n\n\n<p class=\" eplus-wrapper\">P\u00daBLICO ALVO<\/p>\n\n\n\n<p class=\" eplus-wrapper\"><strong>Interno:<\/strong> Discente do Curso de Economia<br><strong>Externo<\/strong>: Discente do Curso de Administra\u00e7\u00e3o e Institui\u00e7\u00f5es Externas<\/p>\n","protected":false},"excerpt":{"rendered":"<p>Recursos tecnol\u00f3gicos t\u00eam fornecido ao p\u00fablico geral volume significativo de informa\u00e7\u00f5es sobre investimentos a baixo custo. No entanto, filtrar quais <a class=\"read-more\" href=\"https:\/\/institucional.ufrrj.br\/eext\/conjuntura-economica-e-mercado-financeiro\/ \" >&#8230; <span class=\"font-italic\">leia mais <i class=\"fas fa-angle-right\"><\/i><\/span><\/a><\/p>\n","protected":false},"author":771,"featured_media":4958,"comment_status":"closed","ping_status":"open","sticky":false,"template":"","format":"standard","meta":{"_acf_changed":false,"footnotes":""},"categories":[30],"tags":[173,174],"class_list":["post-4957","post","type-post","status-publish","format-standard","has-post-thumbnail","hentry","category-cursos","tag-conjuntura-economica","tag-mercado-financeiro"],"yoast_head":"<!-- This site is optimized with the Yoast SEO plugin v27.2 - https:\/\/yoast.com\/product\/yoast-seo-wordpress\/ -->\n<title>Conjuntura Econ\u00f4mica e Mercado Financeiro - Escola de Extens\u00e3o<\/title>\n<meta name=\"robots\" content=\"index, follow, max-snippet:-1, max-image-preview:large, max-video-preview:-1\" \/>\n<link rel=\"canonical\" href=\"https:\/\/institucional.ufrrj.br\/eext\/conjuntura-economica-e-mercado-financeiro\/\" \/>\n<meta property=\"og:locale\" content=\"pt_BR\" \/>\n<meta property=\"og:type\" content=\"article\" \/>\n<meta property=\"og:title\" content=\"Conjuntura Econ\u00f4mica e Mercado Financeiro - Escola de Extens\u00e3o\" \/>\n<meta property=\"og:description\" content=\"Recursos tecnol\u00f3gicos t\u00eam fornecido ao p\u00fablico geral volume significativo de informa\u00e7\u00f5es sobre investimentos a baixo custo. No entanto, filtrar quais ... leia mais\" \/>\n<meta property=\"og:url\" content=\"https:\/\/institucional.ufrrj.br\/eext\/conjuntura-economica-e-mercado-financeiro\/\" \/>\n<meta property=\"og:site_name\" content=\"Escola de Extens\u00e3o\" \/>\n<meta property=\"article:published_time\" content=\"2023-03-21T12:14:34+00:00\" \/>\n<meta property=\"article:modified_time\" content=\"2025-03-12T17:51:35+00:00\" \/>\n<meta property=\"og:image\" content=\"https:\/\/institucional.ufrrj.br\/eext\/files\/2023\/03\/Curso-05-2023_conj_economica_e_mercado_financeiro-01.png\" \/>\n\t<meta property=\"og:image:width\" content=\"800\" \/>\n\t<meta property=\"og:image:height\" content=\"400\" \/>\n\t<meta property=\"og:image:type\" content=\"image\/png\" \/>\n<meta name=\"author\" content=\"samuel\" \/>\n<meta name=\"twitter:card\" content=\"summary_large_image\" \/>\n<meta name=\"twitter:label1\" content=\"Escrito por\" \/>\n\t<meta name=\"twitter:data1\" content=\"samuel\" \/>\n\t<meta name=\"twitter:label2\" content=\"Est. tempo de leitura\" \/>\n\t<meta name=\"twitter:data2\" content=\"1 minuto\" \/>\n<script type=\"application\/ld+json\" class=\"yoast-schema-graph\">{\"@context\":\"https:\/\/schema.org\",\"@graph\":[{\"@type\":\"Article\",\"@id\":\"https:\/\/institucional.ufrrj.br\/eext\/conjuntura-economica-e-mercado-financeiro\/#article\",\"isPartOf\":{\"@id\":\"https:\/\/institucional.ufrrj.br\/eext\/conjuntura-economica-e-mercado-financeiro\/\"},\"author\":{\"name\":\"samuel\",\"@id\":\"https:\/\/institucional.ufrrj.br\/eext\/#\/schema\/person\/b0ff7cc971f6dd61c229ba99326b8e56\"},\"headline\":\"Conjuntura Econ\u00f4mica e Mercado Financeiro\",\"datePublished\":\"2023-03-21T12:14:34+00:00\",\"dateModified\":\"2025-03-12T17:51:35+00:00\",\"mainEntityOfPage\":{\"@id\":\"https:\/\/institucional.ufrrj.br\/eext\/conjuntura-economica-e-mercado-financeiro\/\"},\"wordCount\":120,\"image\":{\"@id\":\"https:\/\/institucional.ufrrj.br\/eext\/conjuntura-economica-e-mercado-financeiro\/#primaryimage\"},\"thumbnailUrl\":\"https:\/\/institucional.ufrrj.br\/eext\/files\/2023\/03\/Curso-05-2023_conj_economica_e_mercado_financeiro-01.png\",\"keywords\":[\"conjuntura econ\u00f4mica\",\"mercado financeiro\"],\"articleSection\":[\"Cursos\"],\"inLanguage\":\"pt-BR\"},{\"@type\":\"WebPage\",\"@id\":\"https:\/\/institucional.ufrrj.br\/eext\/conjuntura-economica-e-mercado-financeiro\/\",\"url\":\"https:\/\/institucional.ufrrj.br\/eext\/conjuntura-economica-e-mercado-financeiro\/\",\"name\":\"Conjuntura Econ\u00f4mica e Mercado Financeiro - Escola de Extens\u00e3o\",\"isPartOf\":{\"@id\":\"https:\/\/institucional.ufrrj.br\/eext\/#website\"},\"primaryImageOfPage\":{\"@id\":\"https:\/\/institucional.ufrrj.br\/eext\/conjuntura-economica-e-mercado-financeiro\/#primaryimage\"},\"image\":{\"@id\":\"https:\/\/institucional.ufrrj.br\/eext\/conjuntura-economica-e-mercado-financeiro\/#primaryimage\"},\"thumbnailUrl\":\"https:\/\/institucional.ufrrj.br\/eext\/files\/2023\/03\/Curso-05-2023_conj_economica_e_mercado_financeiro-01.png\",\"datePublished\":\"2023-03-21T12:14:34+00:00\",\"dateModified\":\"2025-03-12T17:51:35+00:00\",\"author\":{\"@id\":\"https:\/\/institucional.ufrrj.br\/eext\/#\/schema\/person\/b0ff7cc971f6dd61c229ba99326b8e56\"},\"breadcrumb\":{\"@id\":\"https:\/\/institucional.ufrrj.br\/eext\/conjuntura-economica-e-mercado-financeiro\/#breadcrumb\"},\"inLanguage\":\"pt-BR\",\"potentialAction\":[{\"@type\":\"ReadAction\",\"target\":[\"https:\/\/institucional.ufrrj.br\/eext\/conjuntura-economica-e-mercado-financeiro\/\"]}]},{\"@type\":\"ImageObject\",\"inLanguage\":\"pt-BR\",\"@id\":\"https:\/\/institucional.ufrrj.br\/eext\/conjuntura-economica-e-mercado-financeiro\/#primaryimage\",\"url\":\"https:\/\/institucional.ufrrj.br\/eext\/files\/2023\/03\/Curso-05-2023_conj_economica_e_mercado_financeiro-01.png\",\"contentUrl\":\"https:\/\/institucional.ufrrj.br\/eext\/files\/2023\/03\/Curso-05-2023_conj_economica_e_mercado_financeiro-01.png\",\"width\":800,\"height\":400},{\"@type\":\"BreadcrumbList\",\"@id\":\"https:\/\/institucional.ufrrj.br\/eext\/conjuntura-economica-e-mercado-financeiro\/#breadcrumb\",\"itemListElement\":[{\"@type\":\"ListItem\",\"position\":1,\"name\":\"In\u00edcio\",\"item\":\"https:\/\/institucional.ufrrj.br\/eext\/\"},{\"@type\":\"ListItem\",\"position\":2,\"name\":\"Conjuntura Econ\u00f4mica e Mercado Financeiro\"}]},{\"@type\":\"WebSite\",\"@id\":\"https:\/\/institucional.ufrrj.br\/eext\/#website\",\"url\":\"https:\/\/institucional.ufrrj.br\/eext\/\",\"name\":\"Escola de Extens\u00e3o\",\"description\":\"S\u00f3 mais um site institucional.ufrrj.br\",\"potentialAction\":[{\"@type\":\"SearchAction\",\"target\":{\"@type\":\"EntryPoint\",\"urlTemplate\":\"https:\/\/institucional.ufrrj.br\/eext\/?s={search_term_string}\"},\"query-input\":{\"@type\":\"PropertyValueSpecification\",\"valueRequired\":true,\"valueName\":\"search_term_string\"}}],\"inLanguage\":\"pt-BR\"},{\"@type\":\"Person\",\"@id\":\"https:\/\/institucional.ufrrj.br\/eext\/#\/schema\/person\/b0ff7cc971f6dd61c229ba99326b8e56\",\"name\":\"samuel\",\"image\":{\"@type\":\"ImageObject\",\"inLanguage\":\"pt-BR\",\"@id\":\"https:\/\/secure.gravatar.com\/avatar\/45292905c98502dd948235abfc4b027dd03b7e75dd4865beb03a55858545b540?s=96&d=mm&r=g\",\"url\":\"https:\/\/secure.gravatar.com\/avatar\/45292905c98502dd948235abfc4b027dd03b7e75dd4865beb03a55858545b540?s=96&d=mm&r=g\",\"contentUrl\":\"https:\/\/secure.gravatar.com\/avatar\/45292905c98502dd948235abfc4b027dd03b7e75dd4865beb03a55858545b540?s=96&d=mm&r=g\",\"caption\":\"samuel\"},\"description\":\"GLPI 37067\",\"url\":\"https:\/\/institucional.ufrrj.br\/eext\/author\/samuel1\/\"}]}<\/script>\n<!-- \/ Yoast SEO plugin. -->","yoast_head_json":{"title":"Conjuntura Econ\u00f4mica e Mercado Financeiro - Escola de Extens\u00e3o","robots":{"index":"index","follow":"follow","max-snippet":"max-snippet:-1","max-image-preview":"max-image-preview:large","max-video-preview":"max-video-preview:-1"},"canonical":"https:\/\/institucional.ufrrj.br\/eext\/conjuntura-economica-e-mercado-financeiro\/","og_locale":"pt_BR","og_type":"article","og_title":"Conjuntura Econ\u00f4mica e Mercado Financeiro - Escola de Extens\u00e3o","og_description":"Recursos tecnol\u00f3gicos t\u00eam fornecido ao p\u00fablico geral volume significativo de informa\u00e7\u00f5es sobre investimentos a baixo custo. No entanto, filtrar quais ... leia mais","og_url":"https:\/\/institucional.ufrrj.br\/eext\/conjuntura-economica-e-mercado-financeiro\/","og_site_name":"Escola de Extens\u00e3o","article_published_time":"2023-03-21T12:14:34+00:00","article_modified_time":"2025-03-12T17:51:35+00:00","og_image":[{"width":800,"height":400,"url":"https:\/\/institucional.ufrrj.br\/eext\/files\/2023\/03\/Curso-05-2023_conj_economica_e_mercado_financeiro-01.png","type":"image\/png"}],"author":"samuel","twitter_card":"summary_large_image","twitter_misc":{"Escrito por":"samuel","Est. tempo de leitura":"1 minuto"},"schema":{"@context":"https:\/\/schema.org","@graph":[{"@type":"Article","@id":"https:\/\/institucional.ufrrj.br\/eext\/conjuntura-economica-e-mercado-financeiro\/#article","isPartOf":{"@id":"https:\/\/institucional.ufrrj.br\/eext\/conjuntura-economica-e-mercado-financeiro\/"},"author":{"name":"samuel","@id":"https:\/\/institucional.ufrrj.br\/eext\/#\/schema\/person\/b0ff7cc971f6dd61c229ba99326b8e56"},"headline":"Conjuntura Econ\u00f4mica e Mercado Financeiro","datePublished":"2023-03-21T12:14:34+00:00","dateModified":"2025-03-12T17:51:35+00:00","mainEntityOfPage":{"@id":"https:\/\/institucional.ufrrj.br\/eext\/conjuntura-economica-e-mercado-financeiro\/"},"wordCount":120,"image":{"@id":"https:\/\/institucional.ufrrj.br\/eext\/conjuntura-economica-e-mercado-financeiro\/#primaryimage"},"thumbnailUrl":"https:\/\/institucional.ufrrj.br\/eext\/files\/2023\/03\/Curso-05-2023_conj_economica_e_mercado_financeiro-01.png","keywords":["conjuntura econ\u00f4mica","mercado financeiro"],"articleSection":["Cursos"],"inLanguage":"pt-BR"},{"@type":"WebPage","@id":"https:\/\/institucional.ufrrj.br\/eext\/conjuntura-economica-e-mercado-financeiro\/","url":"https:\/\/institucional.ufrrj.br\/eext\/conjuntura-economica-e-mercado-financeiro\/","name":"Conjuntura Econ\u00f4mica e Mercado Financeiro - Escola de Extens\u00e3o","isPartOf":{"@id":"https:\/\/institucional.ufrrj.br\/eext\/#website"},"primaryImageOfPage":{"@id":"https:\/\/institucional.ufrrj.br\/eext\/conjuntura-economica-e-mercado-financeiro\/#primaryimage"},"image":{"@id":"https:\/\/institucional.ufrrj.br\/eext\/conjuntura-economica-e-mercado-financeiro\/#primaryimage"},"thumbnailUrl":"https:\/\/institucional.ufrrj.br\/eext\/files\/2023\/03\/Curso-05-2023_conj_economica_e_mercado_financeiro-01.png","datePublished":"2023-03-21T12:14:34+00:00","dateModified":"2025-03-12T17:51:35+00:00","author":{"@id":"https:\/\/institucional.ufrrj.br\/eext\/#\/schema\/person\/b0ff7cc971f6dd61c229ba99326b8e56"},"breadcrumb":{"@id":"https:\/\/institucional.ufrrj.br\/eext\/conjuntura-economica-e-mercado-financeiro\/#breadcrumb"},"inLanguage":"pt-BR","potentialAction":[{"@type":"ReadAction","target":["https:\/\/institucional.ufrrj.br\/eext\/conjuntura-economica-e-mercado-financeiro\/"]}]},{"@type":"ImageObject","inLanguage":"pt-BR","@id":"https:\/\/institucional.ufrrj.br\/eext\/conjuntura-economica-e-mercado-financeiro\/#primaryimage","url":"https:\/\/institucional.ufrrj.br\/eext\/files\/2023\/03\/Curso-05-2023_conj_economica_e_mercado_financeiro-01.png","contentUrl":"https:\/\/institucional.ufrrj.br\/eext\/files\/2023\/03\/Curso-05-2023_conj_economica_e_mercado_financeiro-01.png","width":800,"height":400},{"@type":"BreadcrumbList","@id":"https:\/\/institucional.ufrrj.br\/eext\/conjuntura-economica-e-mercado-financeiro\/#breadcrumb","itemListElement":[{"@type":"ListItem","position":1,"name":"In\u00edcio","item":"https:\/\/institucional.ufrrj.br\/eext\/"},{"@type":"ListItem","position":2,"name":"Conjuntura Econ\u00f4mica e Mercado Financeiro"}]},{"@type":"WebSite","@id":"https:\/\/institucional.ufrrj.br\/eext\/#website","url":"https:\/\/institucional.ufrrj.br\/eext\/","name":"Escola de Extens\u00e3o","description":"S\u00f3 mais um site institucional.ufrrj.br","potentialAction":[{"@type":"SearchAction","target":{"@type":"EntryPoint","urlTemplate":"https:\/\/institucional.ufrrj.br\/eext\/?s={search_term_string}"},"query-input":{"@type":"PropertyValueSpecification","valueRequired":true,"valueName":"search_term_string"}}],"inLanguage":"pt-BR"},{"@type":"Person","@id":"https:\/\/institucional.ufrrj.br\/eext\/#\/schema\/person\/b0ff7cc971f6dd61c229ba99326b8e56","name":"samuel","image":{"@type":"ImageObject","inLanguage":"pt-BR","@id":"https:\/\/secure.gravatar.com\/avatar\/45292905c98502dd948235abfc4b027dd03b7e75dd4865beb03a55858545b540?s=96&d=mm&r=g","url":"https:\/\/secure.gravatar.com\/avatar\/45292905c98502dd948235abfc4b027dd03b7e75dd4865beb03a55858545b540?s=96&d=mm&r=g","contentUrl":"https:\/\/secure.gravatar.com\/avatar\/45292905c98502dd948235abfc4b027dd03b7e75dd4865beb03a55858545b540?s=96&d=mm&r=g","caption":"samuel"},"description":"GLPI 37067","url":"https:\/\/institucional.ufrrj.br\/eext\/author\/samuel1\/"}]}},"acf":[],"_links":{"self":[{"href":"https:\/\/institucional.ufrrj.br\/eext\/wp-json\/wp\/v2\/posts\/4957","targetHints":{"allow":["GET"]}}],"collection":[{"href":"https:\/\/institucional.ufrrj.br\/eext\/wp-json\/wp\/v2\/posts"}],"about":[{"href":"https:\/\/institucional.ufrrj.br\/eext\/wp-json\/wp\/v2\/types\/post"}],"author":[{"embeddable":true,"href":"https:\/\/institucional.ufrrj.br\/eext\/wp-json\/wp\/v2\/users\/771"}],"replies":[{"embeddable":true,"href":"https:\/\/institucional.ufrrj.br\/eext\/wp-json\/wp\/v2\/comments?post=4957"}],"version-history":[{"count":4,"href":"https:\/\/institucional.ufrrj.br\/eext\/wp-json\/wp\/v2\/posts\/4957\/revisions"}],"predecessor-version":[{"id":6031,"href":"https:\/\/institucional.ufrrj.br\/eext\/wp-json\/wp\/v2\/posts\/4957\/revisions\/6031"}],"wp:featuredmedia":[{"embeddable":true,"href":"https:\/\/institucional.ufrrj.br\/eext\/wp-json\/wp\/v2\/media\/4958"}],"wp:attachment":[{"href":"https:\/\/institucional.ufrrj.br\/eext\/wp-json\/wp\/v2\/media?parent=4957"}],"wp:term":[{"taxonomy":"category","embeddable":true,"href":"https:\/\/institucional.ufrrj.br\/eext\/wp-json\/wp\/v2\/categories?post=4957"},{"taxonomy":"post_tag","embeddable":true,"href":"https:\/\/institucional.ufrrj.br\/eext\/wp-json\/wp\/v2\/tags?post=4957"}],"curies":[{"name":"wp","href":"https:\/\/api.w.org\/{rel}","templated":true}]}}