{"id":3845,"date":"2022-03-17T16:21:30","date_gmt":"2022-03-17T19:21:30","guid":{"rendered":"http:\/\/institucional.ufrrj.br\/eext\/?p=3845"},"modified":"2025-04-24T11:07:17","modified_gmt":"2025-04-24T14:07:17","slug":"inclusao-e-pedagogia-hospitalar","status":"publish","type":"post","link":"https:\/\/institucional.ufrrj.br\/eext\/inclusao-e-pedagogia-hospitalar\/","title":{"rendered":"Inclus\u00e3o e Pedagogia Hospitalar"},"content":{"rendered":"<p><img loading=\"lazy\" decoding=\"async\" class=\"alignnone wp-image-3839 size-full\" src=\"https:\/\/institucional.ufrrj.br\/eext\/files\/2022\/03\/curso16_inclusao-pedagogia-hospitalar.png\" alt=\"\" width=\"800\" height=\"400\" srcset=\"https:\/\/institucional.ufrrj.br\/eext\/files\/2022\/03\/curso16_inclusao-pedagogia-hospitalar.png 800w, https:\/\/institucional.ufrrj.br\/eext\/files\/2022\/03\/curso16_inclusao-pedagogia-hospitalar-300x150.png 300w, https:\/\/institucional.ufrrj.br\/eext\/files\/2022\/03\/curso16_inclusao-pedagogia-hospitalar-768x384.png 768w\" sizes=\"auto, (max-width: 800px) 100vw, 800px\" \/><br \/>\nRESUMO: O Curso proposto visa fortalecer as capacidades de diferentes atores da \u00e1rea da educa\u00e7\u00e3o, sa\u00fade, fam\u00edlia e comunidade por meio de um processo de capacita\u00e7\u00e3o que oferecer\u00e1 ferramentas para aprimorar as capacidades de gest\u00e3o e interven\u00e7\u00e3o diante das necessidades da popula\u00e7\u00e3o em situa\u00e7\u00f5es de adoecimento, interna\u00e7\u00e3o, tratamento, repouso m\u00e9dico prolongado e\/ou isolamento, no contexto hospitalar, casa e escola. \u00c9 focado principalmente em gestores e professores de centros educacionais, professores do Programa de Aten\u00e7\u00e3o Hospitalar e Domiciliar, psic\u00f3logos, psic\u00f3logos educacionais, educadores especiais, pessoal de sa\u00fade, funcion\u00e1rios p\u00fablicos e sociedade civil.<\/p>\n<p>P\u00daBLICO-ALVO<br \/>\nP\u00fablico Interno: Graduados, graduandos e p\u00f3s-graduandos da \u00e1rea de educa\u00e7\u00e3o e sa\u00fade.<br \/>\nP\u00fablico Externo: Professores e profissionais da Educa\u00e7\u00e3o B\u00e1sica, prioritariamente os que trabalham com a equipe de Educa\u00e7\u00e3o Especial.<\/p>\n","protected":false},"excerpt":{"rendered":"<p>RESUMO: O Curso proposto visa fortalecer as capacidades de diferentes atores da \u00e1rea da educa\u00e7\u00e3o, sa\u00fade, fam\u00edlia e comunidade por <a class=\"read-more\" href=\"https:\/\/institucional.ufrrj.br\/eext\/inclusao-e-pedagogia-hospitalar\/ \" >&#8230; <span class=\"font-italic\">leia mais <i class=\"fas fa-angle-right\"><\/i><\/span><\/a><\/p>\n","protected":false},"author":771,"featured_media":3839,"comment_status":"open","ping_status":"open","sticky":false,"template":"","format":"standard","meta":{"_acf_changed":false,"footnotes":""},"categories":[30],"tags":[],"class_list":["post-3845","post","type-post","status-publish","format-standard","has-post-thumbnail","hentry","category-cursos"],"yoast_head":"<!-- This site is optimized with the Yoast SEO plugin v27.2 - https:\/\/yoast.com\/product\/yoast-seo-wordpress\/ -->\n<title>Inclus\u00e3o e Pedagogia Hospitalar - Escola de Extens\u00e3o<\/title>\n<meta name=\"robots\" content=\"index, follow, max-snippet:-1, max-image-preview:large, max-video-preview:-1\" \/>\n<link rel=\"canonical\" href=\"https:\/\/institucional.ufrrj.br\/eext\/inclusao-e-pedagogia-hospitalar\/\" \/>\n<meta property=\"og:locale\" content=\"pt_BR\" \/>\n<meta property=\"og:type\" content=\"article\" \/>\n<meta property=\"og:title\" content=\"Inclus\u00e3o e Pedagogia Hospitalar - Escola de Extens\u00e3o\" \/>\n<meta property=\"og:description\" content=\"RESUMO: O Curso proposto visa fortalecer as capacidades de diferentes atores da \u00e1rea da educa\u00e7\u00e3o, sa\u00fade, fam\u00edlia e comunidade por ... leia mais\" \/>\n<meta property=\"og:url\" content=\"https:\/\/institucional.ufrrj.br\/eext\/inclusao-e-pedagogia-hospitalar\/\" \/>\n<meta property=\"og:site_name\" content=\"Escola de Extens\u00e3o\" \/>\n<meta property=\"article:published_time\" content=\"2022-03-17T19:21:30+00:00\" \/>\n<meta property=\"article:modified_time\" content=\"2025-04-24T14:07:17+00:00\" \/>\n<meta property=\"og:image\" content=\"https:\/\/institucional.ufrrj.br\/eext\/files\/2022\/03\/curso16_inclusao-pedagogia-hospitalar.png\" \/>\n\t<meta property=\"og:image:width\" content=\"800\" \/>\n\t<meta property=\"og:image:height\" content=\"400\" \/>\n\t<meta property=\"og:image:type\" content=\"image\/png\" \/>\n<meta name=\"author\" content=\"samuel\" \/>\n<meta name=\"twitter:card\" content=\"summary_large_image\" \/>\n<meta name=\"twitter:label1\" content=\"Escrito por\" \/>\n\t<meta name=\"twitter:data1\" content=\"samuel\" \/>\n\t<meta name=\"twitter:label2\" content=\"Est. tempo de leitura\" \/>\n\t<meta name=\"twitter:data2\" content=\"1 minuto\" \/>\n<script type=\"application\/ld+json\" class=\"yoast-schema-graph\">{\"@context\":\"https:\/\/schema.org\",\"@graph\":[{\"@type\":\"Article\",\"@id\":\"https:\/\/institucional.ufrrj.br\/eext\/inclusao-e-pedagogia-hospitalar\/#article\",\"isPartOf\":{\"@id\":\"https:\/\/institucional.ufrrj.br\/eext\/inclusao-e-pedagogia-hospitalar\/\"},\"author\":{\"name\":\"samuel\",\"@id\":\"https:\/\/institucional.ufrrj.br\/eext\/#\/schema\/person\/b0ff7cc971f6dd61c229ba99326b8e56\"},\"headline\":\"Inclus\u00e3o e Pedagogia Hospitalar\",\"datePublished\":\"2022-03-17T19:21:30+00:00\",\"dateModified\":\"2025-04-24T14:07:17+00:00\",\"mainEntityOfPage\":{\"@id\":\"https:\/\/institucional.ufrrj.br\/eext\/inclusao-e-pedagogia-hospitalar\/\"},\"wordCount\":151,\"commentCount\":0,\"image\":{\"@id\":\"https:\/\/institucional.ufrrj.br\/eext\/inclusao-e-pedagogia-hospitalar\/#primaryimage\"},\"thumbnailUrl\":\"https:\/\/institucional.ufrrj.br\/eext\/files\/2022\/03\/curso16_inclusao-pedagogia-hospitalar.png\",\"articleSection\":[\"Cursos\"],\"inLanguage\":\"pt-BR\",\"potentialAction\":[{\"@type\":\"CommentAction\",\"name\":\"Comment\",\"target\":[\"https:\/\/institucional.ufrrj.br\/eext\/inclusao-e-pedagogia-hospitalar\/#respond\"]}]},{\"@type\":\"WebPage\",\"@id\":\"https:\/\/institucional.ufrrj.br\/eext\/inclusao-e-pedagogia-hospitalar\/\",\"url\":\"https:\/\/institucional.ufrrj.br\/eext\/inclusao-e-pedagogia-hospitalar\/\",\"name\":\"Inclus\u00e3o e Pedagogia Hospitalar - Escola de Extens\u00e3o\",\"isPartOf\":{\"@id\":\"https:\/\/institucional.ufrrj.br\/eext\/#website\"},\"primaryImageOfPage\":{\"@id\":\"https:\/\/institucional.ufrrj.br\/eext\/inclusao-e-pedagogia-hospitalar\/#primaryimage\"},\"image\":{\"@id\":\"https:\/\/institucional.ufrrj.br\/eext\/inclusao-e-pedagogia-hospitalar\/#primaryimage\"},\"thumbnailUrl\":\"https:\/\/institucional.ufrrj.br\/eext\/files\/2022\/03\/curso16_inclusao-pedagogia-hospitalar.png\",\"datePublished\":\"2022-03-17T19:21:30+00:00\",\"dateModified\":\"2025-04-24T14:07:17+00:00\",\"author\":{\"@id\":\"https:\/\/institucional.ufrrj.br\/eext\/#\/schema\/person\/b0ff7cc971f6dd61c229ba99326b8e56\"},\"breadcrumb\":{\"@id\":\"https:\/\/institucional.ufrrj.br\/eext\/inclusao-e-pedagogia-hospitalar\/#breadcrumb\"},\"inLanguage\":\"pt-BR\",\"potentialAction\":[{\"@type\":\"ReadAction\",\"target\":[\"https:\/\/institucional.ufrrj.br\/eext\/inclusao-e-pedagogia-hospitalar\/\"]}]},{\"@type\":\"ImageObject\",\"inLanguage\":\"pt-BR\",\"@id\":\"https:\/\/institucional.ufrrj.br\/eext\/inclusao-e-pedagogia-hospitalar\/#primaryimage\",\"url\":\"https:\/\/institucional.ufrrj.br\/eext\/files\/2022\/03\/curso16_inclusao-pedagogia-hospitalar.png\",\"contentUrl\":\"https:\/\/institucional.ufrrj.br\/eext\/files\/2022\/03\/curso16_inclusao-pedagogia-hospitalar.png\",\"width\":800,\"height\":400},{\"@type\":\"BreadcrumbList\",\"@id\":\"https:\/\/institucional.ufrrj.br\/eext\/inclusao-e-pedagogia-hospitalar\/#breadcrumb\",\"itemListElement\":[{\"@type\":\"ListItem\",\"position\":1,\"name\":\"In\u00edcio\",\"item\":\"https:\/\/institucional.ufrrj.br\/eext\/\"},{\"@type\":\"ListItem\",\"position\":2,\"name\":\"Inclus\u00e3o e Pedagogia Hospitalar\"}]},{\"@type\":\"WebSite\",\"@id\":\"https:\/\/institucional.ufrrj.br\/eext\/#website\",\"url\":\"https:\/\/institucional.ufrrj.br\/eext\/\",\"name\":\"Escola de Extens\u00e3o\",\"description\":\"S\u00f3 mais um site institucional.ufrrj.br\",\"potentialAction\":[{\"@type\":\"SearchAction\",\"target\":{\"@type\":\"EntryPoint\",\"urlTemplate\":\"https:\/\/institucional.ufrrj.br\/eext\/?s={search_term_string}\"},\"query-input\":{\"@type\":\"PropertyValueSpecification\",\"valueRequired\":true,\"valueName\":\"search_term_string\"}}],\"inLanguage\":\"pt-BR\"},{\"@type\":\"Person\",\"@id\":\"https:\/\/institucional.ufrrj.br\/eext\/#\/schema\/person\/b0ff7cc971f6dd61c229ba99326b8e56\",\"name\":\"samuel\",\"image\":{\"@type\":\"ImageObject\",\"inLanguage\":\"pt-BR\",\"@id\":\"https:\/\/secure.gravatar.com\/avatar\/45292905c98502dd948235abfc4b027dd03b7e75dd4865beb03a55858545b540?s=96&d=mm&r=g\",\"url\":\"https:\/\/secure.gravatar.com\/avatar\/45292905c98502dd948235abfc4b027dd03b7e75dd4865beb03a55858545b540?s=96&d=mm&r=g\",\"contentUrl\":\"https:\/\/secure.gravatar.com\/avatar\/45292905c98502dd948235abfc4b027dd03b7e75dd4865beb03a55858545b540?s=96&d=mm&r=g\",\"caption\":\"samuel\"},\"description\":\"GLPI 37067\",\"url\":\"https:\/\/institucional.ufrrj.br\/eext\/author\/samuel1\/\"}]}<\/script>\n<!-- \/ Yoast SEO plugin. -->","yoast_head_json":{"title":"Inclus\u00e3o e Pedagogia Hospitalar - Escola de Extens\u00e3o","robots":{"index":"index","follow":"follow","max-snippet":"max-snippet:-1","max-image-preview":"max-image-preview:large","max-video-preview":"max-video-preview:-1"},"canonical":"https:\/\/institucional.ufrrj.br\/eext\/inclusao-e-pedagogia-hospitalar\/","og_locale":"pt_BR","og_type":"article","og_title":"Inclus\u00e3o e Pedagogia Hospitalar - Escola de Extens\u00e3o","og_description":"RESUMO: O Curso proposto visa fortalecer as capacidades de diferentes atores da \u00e1rea da educa\u00e7\u00e3o, sa\u00fade, fam\u00edlia e comunidade por ... leia mais","og_url":"https:\/\/institucional.ufrrj.br\/eext\/inclusao-e-pedagogia-hospitalar\/","og_site_name":"Escola de Extens\u00e3o","article_published_time":"2022-03-17T19:21:30+00:00","article_modified_time":"2025-04-24T14:07:17+00:00","og_image":[{"width":800,"height":400,"url":"https:\/\/institucional.ufrrj.br\/eext\/files\/2022\/03\/curso16_inclusao-pedagogia-hospitalar.png","type":"image\/png"}],"author":"samuel","twitter_card":"summary_large_image","twitter_misc":{"Escrito por":"samuel","Est. tempo de leitura":"1 minuto"},"schema":{"@context":"https:\/\/schema.org","@graph":[{"@type":"Article","@id":"https:\/\/institucional.ufrrj.br\/eext\/inclusao-e-pedagogia-hospitalar\/#article","isPartOf":{"@id":"https:\/\/institucional.ufrrj.br\/eext\/inclusao-e-pedagogia-hospitalar\/"},"author":{"name":"samuel","@id":"https:\/\/institucional.ufrrj.br\/eext\/#\/schema\/person\/b0ff7cc971f6dd61c229ba99326b8e56"},"headline":"Inclus\u00e3o e Pedagogia Hospitalar","datePublished":"2022-03-17T19:21:30+00:00","dateModified":"2025-04-24T14:07:17+00:00","mainEntityOfPage":{"@id":"https:\/\/institucional.ufrrj.br\/eext\/inclusao-e-pedagogia-hospitalar\/"},"wordCount":151,"commentCount":0,"image":{"@id":"https:\/\/institucional.ufrrj.br\/eext\/inclusao-e-pedagogia-hospitalar\/#primaryimage"},"thumbnailUrl":"https:\/\/institucional.ufrrj.br\/eext\/files\/2022\/03\/curso16_inclusao-pedagogia-hospitalar.png","articleSection":["Cursos"],"inLanguage":"pt-BR","potentialAction":[{"@type":"CommentAction","name":"Comment","target":["https:\/\/institucional.ufrrj.br\/eext\/inclusao-e-pedagogia-hospitalar\/#respond"]}]},{"@type":"WebPage","@id":"https:\/\/institucional.ufrrj.br\/eext\/inclusao-e-pedagogia-hospitalar\/","url":"https:\/\/institucional.ufrrj.br\/eext\/inclusao-e-pedagogia-hospitalar\/","name":"Inclus\u00e3o e Pedagogia Hospitalar - Escola de Extens\u00e3o","isPartOf":{"@id":"https:\/\/institucional.ufrrj.br\/eext\/#website"},"primaryImageOfPage":{"@id":"https:\/\/institucional.ufrrj.br\/eext\/inclusao-e-pedagogia-hospitalar\/#primaryimage"},"image":{"@id":"https:\/\/institucional.ufrrj.br\/eext\/inclusao-e-pedagogia-hospitalar\/#primaryimage"},"thumbnailUrl":"https:\/\/institucional.ufrrj.br\/eext\/files\/2022\/03\/curso16_inclusao-pedagogia-hospitalar.png","datePublished":"2022-03-17T19:21:30+00:00","dateModified":"2025-04-24T14:07:17+00:00","author":{"@id":"https:\/\/institucional.ufrrj.br\/eext\/#\/schema\/person\/b0ff7cc971f6dd61c229ba99326b8e56"},"breadcrumb":{"@id":"https:\/\/institucional.ufrrj.br\/eext\/inclusao-e-pedagogia-hospitalar\/#breadcrumb"},"inLanguage":"pt-BR","potentialAction":[{"@type":"ReadAction","target":["https:\/\/institucional.ufrrj.br\/eext\/inclusao-e-pedagogia-hospitalar\/"]}]},{"@type":"ImageObject","inLanguage":"pt-BR","@id":"https:\/\/institucional.ufrrj.br\/eext\/inclusao-e-pedagogia-hospitalar\/#primaryimage","url":"https:\/\/institucional.ufrrj.br\/eext\/files\/2022\/03\/curso16_inclusao-pedagogia-hospitalar.png","contentUrl":"https:\/\/institucional.ufrrj.br\/eext\/files\/2022\/03\/curso16_inclusao-pedagogia-hospitalar.png","width":800,"height":400},{"@type":"BreadcrumbList","@id":"https:\/\/institucional.ufrrj.br\/eext\/inclusao-e-pedagogia-hospitalar\/#breadcrumb","itemListElement":[{"@type":"ListItem","position":1,"name":"In\u00edcio","item":"https:\/\/institucional.ufrrj.br\/eext\/"},{"@type":"ListItem","position":2,"name":"Inclus\u00e3o e Pedagogia Hospitalar"}]},{"@type":"WebSite","@id":"https:\/\/institucional.ufrrj.br\/eext\/#website","url":"https:\/\/institucional.ufrrj.br\/eext\/","name":"Escola de Extens\u00e3o","description":"S\u00f3 mais um site institucional.ufrrj.br","potentialAction":[{"@type":"SearchAction","target":{"@type":"EntryPoint","urlTemplate":"https:\/\/institucional.ufrrj.br\/eext\/?s={search_term_string}"},"query-input":{"@type":"PropertyValueSpecification","valueRequired":true,"valueName":"search_term_string"}}],"inLanguage":"pt-BR"},{"@type":"Person","@id":"https:\/\/institucional.ufrrj.br\/eext\/#\/schema\/person\/b0ff7cc971f6dd61c229ba99326b8e56","name":"samuel","image":{"@type":"ImageObject","inLanguage":"pt-BR","@id":"https:\/\/secure.gravatar.com\/avatar\/45292905c98502dd948235abfc4b027dd03b7e75dd4865beb03a55858545b540?s=96&d=mm&r=g","url":"https:\/\/secure.gravatar.com\/avatar\/45292905c98502dd948235abfc4b027dd03b7e75dd4865beb03a55858545b540?s=96&d=mm&r=g","contentUrl":"https:\/\/secure.gravatar.com\/avatar\/45292905c98502dd948235abfc4b027dd03b7e75dd4865beb03a55858545b540?s=96&d=mm&r=g","caption":"samuel"},"description":"GLPI 37067","url":"https:\/\/institucional.ufrrj.br\/eext\/author\/samuel1\/"}]}},"acf":[],"_links":{"self":[{"href":"https:\/\/institucional.ufrrj.br\/eext\/wp-json\/wp\/v2\/posts\/3845","targetHints":{"allow":["GET"]}}],"collection":[{"href":"https:\/\/institucional.ufrrj.br\/eext\/wp-json\/wp\/v2\/posts"}],"about":[{"href":"https:\/\/institucional.ufrrj.br\/eext\/wp-json\/wp\/v2\/types\/post"}],"author":[{"embeddable":true,"href":"https:\/\/institucional.ufrrj.br\/eext\/wp-json\/wp\/v2\/users\/771"}],"replies":[{"embeddable":true,"href":"https:\/\/institucional.ufrrj.br\/eext\/wp-json\/wp\/v2\/comments?post=3845"}],"version-history":[{"count":5,"href":"https:\/\/institucional.ufrrj.br\/eext\/wp-json\/wp\/v2\/posts\/3845\/revisions"}],"predecessor-version":[{"id":6208,"href":"https:\/\/institucional.ufrrj.br\/eext\/wp-json\/wp\/v2\/posts\/3845\/revisions\/6208"}],"wp:featuredmedia":[{"embeddable":true,"href":"https:\/\/institucional.ufrrj.br\/eext\/wp-json\/wp\/v2\/media\/3839"}],"wp:attachment":[{"href":"https:\/\/institucional.ufrrj.br\/eext\/wp-json\/wp\/v2\/media?parent=3845"}],"wp:term":[{"taxonomy":"category","embeddable":true,"href":"https:\/\/institucional.ufrrj.br\/eext\/wp-json\/wp\/v2\/categories?post=3845"},{"taxonomy":"post_tag","embeddable":true,"href":"https:\/\/institucional.ufrrj.br\/eext\/wp-json\/wp\/v2\/tags?post=3845"}],"curies":[{"name":"wp","href":"https:\/\/api.w.org\/{rel}","templated":true}]}}