{"id":7594,"date":"2026-09-04T19:37:59","date_gmt":"2026-09-04T22:37:59","guid":{"rendered":"https:\/\/institucional.ufrrj.br\/drii\/?p=7594"},"modified":"2026-09-04T19:38:35","modified_gmt":"2026-09-04T22:38:35","slug":"temos-vagas-no-drii","status":"publish","type":"post","link":"https:\/\/institucional.ufrrj.br\/drii\/temos-vagas-no-drii\/","title":{"rendered":"Temos vagas no DRII"},"content":{"rendered":"\n<p class=\"wp-block-paragraph\">Quer fazer parte do projeto Comunica Corin e contribuir para as a\u00e7\u00f5es do Departamento de Rela\u00e7\u00f5es Internacionais e Interinstitucionais da UFRRJ? Essa oportunidade \u00e9 para voc\u00ea!<\/p>\n\n\n\n<p class=\"wp-block-paragraph\">Est\u00e3o abertas as inscri\u00e7\u00f5es para 2 bolsas de apoio t\u00e9cnico-acad\u00eamico, com atua\u00e7\u00e3o em diferentes frentes do DRII:<\/p>\n\n\n\n<p class=\"wp-block-paragraph\">1 vaga para Comunica\u00e7\u00e3o<br>Atua\u00e7\u00e3o na gest\u00e3o do site e das m\u00eddias sociais do DRII, planejamento e produ\u00e7\u00e3o de conte\u00fados, cria\u00e7\u00e3o de pe\u00e7as de comunica\u00e7\u00e3o e atendimento preliminar \u00e0 comunidade acad\u00eamica e ao p\u00fablico externo.<\/p>\n\n\n\n<p class=\"wp-block-paragraph\">Vaga destinada para estudantes de Comunica\u00e7\u00e3o Social, Rela\u00e7\u00f5es Internacionais ou Letras, entre o 2\u00ba e o 7\u00ba per\u00edodo, com boa comunica\u00e7\u00e3o e conhecimentos b\u00e1sicos em design e edi\u00e7\u00e3o de fotos.<\/p>\n\n\n\n<p class=\"wp-block-paragraph\">1 vaga para o NAVE \u2013 N\u00facleo de Acolhimento ao Visitante Estrangeiro<br>Atua\u00e7\u00e3o na recep\u00e7\u00e3o e acolhimento de estudantes e visitantes estrangeiros, al\u00e9m de atividades de interpreta\u00e7\u00e3o, tradu\u00e7\u00e3o e atendimento preliminar.<\/p>\n\n\n\n<p class=\"wp-block-paragraph\">Vaga destinada para estudantes de Letras ou Rela\u00e7\u00f5es Internacionais, entre o 2\u00ba e o 7\u00ba per\u00edodo, com profici\u00eancia avan\u00e7ada em ingl\u00eas e perfil comunicativo e receptivo.<\/p>\n\n\n\n<p class=\"wp-block-paragraph\">Al\u00e9m disso, Informa\u00e7\u00f5es da bolsa:<br>\u2022 Carga hor\u00e1ria: 16 horas semanais<br>\u2022 Bolsa: R$ 640,00<br>\u2022 Inscri\u00e7\u00f5es: 4 a 12 de setembro de 2026<br>\u2022 Entrevistas: 15 e 16 de setembro, das 10h \u00e0s 16h<br>\u2022 Edital: n\u00ba 22\/2026 \u2013 PROAES\/UFRRJ<\/p>\n\n\n\n<p class=\"wp-block-paragraph\">Confira o edital completo e todas as orienta\u00e7\u00f5es para inscri\u00e7\u00e3o: <a href=\"https:\/\/portal.ufrrj.br\/wp-content\/uploads\/2026\/09\/edital-no-22-2026-no22-proaes-ufrrj-drii-2026-3.pdf\">https:\/\/portal.ufrrj.br\/wp-content\/uploads\/2026\/09\/edital-no-22-2026-no22-proaes-ufrrj-drii-2026-3.pdf<\/a><\/p>\n\n\n\n<p class=\"wp-block-paragraph\">Uma oportunidade para desenvolver novas habilidades, adquirir experi\u00eancia e contribuir para a internacionaliza\u00e7\u00e3o da UFRRJ.<\/p>\n","protected":false},"excerpt":{"rendered":"<p>Quer fazer parte do projeto Comunica Corin e contribuir para as a\u00e7\u00f5es do Departamento de Rela\u00e7\u00f5es Internacionais e Interinstitucionais da UFRRJ? Essa [&hellip;]<\/p>\n","protected":false},"author":917,"featured_media":7595,"comment_status":"closed","ping_status":"open","sticky":false,"template":"","format":"standard","meta":{"_acf_changed":false,"footnotes":"","_links_to":"","_links_to_target":""},"categories":[5],"tags":[],"class_list":["post-7594","post","type-post","status-publish","format-standard","has-post-thumbnail","hentry","category-noticias"],"aioseo_notices":[],"aioseo_head":"\n\t\t<!-- All in One SEO 5.0.1.1 - aioseo.com -->\n\t<meta name=\"description\" content=\"Quer fazer parte do projeto Comunica Corin e contribuir para as a\u00e7\u00f5es do Departamento de Rela\u00e7\u00f5es Internacionais e Interinstitucionais da UFRRJ? Essa oportunidade \u00e9 para voc\u00ea! Est\u00e3o abertas as inscri\u00e7\u00f5es para 2 bolsas de apoio t\u00e9cnico-acad\u00eamico, com atua\u00e7\u00e3o em diferentes frentes do DRII: 1 vaga para Comunica\u00e7\u00e3oAtua\u00e7\u00e3o na gest\u00e3o do site e das m\u00eddias sociais\" \/>\n\t<meta name=\"robots\" content=\"max-image-preview:large\" \/>\n\t<meta name=\"author\" content=\"Vieira de Abreu\"\/>\n\t<link rel=\"canonical\" href=\"https:\/\/institucional.ufrrj.br\/drii\/temos-vagas-no-drii\/\" \/>\n\t<meta name=\"generator\" content=\"All in One SEO (AIOSEO) 5.0.1.1\" \/>\n\t\t<meta property=\"og:locale\" content=\"pt_BR\" \/>\n\t\t<meta property=\"og:site_name\" content=\"Departamento de Rela\u00e7\u00f5es Internacionais e Interinstitucionais (DRII) - Coordenadoria de Rela\u00e7\u00f5es Internacionais e Interinstitucionais\" \/>\n\t\t<meta property=\"og:type\" content=\"article\" \/>\n\t\t<meta property=\"og:title\" content=\"Temos vagas no DRII - Departamento de Rela\u00e7\u00f5es Internacionais e Interinstitucionais (DRII)\" \/>\n\t\t<meta property=\"og:description\" content=\"Quer fazer parte do projeto Comunica Corin e contribuir para as a\u00e7\u00f5es do Departamento de Rela\u00e7\u00f5es Internacionais e Interinstitucionais da UFRRJ? Essa oportunidade \u00e9 para voc\u00ea! Est\u00e3o abertas as inscri\u00e7\u00f5es para 2 bolsas de apoio t\u00e9cnico-acad\u00eamico, com atua\u00e7\u00e3o em diferentes frentes do DRII: 1 vaga para Comunica\u00e7\u00e3oAtua\u00e7\u00e3o na gest\u00e3o do site e das m\u00eddias sociais\" \/>\n\t\t<meta property=\"og:url\" content=\"https:\/\/institucional.ufrrj.br\/drii\/temos-vagas-no-drii\/\" \/>\n\t\t<meta property=\"article:published_time\" content=\"2026-09-04T22:37:59+00:00\" \/>\n\t\t<meta property=\"article:modified_time\" content=\"2026-09-04T22:38:35+00:00\" \/>\n\t\t<meta name=\"twitter:card\" content=\"summary_large_image\" \/>\n\t\t<meta name=\"twitter:title\" content=\"Temos vagas no DRII - Departamento de Rela\u00e7\u00f5es Internacionais e Interinstitucionais (DRII)\" \/>\n\t\t<meta name=\"twitter:description\" content=\"Quer fazer parte do projeto Comunica Corin e contribuir para as a\u00e7\u00f5es do Departamento de Rela\u00e7\u00f5es Internacionais e Interinstitucionais da UFRRJ? Essa oportunidade \u00e9 para voc\u00ea! Est\u00e3o abertas as inscri\u00e7\u00f5es para 2 bolsas de apoio t\u00e9cnico-acad\u00eamico, com atua\u00e7\u00e3o em diferentes frentes do DRII: 1 vaga para Comunica\u00e7\u00e3oAtua\u00e7\u00e3o na gest\u00e3o do site e das m\u00eddias sociais\" \/>\n\t\t<script type=\"application\/ld+json\" class=\"aioseo-schema\">\n\t\t\t{\"@context\":\"https:\\\/\\\/schema.org\",\"@graph\":[{\"@type\":\"BlogPosting\",\"@id\":\"https:\\\/\\\/institucional.ufrrj.br\\\/drii\\\/temos-vagas-no-drii\\\/#blogposting\",\"name\":\"Temos vagas no DRII - Departamento de Rela\\u00e7\\u00f5es Internacionais e Interinstitucionais (DRII)\",\"headline\":\"Temos vagas no DRII\",\"author\":{\"@id\":\"https:\\\/\\\/institucional.ufrrj.br\\\/drii\\\/author\\\/veronicaabreu\\\/#author\"},\"publisher\":{\"@id\":\"https:\\\/\\\/institucional.ufrrj.br\\\/drii\\\/#organization\"},\"image\":{\"@type\":\"ImageObject\",\"url\":\"https:\\\/\\\/institucional.ufrrj.br\\\/drii\\\/files\\\/2026\\\/09\\\/copia-de-nave-340-x-230-px_20260904_193202_0000.png\",\"width\":1063,\"height\":719},\"datePublished\":\"2026-09-04T19:37:59-03:00\",\"dateModified\":\"2026-09-04T19:38:35-03:00\",\"inLanguage\":\"pt-BR\",\"mainEntityOfPage\":{\"@id\":\"https:\\\/\\\/institucional.ufrrj.br\\\/drii\\\/temos-vagas-no-drii\\\/#webpage\"},\"isPartOf\":{\"@id\":\"https:\\\/\\\/institucional.ufrrj.br\\\/drii\\\/temos-vagas-no-drii\\\/#webpage\"},\"articleSection\":\"Not\\u00edcias, Portugu\\u00eas\"},{\"@type\":\"BreadcrumbList\",\"@id\":\"https:\\\/\\\/institucional.ufrrj.br\\\/drii\\\/temos-vagas-no-drii\\\/#breadcrumblist\",\"itemListElement\":[{\"@type\":\"ListItem\",\"@id\":\"https:\\\/\\\/institucional.ufrrj.br\\\/drii#listItem\",\"position\":1,\"name\":\"Home\",\"item\":\"https:\\\/\\\/institucional.ufrrj.br\\\/drii\",\"nextItem\":{\"@type\":\"ListItem\",\"@id\":\"https:\\\/\\\/institucional.ufrrj.br\\\/drii\\\/category\\\/noticias\\\/#listItem\",\"name\":\"Not\\u00edcias\"}},{\"@type\":\"ListItem\",\"@id\":\"https:\\\/\\\/institucional.ufrrj.br\\\/drii\\\/category\\\/noticias\\\/#listItem\",\"position\":2,\"name\":\"Not\\u00edcias\",\"item\":\"https:\\\/\\\/institucional.ufrrj.br\\\/drii\\\/category\\\/noticias\\\/\",\"nextItem\":{\"@type\":\"ListItem\",\"@id\":\"https:\\\/\\\/institucional.ufrrj.br\\\/drii\\\/temos-vagas-no-drii\\\/#listItem\",\"name\":\"Temos vagas no DRII\"},\"previousItem\":{\"@type\":\"ListItem\",\"@id\":\"https:\\\/\\\/institucional.ufrrj.br\\\/drii#listItem\",\"name\":\"Home\"}},{\"@type\":\"ListItem\",\"@id\":\"https:\\\/\\\/institucional.ufrrj.br\\\/drii\\\/temos-vagas-no-drii\\\/#listItem\",\"position\":3,\"name\":\"Temos vagas no DRII\",\"previousItem\":{\"@type\":\"ListItem\",\"@id\":\"https:\\\/\\\/institucional.ufrrj.br\\\/drii\\\/category\\\/noticias\\\/#listItem\",\"name\":\"Not\\u00edcias\"}}]},{\"@type\":\"Organization\",\"@id\":\"https:\\\/\\\/institucional.ufrrj.br\\\/drii\\\/#organization\",\"name\":\"Departamento de Rela\\u00e7\\u00f5es Internacionais e Interinstitucionais (DRII)\",\"description\":\"Coordenadoria de Rela\\u00e7\\u00f5es Internacionais e Interinstitucionais\",\"url\":\"https:\\\/\\\/institucional.ufrrj.br\\\/drii\\\/\"},{\"@type\":\"Person\",\"@id\":\"https:\\\/\\\/institucional.ufrrj.br\\\/drii\\\/author\\\/veronicaabreu\\\/#author\",\"url\":\"https:\\\/\\\/institucional.ufrrj.br\\\/drii\\\/author\\\/veronicaabreu\\\/\",\"name\":\"Vieira de Abreu\",\"image\":{\"@type\":\"ImageObject\",\"@id\":\"https:\\\/\\\/institucional.ufrrj.br\\\/drii\\\/temos-vagas-no-drii\\\/#authorImage\",\"url\":\"https:\\\/\\\/secure.gravatar.com\\\/avatar\\\/0bc293781eb0d964cf66e45c576c4c33f7926562a22388235443ab31d61c3113?s=96&d=mm&r=g\",\"width\":96,\"height\":96,\"caption\":\"Vieira de Abreu\"}},{\"@type\":\"WebPage\",\"@id\":\"https:\\\/\\\/institucional.ufrrj.br\\\/drii\\\/temos-vagas-no-drii\\\/#webpage\",\"url\":\"https:\\\/\\\/institucional.ufrrj.br\\\/drii\\\/temos-vagas-no-drii\\\/\",\"name\":\"Temos vagas no DRII - Departamento de Rela\\u00e7\\u00f5es Internacionais e Interinstitucionais (DRII)\",\"description\":\"Quer fazer parte do projeto Comunica Corin e contribuir para as a\\u00e7\\u00f5es do Departamento de Rela\\u00e7\\u00f5es Internacionais e Interinstitucionais da UFRRJ? Essa oportunidade \\u00e9 para voc\\u00ea! Est\\u00e3o abertas as inscri\\u00e7\\u00f5es para 2 bolsas de apoio t\\u00e9cnico-acad\\u00eamico, com atua\\u00e7\\u00e3o em diferentes frentes do DRII: 1 vaga para Comunica\\u00e7\\u00e3oAtua\\u00e7\\u00e3o na gest\\u00e3o do site e das m\\u00eddias sociais\",\"inLanguage\":\"pt-BR\",\"isPartOf\":{\"@id\":\"https:\\\/\\\/institucional.ufrrj.br\\\/drii\\\/#website\"},\"breadcrumb\":{\"@id\":\"https:\\\/\\\/institucional.ufrrj.br\\\/drii\\\/temos-vagas-no-drii\\\/#breadcrumblist\"},\"author\":{\"@id\":\"https:\\\/\\\/institucional.ufrrj.br\\\/drii\\\/author\\\/veronicaabreu\\\/#author\"},\"creator\":{\"@id\":\"https:\\\/\\\/institucional.ufrrj.br\\\/drii\\\/author\\\/veronicaabreu\\\/#author\"},\"image\":{\"@type\":\"ImageObject\",\"url\":\"https:\\\/\\\/institucional.ufrrj.br\\\/drii\\\/files\\\/2026\\\/09\\\/copia-de-nave-340-x-230-px_20260904_193202_0000.png\",\"@id\":\"https:\\\/\\\/institucional.ufrrj.br\\\/drii\\\/temos-vagas-no-drii\\\/#mainImage\",\"width\":1063,\"height\":719},\"primaryImageOfPage\":{\"@id\":\"https:\\\/\\\/institucional.ufrrj.br\\\/drii\\\/temos-vagas-no-drii\\\/#mainImage\"},\"datePublished\":\"2026-09-04T19:37:59-03:00\",\"dateModified\":\"2026-09-04T19:38:35-03:00\"},{\"@type\":\"WebSite\",\"@id\":\"https:\\\/\\\/institucional.ufrrj.br\\\/drii\\\/#website\",\"url\":\"https:\\\/\\\/institucional.ufrrj.br\\\/drii\\\/\",\"name\":\"Departamento de Rela\\u00e7\\u00f5es Internacionais e Interinstitucionais (DRII)\",\"description\":\"Coordenadoria de Rela\\u00e7\\u00f5es Internacionais e Interinstitucionais\",\"inLanguage\":\"pt-BR\",\"publisher\":{\"@id\":\"https:\\\/\\\/institucional.ufrrj.br\\\/drii\\\/#organization\"}}]}\n\t\t<\/script>\n\t\t<!-- All in One SEO -->\n\n","aioseo_head_json":{"title":"Temos vagas no DRII - Departamento de Rela\u00e7\u00f5es Internacionais e Interinstitucionais (DRII)","description":"Quer fazer parte do projeto Comunica Corin e contribuir para as a\u00e7\u00f5es do Departamento de Rela\u00e7\u00f5es Internacionais e Interinstitucionais da UFRRJ? Essa oportunidade \u00e9 para voc\u00ea! Est\u00e3o abertas as inscri\u00e7\u00f5es para 2 bolsas de apoio t\u00e9cnico-acad\u00eamico, com atua\u00e7\u00e3o em diferentes frentes do DRII: 1 vaga para Comunica\u00e7\u00e3oAtua\u00e7\u00e3o na gest\u00e3o do site e das m\u00eddias sociais","canonical_url":"https:\/\/institucional.ufrrj.br\/drii\/temos-vagas-no-drii\/","robots":"max-image-preview:large","keywords":"","webmasterTools":{"miscellaneous":""},"schema":{"@context":"https:\/\/schema.org","@graph":[{"@type":"BlogPosting","@id":"https:\/\/institucional.ufrrj.br\/drii\/temos-vagas-no-drii\/#blogposting","name":"Temos vagas no DRII - Departamento de Rela\u00e7\u00f5es Internacionais e Interinstitucionais (DRII)","headline":"Temos vagas no DRII","author":{"@id":"https:\/\/institucional.ufrrj.br\/drii\/author\/veronicaabreu\/#author"},"publisher":{"@id":"https:\/\/institucional.ufrrj.br\/drii\/#organization"},"image":{"@type":"ImageObject","url":"https:\/\/institucional.ufrrj.br\/drii\/files\/2026\/09\/copia-de-nave-340-x-230-px_20260904_193202_0000.png","width":1063,"height":719},"datePublished":"2026-09-04T19:37:59-03:00","dateModified":"2026-09-04T19:38:35-03:00","inLanguage":"pt-BR","mainEntityOfPage":{"@id":"https:\/\/institucional.ufrrj.br\/drii\/temos-vagas-no-drii\/#webpage"},"isPartOf":{"@id":"https:\/\/institucional.ufrrj.br\/drii\/temos-vagas-no-drii\/#webpage"},"articleSection":"Not\u00edcias, Portugu\u00eas"},{"@type":"BreadcrumbList","@id":"https:\/\/institucional.ufrrj.br\/drii\/temos-vagas-no-drii\/#breadcrumblist","itemListElement":[{"@type":"ListItem","@id":"https:\/\/institucional.ufrrj.br\/drii#listItem","position":1,"name":"Home","item":"https:\/\/institucional.ufrrj.br\/drii","nextItem":{"@type":"ListItem","@id":"https:\/\/institucional.ufrrj.br\/drii\/category\/noticias\/#listItem","name":"Not\u00edcias"}},{"@type":"ListItem","@id":"https:\/\/institucional.ufrrj.br\/drii\/category\/noticias\/#listItem","position":2,"name":"Not\u00edcias","item":"https:\/\/institucional.ufrrj.br\/drii\/category\/noticias\/","nextItem":{"@type":"ListItem","@id":"https:\/\/institucional.ufrrj.br\/drii\/temos-vagas-no-drii\/#listItem","name":"Temos vagas no DRII"},"previousItem":{"@type":"ListItem","@id":"https:\/\/institucional.ufrrj.br\/drii#listItem","name":"Home"}},{"@type":"ListItem","@id":"https:\/\/institucional.ufrrj.br\/drii\/temos-vagas-no-drii\/#listItem","position":3,"name":"Temos vagas no DRII","previousItem":{"@type":"ListItem","@id":"https:\/\/institucional.ufrrj.br\/drii\/category\/noticias\/#listItem","name":"Not\u00edcias"}}]},{"@type":"Organization","@id":"https:\/\/institucional.ufrrj.br\/drii\/#organization","name":"Departamento de Rela\u00e7\u00f5es Internacionais e Interinstitucionais (DRII)","description":"Coordenadoria de Rela\u00e7\u00f5es Internacionais e Interinstitucionais","url":"https:\/\/institucional.ufrrj.br\/drii\/"},{"@type":"Person","@id":"https:\/\/institucional.ufrrj.br\/drii\/author\/veronicaabreu\/#author","url":"https:\/\/institucional.ufrrj.br\/drii\/author\/veronicaabreu\/","name":"Vieira de Abreu","image":{"@type":"ImageObject","@id":"https:\/\/institucional.ufrrj.br\/drii\/temos-vagas-no-drii\/#authorImage","url":"https:\/\/secure.gravatar.com\/avatar\/0bc293781eb0d964cf66e45c576c4c33f7926562a22388235443ab31d61c3113?s=96&d=mm&r=g","width":96,"height":96,"caption":"Vieira de Abreu"}},{"@type":"WebPage","@id":"https:\/\/institucional.ufrrj.br\/drii\/temos-vagas-no-drii\/#webpage","url":"https:\/\/institucional.ufrrj.br\/drii\/temos-vagas-no-drii\/","name":"Temos vagas no DRII - Departamento de Rela\u00e7\u00f5es Internacionais e Interinstitucionais (DRII)","description":"Quer fazer parte do projeto Comunica Corin e contribuir para as a\u00e7\u00f5es do Departamento de Rela\u00e7\u00f5es Internacionais e Interinstitucionais da UFRRJ? Essa oportunidade \u00e9 para voc\u00ea! Est\u00e3o abertas as inscri\u00e7\u00f5es para 2 bolsas de apoio t\u00e9cnico-acad\u00eamico, com atua\u00e7\u00e3o em diferentes frentes do DRII: 1 vaga para Comunica\u00e7\u00e3oAtua\u00e7\u00e3o na gest\u00e3o do site e das m\u00eddias sociais","inLanguage":"pt-BR","isPartOf":{"@id":"https:\/\/institucional.ufrrj.br\/drii\/#website"},"breadcrumb":{"@id":"https:\/\/institucional.ufrrj.br\/drii\/temos-vagas-no-drii\/#breadcrumblist"},"author":{"@id":"https:\/\/institucional.ufrrj.br\/drii\/author\/veronicaabreu\/#author"},"creator":{"@id":"https:\/\/institucional.ufrrj.br\/drii\/author\/veronicaabreu\/#author"},"image":{"@type":"ImageObject","url":"https:\/\/institucional.ufrrj.br\/drii\/files\/2026\/09\/copia-de-nave-340-x-230-px_20260904_193202_0000.png","@id":"https:\/\/institucional.ufrrj.br\/drii\/temos-vagas-no-drii\/#mainImage","width":1063,"height":719},"primaryImageOfPage":{"@id":"https:\/\/institucional.ufrrj.br\/drii\/temos-vagas-no-drii\/#mainImage"},"datePublished":"2026-09-04T19:37:59-03:00","dateModified":"2026-09-04T19:38:35-03:00"},{"@type":"WebSite","@id":"https:\/\/institucional.ufrrj.br\/drii\/#website","url":"https:\/\/institucional.ufrrj.br\/drii\/","name":"Departamento de Rela\u00e7\u00f5es Internacionais e Interinstitucionais (DRII)","description":"Coordenadoria de Rela\u00e7\u00f5es Internacionais e Interinstitucionais","inLanguage":"pt-BR","publisher":{"@id":"https:\/\/institucional.ufrrj.br\/drii\/#organization"}}]},"og:locale":"pt_BR","og:site_name":"Departamento de Rela\u00e7\u00f5es Internacionais e Interinstitucionais (DRII) - Coordenadoria de Rela\u00e7\u00f5es Internacionais e Interinstitucionais","og:type":"article","og:title":"Temos vagas no DRII - Departamento de Rela\u00e7\u00f5es Internacionais e Interinstitucionais (DRII)","og:description":"Quer fazer parte do projeto Comunica Corin e contribuir para as a\u00e7\u00f5es do Departamento de Rela\u00e7\u00f5es Internacionais e Interinstitucionais da UFRRJ? Essa oportunidade \u00e9 para voc\u00ea! Est\u00e3o abertas as inscri\u00e7\u00f5es para 2 bolsas de apoio t\u00e9cnico-acad\u00eamico, com atua\u00e7\u00e3o em diferentes frentes do DRII: 1 vaga para Comunica\u00e7\u00e3oAtua\u00e7\u00e3o na gest\u00e3o do site e das m\u00eddias sociais","og:url":"https:\/\/institucional.ufrrj.br\/drii\/temos-vagas-no-drii\/","article:published_time":"2026-09-04T22:37:59+00:00","article:modified_time":"2026-09-04T22:38:35+00:00","twitter:card":"summary_large_image","twitter:title":"Temos vagas no DRII - Departamento de Rela\u00e7\u00f5es Internacionais e Interinstitucionais (DRII)","twitter:description":"Quer fazer parte do projeto Comunica Corin e contribuir para as a\u00e7\u00f5es do Departamento de Rela\u00e7\u00f5es Internacionais e Interinstitucionais da UFRRJ? Essa oportunidade \u00e9 para voc\u00ea! Est\u00e3o abertas as inscri\u00e7\u00f5es para 2 bolsas de apoio t\u00e9cnico-acad\u00eamico, com atua\u00e7\u00e3o em diferentes frentes do DRII: 1 vaga para Comunica\u00e7\u00e3oAtua\u00e7\u00e3o na gest\u00e3o do site e das m\u00eddias sociais"},"aioseo_meta_data":{"post_id":"7594","title":null,"description":null,"keywords":null,"keyphrases":{"focus":{"keyphrase":"","score":0,"analysis":{"keyphraseInTitle":{"score":0,"maxScore":9,"error":1}}},"additional":[]},"focus_keyword":null,"additional_keywords":null,"truseo_locale":null,"primary_term":null,"canonical_url":null,"og_title":null,"og_description":null,"og_object_type":"default","og_image_type":"default","og_image_custom_url":null,"og_image_custom_fields":null,"og_image_url":null,"og_image_width":null,"og_image_height":null,"og_video":"","og_custom_url":null,"og_article_section":null,"og_article_tags":null,"twitter_use_og":false,"twitter_card":"default","twitter_image_type":"default","twitter_image_custom_url":null,"twitter_image_custom_fields":null,"twitter_image_url":null,"twitter_title":null,"twitter_description":null,"schema_type":"default","schema_type_options":null,"schema":{"blockGraphs":[],"customGraphs":[],"default":{"data":{"Article":[],"Course":[],"Dataset":[],"FAQPage":[],"Movie":[],"Person":[],"Product":[],"ProductReview":[],"Car":[],"Recipe":[],"Service":[],"SoftwareApplication":[],"WebPage":[]},"graphName":"BlogPosting","isEnabled":true},"graphs":[]},"pillar_content":false,"robots_default":true,"robots_noindex":false,"robots_noarchive":false,"robots_nosnippet":false,"robots_nofollow":false,"robots_noimageindex":false,"robots_noodp":false,"robots_notranslate":false,"robots_max_snippet":"-1","robots_max_videopreview":"-1","robots_max_imagepreview":"large","priority":null,"frequency":"default","local_seo":null,"limit_modified_date":false,"ai":{"faqs":[],"keyPoints":[],"schemas":[],"titles":[],"descriptions":[],"socialPosts":{"email":{"subject":"","preview":"","content":""},"linkedin":[],"twitter":[],"facebook":[],"instagram":[]}},"breadcrumb_settings":null,"seo_analyzer_scan_date":null,"created":"2026-09-04 22:38:01","updated":"2026-09-04 22:38:35"},"aioseo_breadcrumb":"<div class=\"aioseo-breadcrumbs\"><span class=\"aioseo-breadcrumb\">\n\t\t\t<a href=\"https:\/\/institucional.ufrrj.br\/drii\" title=\"Home\">Home<\/a>\n\t\t<\/span><span class=\"aioseo-breadcrumb-separator\">&raquo;<\/span><span class=\"aioseo-breadcrumb\">\n\t\t\t<a href=\"https:\/\/institucional.ufrrj.br\/drii\/category\/noticias\/\" title=\"Not\u00edcias\">Not\u00edcias<\/a>\n\t\t<\/span><span class=\"aioseo-breadcrumb-separator\">&raquo;<\/span><span class=\"aioseo-breadcrumb\">\n\t\t\tTemos vagas no DRII\n\t\t<\/span><\/div>","aioseo_breadcrumb_json":[{"label":"Home","link":"https:\/\/institucional.ufrrj.br\/drii"},{"label":"Not\u00edcias","link":"https:\/\/institucional.ufrrj.br\/drii\/category\/noticias\/"},{"label":"Temos vagas no DRII","link":"https:\/\/institucional.ufrrj.br\/drii\/temos-vagas-no-drii\/"}],"acf":[],"_links":{"self":[{"href":"https:\/\/institucional.ufrrj.br\/drii\/wp-json\/wp\/v2\/posts\/7594","targetHints":{"allow":["GET"]}}],"collection":[{"href":"https:\/\/institucional.ufrrj.br\/drii\/wp-json\/wp\/v2\/posts"}],"about":[{"href":"https:\/\/institucional.ufrrj.br\/drii\/wp-json\/wp\/v2\/types\/post"}],"author":[{"embeddable":true,"href":"https:\/\/institucional.ufrrj.br\/drii\/wp-json\/wp\/v2\/users\/917"}],"replies":[{"embeddable":true,"href":"https:\/\/institucional.ufrrj.br\/drii\/wp-json\/wp\/v2\/comments?post=7594"}],"version-history":[{"count":1,"href":"https:\/\/institucional.ufrrj.br\/drii\/wp-json\/wp\/v2\/posts\/7594\/revisions"}],"predecessor-version":[{"id":7596,"href":"https:\/\/institucional.ufrrj.br\/drii\/wp-json\/wp\/v2\/posts\/7594\/revisions\/7596"}],"wp:featuredmedia":[{"embeddable":true,"href":"https:\/\/institucional.ufrrj.br\/drii\/wp-json\/wp\/v2\/media\/7595"}],"wp:attachment":[{"href":"https:\/\/institucional.ufrrj.br\/drii\/wp-json\/wp\/v2\/media?parent=7594"}],"wp:term":[{"taxonomy":"category","embeddable":true,"href":"https:\/\/institucional.ufrrj.br\/drii\/wp-json\/wp\/v2\/categories?post=7594"},{"taxonomy":"post_tag","embeddable":true,"href":"https:\/\/institucional.ufrrj.br\/drii\/wp-json\/wp\/v2\/tags?post=7594"}],"curies":[{"name":"wp","href":"https:\/\/api.w.org\/{rel}","templated":true}]}}