{"id":7574,"date":"2026-08-28T20:40:11","date_gmt":"2026-08-28T23:40:11","guid":{"rendered":"https:\/\/institucional.ufrrj.br\/drii\/?p=7574"},"modified":"2026-08-28T20:40:12","modified_gmt":"2026-08-28T23:40:12","slug":"divulgacao-dos-gabaritos-exames-de-proficiencia-2","status":"publish","type":"post","link":"https:\/\/institucional.ufrrj.br\/drii\/divulgacao-dos-gabaritos-exames-de-proficiencia-2\/","title":{"rendered":"Divulga\u00e7\u00e3o dos Gabaritos \u2013 Exames de Profici\u00eancia"},"content":{"rendered":"\n<p class=\"wp-block-paragraph\">O DRII , por meio de seu N\u00facleo Gestor da Rede Andifes Isf na UFRRJ, disponibiliza as provas e os gabaritos dos exames de profici\u00eancia em L\u00edngua Inglesa e Espanhola, realizadas no dia 21 de agosto de 2026, no Pavilh\u00e3o de Aulas Te\u00f3ricas no campus Serop\u00e9dica.<\/p>\n\n\n\n<p class=\"wp-block-paragraph\">Confira as provas logo abaixo:<\/p>\n\n\n\n<p class=\"wp-block-paragraph\">Prova de ingl\u00eas<\/p>\n\n\n\n<p class=\"wp-block-paragraph\"><a href=\"https:\/\/institucional.ufrrj.br\/drii\/files\/2026\/08\/prova-2026-2-ingles-sem-respostas.pdf\">https:\/\/institucional.ufrrj.br\/drii\/files\/2026\/08\/prova-2026-2-ingles-sem-respostas.pdf<\/a><\/p>\n\n\n\n<p class=\"wp-block-paragraph\">Prova de espanhol<\/p>\n\n\n\n<p class=\"wp-block-paragraph\"><a href=\"https:\/\/institucional.ufrrj.br\/drii\/files\/2026\/08\/proficiencia-2026-2-espanhol.pdf\">https:\/\/institucional.ufrrj.br\/drii\/files\/2026\/08\/proficiencia-2026-2-espanhol.pdf<\/a><\/p>\n\n\n\n<p class=\"wp-block-paragraph\">Confira os gabaritos das provas logo abaixo:<\/p>\n\n\n\n<p class=\"wp-block-paragraph\">Gabarito de ingl\u00eas<\/p>\n\n\n\n<p class=\"wp-block-paragraph\"><a href=\"https:\/\/institucional.ufrrj.br\/drii\/files\/2026\/08\/prova-2026-2-ingles-com-respostas.pdf\">https:\/\/institucional.ufrrj.br\/drii\/files\/2026\/08\/prova-2026-2-ingles-com-respostas.pdf<\/a><\/p>\n\n\n\n<p class=\"wp-block-paragraph\">Gabarito de espanhol<\/p>\n\n\n\n<p class=\"wp-block-paragraph\"><a href=\"https:\/\/institucional.ufrrj.br\/drii\/files\/2026\/08\/gabarito_comentado_espanhol_2026_2-proficiencia.pdf\">https:\/\/institucional.ufrrj.br\/drii\/files\/2026\/08\/gabarito_comentado_espanhol_2026_2-proficiencia.pdf<\/a><\/p>\n","protected":false},"excerpt":{"rendered":"<p>O DRII , por meio de seu N\u00facleo Gestor da Rede Andifes Isf na UFRRJ, disponibiliza as provas e os gabaritos dos [&hellip;]<\/p>\n","protected":false},"author":917,"featured_media":7579,"comment_status":"closed","ping_status":"open","sticky":false,"template":"","format":"standard","meta":{"_acf_changed":false,"footnotes":"","_links_to":"","_links_to_target":""},"categories":[5],"tags":[],"class_list":["post-7574","post","type-post","status-publish","format-standard","has-post-thumbnail","hentry","category-noticias"],"aioseo_notices":[],"aioseo_head":"\n\t\t<!-- All in One SEO 5.0.1.1 - aioseo.com -->\n\t<meta name=\"description\" content=\"O DRII , por meio de seu N\u00facleo Gestor da Rede Andifes Isf na UFRRJ, disponibiliza as provas e os gabaritos dos exames de profici\u00eancia em L\u00edngua Inglesa e Espanhola, realizadas no dia 21 de agosto de 2026, no Pavilh\u00e3o de Aulas Te\u00f3ricas no campus Serop\u00e9dica. Confira as provas logo abaixo: Prova de ingl\u00eas https:\/\/institucional.ufrrj.br\/drii\/files\/2026\/08\/prova-2026-2-ingles-sem-respostas.pdf\" \/>\n\t<meta name=\"robots\" content=\"max-image-preview:large\" \/>\n\t<meta name=\"author\" content=\"Vieira de Abreu\"\/>\n\t<link rel=\"canonical\" href=\"https:\/\/institucional.ufrrj.br\/drii\/divulgacao-dos-gabaritos-exames-de-proficiencia-2\/\" \/>\n\t<meta name=\"generator\" content=\"All in One SEO (AIOSEO) 5.0.1.1\" \/>\n\t\t<meta property=\"og:locale\" content=\"pt_BR\" \/>\n\t\t<meta property=\"og:site_name\" content=\"Departamento de Rela\u00e7\u00f5es Internacionais e Interinstitucionais (DRII) - Coordenadoria de Rela\u00e7\u00f5es Internacionais e Interinstitucionais\" \/>\n\t\t<meta property=\"og:type\" content=\"article\" \/>\n\t\t<meta property=\"og:title\" content=\"Divulga\u00e7\u00e3o dos Gabaritos \u2013 Exames de Profici\u00eancia - Departamento de Rela\u00e7\u00f5es Internacionais e Interinstitucionais (DRII)\" \/>\n\t\t<meta property=\"og:description\" content=\"O DRII , por meio de seu N\u00facleo Gestor da Rede Andifes Isf na UFRRJ, disponibiliza as provas e os gabaritos dos exames de profici\u00eancia em L\u00edngua Inglesa e Espanhola, realizadas no dia 21 de agosto de 2026, no Pavilh\u00e3o de Aulas Te\u00f3ricas no campus Serop\u00e9dica. Confira as provas logo abaixo: Prova de ingl\u00eas https:\/\/institucional.ufrrj.br\/drii\/files\/2026\/08\/prova-2026-2-ingles-sem-respostas.pdf\" \/>\n\t\t<meta property=\"og:url\" content=\"https:\/\/institucional.ufrrj.br\/drii\/divulgacao-dos-gabaritos-exames-de-proficiencia-2\/\" \/>\n\t\t<meta property=\"article:published_time\" content=\"2026-08-28T23:40:11+00:00\" \/>\n\t\t<meta property=\"article:modified_time\" content=\"2026-08-28T23:40:12+00:00\" \/>\n\t\t<meta name=\"twitter:card\" content=\"summary_large_image\" \/>\n\t\t<meta name=\"twitter:title\" content=\"Divulga\u00e7\u00e3o dos Gabaritos \u2013 Exames de Profici\u00eancia - Departamento de Rela\u00e7\u00f5es Internacionais e Interinstitucionais (DRII)\" \/>\n\t\t<meta name=\"twitter:description\" content=\"O DRII , por meio de seu N\u00facleo Gestor da Rede Andifes Isf na UFRRJ, disponibiliza as provas e os gabaritos dos exames de profici\u00eancia em L\u00edngua Inglesa e Espanhola, realizadas no dia 21 de agosto de 2026, no Pavilh\u00e3o de Aulas Te\u00f3ricas no campus Serop\u00e9dica. Confira as provas logo abaixo: Prova de ingl\u00eas https:\/\/institucional.ufrrj.br\/drii\/files\/2026\/08\/prova-2026-2-ingles-sem-respostas.pdf\" \/>\n\t\t<script type=\"application\/ld+json\" class=\"aioseo-schema\">\n\t\t\t{\"@context\":\"https:\\\/\\\/schema.org\",\"@graph\":[{\"@type\":\"BlogPosting\",\"@id\":\"https:\\\/\\\/institucional.ufrrj.br\\\/drii\\\/divulgacao-dos-gabaritos-exames-de-proficiencia-2\\\/#blogposting\",\"name\":\"Divulga\\u00e7\\u00e3o dos Gabaritos \\u2013 Exames de Profici\\u00eancia - Departamento de Rela\\u00e7\\u00f5es Internacionais e Interinstitucionais (DRII)\",\"headline\":\"Divulga\\u00e7\\u00e3o dos Gabaritos \\u2013 Exames de Profici\\u00eancia\",\"author\":{\"@id\":\"https:\\\/\\\/institucional.ufrrj.br\\\/drii\\\/author\\\/veronicaabreu\\\/#author\"},\"publisher\":{\"@id\":\"https:\\\/\\\/institucional.ufrrj.br\\\/drii\\\/#organization\"},\"image\":{\"@type\":\"ImageObject\",\"url\":\"https:\\\/\\\/institucional.ufrrj.br\\\/drii\\\/files\\\/2026\\\/08\\\/gabaritos-340-x-230-px_20260828_202204_0000-e1787960396606.png\",\"width\":340,\"height\":230},\"datePublished\":\"2026-08-28T20:40:11-03:00\",\"dateModified\":\"2026-08-28T20:40:12-03:00\",\"inLanguage\":\"pt-BR\",\"mainEntityOfPage\":{\"@id\":\"https:\\\/\\\/institucional.ufrrj.br\\\/drii\\\/divulgacao-dos-gabaritos-exames-de-proficiencia-2\\\/#webpage\"},\"isPartOf\":{\"@id\":\"https:\\\/\\\/institucional.ufrrj.br\\\/drii\\\/divulgacao-dos-gabaritos-exames-de-proficiencia-2\\\/#webpage\"},\"articleSection\":\"Not\\u00edcias, Portugu\\u00eas\"},{\"@type\":\"BreadcrumbList\",\"@id\":\"https:\\\/\\\/institucional.ufrrj.br\\\/drii\\\/divulgacao-dos-gabaritos-exames-de-proficiencia-2\\\/#breadcrumblist\",\"itemListElement\":[{\"@type\":\"ListItem\",\"@id\":\"https:\\\/\\\/institucional.ufrrj.br\\\/drii#listItem\",\"position\":1,\"name\":\"Home\",\"item\":\"https:\\\/\\\/institucional.ufrrj.br\\\/drii\",\"nextItem\":{\"@type\":\"ListItem\",\"@id\":\"https:\\\/\\\/institucional.ufrrj.br\\\/drii\\\/category\\\/noticias\\\/#listItem\",\"name\":\"Not\\u00edcias\"}},{\"@type\":\"ListItem\",\"@id\":\"https:\\\/\\\/institucional.ufrrj.br\\\/drii\\\/category\\\/noticias\\\/#listItem\",\"position\":2,\"name\":\"Not\\u00edcias\",\"item\":\"https:\\\/\\\/institucional.ufrrj.br\\\/drii\\\/category\\\/noticias\\\/\",\"nextItem\":{\"@type\":\"ListItem\",\"@id\":\"https:\\\/\\\/institucional.ufrrj.br\\\/drii\\\/divulgacao-dos-gabaritos-exames-de-proficiencia-2\\\/#listItem\",\"name\":\"Divulga\\u00e7\\u00e3o dos Gabaritos \\u2013 Exames de Profici\\u00eancia\"},\"previousItem\":{\"@type\":\"ListItem\",\"@id\":\"https:\\\/\\\/institucional.ufrrj.br\\\/drii#listItem\",\"name\":\"Home\"}},{\"@type\":\"ListItem\",\"@id\":\"https:\\\/\\\/institucional.ufrrj.br\\\/drii\\\/divulgacao-dos-gabaritos-exames-de-proficiencia-2\\\/#listItem\",\"position\":3,\"name\":\"Divulga\\u00e7\\u00e3o dos Gabaritos \\u2013 Exames de Profici\\u00eancia\",\"previousItem\":{\"@type\":\"ListItem\",\"@id\":\"https:\\\/\\\/institucional.ufrrj.br\\\/drii\\\/category\\\/noticias\\\/#listItem\",\"name\":\"Not\\u00edcias\"}}]},{\"@type\":\"Organization\",\"@id\":\"https:\\\/\\\/institucional.ufrrj.br\\\/drii\\\/#organization\",\"name\":\"Departamento de Rela\\u00e7\\u00f5es Internacionais e Interinstitucionais (DRII)\",\"description\":\"Coordenadoria de Rela\\u00e7\\u00f5es Internacionais e Interinstitucionais\",\"url\":\"https:\\\/\\\/institucional.ufrrj.br\\\/drii\\\/\"},{\"@type\":\"Person\",\"@id\":\"https:\\\/\\\/institucional.ufrrj.br\\\/drii\\\/author\\\/veronicaabreu\\\/#author\",\"url\":\"https:\\\/\\\/institucional.ufrrj.br\\\/drii\\\/author\\\/veronicaabreu\\\/\",\"name\":\"Vieira de Abreu\",\"image\":{\"@type\":\"ImageObject\",\"@id\":\"https:\\\/\\\/institucional.ufrrj.br\\\/drii\\\/divulgacao-dos-gabaritos-exames-de-proficiencia-2\\\/#authorImage\",\"url\":\"https:\\\/\\\/secure.gravatar.com\\\/avatar\\\/0bc293781eb0d964cf66e45c576c4c33f7926562a22388235443ab31d61c3113?s=96&d=mm&r=g\",\"width\":96,\"height\":96,\"caption\":\"Vieira de Abreu\"}},{\"@type\":\"WebPage\",\"@id\":\"https:\\\/\\\/institucional.ufrrj.br\\\/drii\\\/divulgacao-dos-gabaritos-exames-de-proficiencia-2\\\/#webpage\",\"url\":\"https:\\\/\\\/institucional.ufrrj.br\\\/drii\\\/divulgacao-dos-gabaritos-exames-de-proficiencia-2\\\/\",\"name\":\"Divulga\\u00e7\\u00e3o dos Gabaritos \\u2013 Exames de Profici\\u00eancia - Departamento de Rela\\u00e7\\u00f5es Internacionais e Interinstitucionais (DRII)\",\"description\":\"O DRII , por meio de seu N\\u00facleo Gestor da Rede Andifes Isf na UFRRJ, disponibiliza as provas e os gabaritos dos exames de profici\\u00eancia em L\\u00edngua Inglesa e Espanhola, realizadas no dia 21 de agosto de 2026, no Pavilh\\u00e3o de Aulas Te\\u00f3ricas no campus Serop\\u00e9dica. Confira as provas logo abaixo: Prova de ingl\\u00eas https:\\\/\\\/institucional.ufrrj.br\\\/drii\\\/files\\\/2026\\\/08\\\/prova-2026-2-ingles-sem-respostas.pdf\",\"inLanguage\":\"pt-BR\",\"isPartOf\":{\"@id\":\"https:\\\/\\\/institucional.ufrrj.br\\\/drii\\\/#website\"},\"breadcrumb\":{\"@id\":\"https:\\\/\\\/institucional.ufrrj.br\\\/drii\\\/divulgacao-dos-gabaritos-exames-de-proficiencia-2\\\/#breadcrumblist\"},\"author\":{\"@id\":\"https:\\\/\\\/institucional.ufrrj.br\\\/drii\\\/author\\\/veronicaabreu\\\/#author\"},\"creator\":{\"@id\":\"https:\\\/\\\/institucional.ufrrj.br\\\/drii\\\/author\\\/veronicaabreu\\\/#author\"},\"image\":{\"@type\":\"ImageObject\",\"url\":\"https:\\\/\\\/institucional.ufrrj.br\\\/drii\\\/files\\\/2026\\\/08\\\/gabaritos-340-x-230-px_20260828_202204_0000-e1787960396606.png\",\"@id\":\"https:\\\/\\\/institucional.ufrrj.br\\\/drii\\\/divulgacao-dos-gabaritos-exames-de-proficiencia-2\\\/#mainImage\",\"width\":340,\"height\":230},\"primaryImageOfPage\":{\"@id\":\"https:\\\/\\\/institucional.ufrrj.br\\\/drii\\\/divulgacao-dos-gabaritos-exames-de-proficiencia-2\\\/#mainImage\"},\"datePublished\":\"2026-08-28T20:40:11-03:00\",\"dateModified\":\"2026-08-28T20:40:12-03:00\"},{\"@type\":\"WebSite\",\"@id\":\"https:\\\/\\\/institucional.ufrrj.br\\\/drii\\\/#website\",\"url\":\"https:\\\/\\\/institucional.ufrrj.br\\\/drii\\\/\",\"name\":\"Departamento de Rela\\u00e7\\u00f5es Internacionais e Interinstitucionais (DRII)\",\"description\":\"Coordenadoria de Rela\\u00e7\\u00f5es Internacionais e Interinstitucionais\",\"inLanguage\":\"pt-BR\",\"publisher\":{\"@id\":\"https:\\\/\\\/institucional.ufrrj.br\\\/drii\\\/#organization\"}}]}\n\t\t<\/script>\n\t\t<!-- All in One SEO -->\n\n","aioseo_head_json":{"title":"Divulga\u00e7\u00e3o dos Gabaritos \u2013 Exames de Profici\u00eancia - Departamento de Rela\u00e7\u00f5es Internacionais e Interinstitucionais (DRII)","description":"O DRII , por meio de seu N\u00facleo Gestor da Rede Andifes Isf na UFRRJ, disponibiliza as provas e os gabaritos dos exames de profici\u00eancia em L\u00edngua Inglesa e Espanhola, realizadas no dia 21 de agosto de 2026, no Pavilh\u00e3o de Aulas Te\u00f3ricas no campus Serop\u00e9dica. Confira as provas logo abaixo: Prova de ingl\u00eas https:\/\/institucional.ufrrj.br\/drii\/files\/2026\/08\/prova-2026-2-ingles-sem-respostas.pdf","canonical_url":"https:\/\/institucional.ufrrj.br\/drii\/divulgacao-dos-gabaritos-exames-de-proficiencia-2\/","robots":"max-image-preview:large","keywords":"","webmasterTools":{"miscellaneous":""},"schema":{"@context":"https:\/\/schema.org","@graph":[{"@type":"BlogPosting","@id":"https:\/\/institucional.ufrrj.br\/drii\/divulgacao-dos-gabaritos-exames-de-proficiencia-2\/#blogposting","name":"Divulga\u00e7\u00e3o dos Gabaritos \u2013 Exames de Profici\u00eancia - Departamento de Rela\u00e7\u00f5es Internacionais e Interinstitucionais (DRII)","headline":"Divulga\u00e7\u00e3o dos Gabaritos \u2013 Exames de Profici\u00eancia","author":{"@id":"https:\/\/institucional.ufrrj.br\/drii\/author\/veronicaabreu\/#author"},"publisher":{"@id":"https:\/\/institucional.ufrrj.br\/drii\/#organization"},"image":{"@type":"ImageObject","url":"https:\/\/institucional.ufrrj.br\/drii\/files\/2026\/08\/gabaritos-340-x-230-px_20260828_202204_0000-e1787960396606.png","width":340,"height":230},"datePublished":"2026-08-28T20:40:11-03:00","dateModified":"2026-08-28T20:40:12-03:00","inLanguage":"pt-BR","mainEntityOfPage":{"@id":"https:\/\/institucional.ufrrj.br\/drii\/divulgacao-dos-gabaritos-exames-de-proficiencia-2\/#webpage"},"isPartOf":{"@id":"https:\/\/institucional.ufrrj.br\/drii\/divulgacao-dos-gabaritos-exames-de-proficiencia-2\/#webpage"},"articleSection":"Not\u00edcias, Portugu\u00eas"},{"@type":"BreadcrumbList","@id":"https:\/\/institucional.ufrrj.br\/drii\/divulgacao-dos-gabaritos-exames-de-proficiencia-2\/#breadcrumblist","itemListElement":[{"@type":"ListItem","@id":"https:\/\/institucional.ufrrj.br\/drii#listItem","position":1,"name":"Home","item":"https:\/\/institucional.ufrrj.br\/drii","nextItem":{"@type":"ListItem","@id":"https:\/\/institucional.ufrrj.br\/drii\/category\/noticias\/#listItem","name":"Not\u00edcias"}},{"@type":"ListItem","@id":"https:\/\/institucional.ufrrj.br\/drii\/category\/noticias\/#listItem","position":2,"name":"Not\u00edcias","item":"https:\/\/institucional.ufrrj.br\/drii\/category\/noticias\/","nextItem":{"@type":"ListItem","@id":"https:\/\/institucional.ufrrj.br\/drii\/divulgacao-dos-gabaritos-exames-de-proficiencia-2\/#listItem","name":"Divulga\u00e7\u00e3o dos Gabaritos \u2013 Exames de Profici\u00eancia"},"previousItem":{"@type":"ListItem","@id":"https:\/\/institucional.ufrrj.br\/drii#listItem","name":"Home"}},{"@type":"ListItem","@id":"https:\/\/institucional.ufrrj.br\/drii\/divulgacao-dos-gabaritos-exames-de-proficiencia-2\/#listItem","position":3,"name":"Divulga\u00e7\u00e3o dos Gabaritos \u2013 Exames de Profici\u00eancia","previousItem":{"@type":"ListItem","@id":"https:\/\/institucional.ufrrj.br\/drii\/category\/noticias\/#listItem","name":"Not\u00edcias"}}]},{"@type":"Organization","@id":"https:\/\/institucional.ufrrj.br\/drii\/#organization","name":"Departamento de Rela\u00e7\u00f5es Internacionais e Interinstitucionais (DRII)","description":"Coordenadoria de Rela\u00e7\u00f5es Internacionais e Interinstitucionais","url":"https:\/\/institucional.ufrrj.br\/drii\/"},{"@type":"Person","@id":"https:\/\/institucional.ufrrj.br\/drii\/author\/veronicaabreu\/#author","url":"https:\/\/institucional.ufrrj.br\/drii\/author\/veronicaabreu\/","name":"Vieira de Abreu","image":{"@type":"ImageObject","@id":"https:\/\/institucional.ufrrj.br\/drii\/divulgacao-dos-gabaritos-exames-de-proficiencia-2\/#authorImage","url":"https:\/\/secure.gravatar.com\/avatar\/0bc293781eb0d964cf66e45c576c4c33f7926562a22388235443ab31d61c3113?s=96&d=mm&r=g","width":96,"height":96,"caption":"Vieira de Abreu"}},{"@type":"WebPage","@id":"https:\/\/institucional.ufrrj.br\/drii\/divulgacao-dos-gabaritos-exames-de-proficiencia-2\/#webpage","url":"https:\/\/institucional.ufrrj.br\/drii\/divulgacao-dos-gabaritos-exames-de-proficiencia-2\/","name":"Divulga\u00e7\u00e3o dos Gabaritos \u2013 Exames de Profici\u00eancia - Departamento de Rela\u00e7\u00f5es Internacionais e Interinstitucionais (DRII)","description":"O DRII , por meio de seu N\u00facleo Gestor da Rede Andifes Isf na UFRRJ, disponibiliza as provas e os gabaritos dos exames de profici\u00eancia em L\u00edngua Inglesa e Espanhola, realizadas no dia 21 de agosto de 2026, no Pavilh\u00e3o de Aulas Te\u00f3ricas no campus Serop\u00e9dica. Confira as provas logo abaixo: Prova de ingl\u00eas https:\/\/institucional.ufrrj.br\/drii\/files\/2026\/08\/prova-2026-2-ingles-sem-respostas.pdf","inLanguage":"pt-BR","isPartOf":{"@id":"https:\/\/institucional.ufrrj.br\/drii\/#website"},"breadcrumb":{"@id":"https:\/\/institucional.ufrrj.br\/drii\/divulgacao-dos-gabaritos-exames-de-proficiencia-2\/#breadcrumblist"},"author":{"@id":"https:\/\/institucional.ufrrj.br\/drii\/author\/veronicaabreu\/#author"},"creator":{"@id":"https:\/\/institucional.ufrrj.br\/drii\/author\/veronicaabreu\/#author"},"image":{"@type":"ImageObject","url":"https:\/\/institucional.ufrrj.br\/drii\/files\/2026\/08\/gabaritos-340-x-230-px_20260828_202204_0000-e1787960396606.png","@id":"https:\/\/institucional.ufrrj.br\/drii\/divulgacao-dos-gabaritos-exames-de-proficiencia-2\/#mainImage","width":340,"height":230},"primaryImageOfPage":{"@id":"https:\/\/institucional.ufrrj.br\/drii\/divulgacao-dos-gabaritos-exames-de-proficiencia-2\/#mainImage"},"datePublished":"2026-08-28T20:40:11-03:00","dateModified":"2026-08-28T20:40:12-03:00"},{"@type":"WebSite","@id":"https:\/\/institucional.ufrrj.br\/drii\/#website","url":"https:\/\/institucional.ufrrj.br\/drii\/","name":"Departamento de Rela\u00e7\u00f5es Internacionais e Interinstitucionais (DRII)","description":"Coordenadoria de Rela\u00e7\u00f5es Internacionais e Interinstitucionais","inLanguage":"pt-BR","publisher":{"@id":"https:\/\/institucional.ufrrj.br\/drii\/#organization"}}]},"og:locale":"pt_BR","og:site_name":"Departamento de Rela\u00e7\u00f5es Internacionais e Interinstitucionais (DRII) - Coordenadoria de Rela\u00e7\u00f5es Internacionais e Interinstitucionais","og:type":"article","og:title":"Divulga\u00e7\u00e3o dos Gabaritos \u2013 Exames de Profici\u00eancia - Departamento de Rela\u00e7\u00f5es Internacionais e Interinstitucionais (DRII)","og:description":"O DRII , por meio de seu N\u00facleo Gestor da Rede Andifes Isf na UFRRJ, disponibiliza as provas e os gabaritos dos exames de profici\u00eancia em L\u00edngua Inglesa e Espanhola, realizadas no dia 21 de agosto de 2026, no Pavilh\u00e3o de Aulas Te\u00f3ricas no campus Serop\u00e9dica. Confira as provas logo abaixo: Prova de ingl\u00eas https:\/\/institucional.ufrrj.br\/drii\/files\/2026\/08\/prova-2026-2-ingles-sem-respostas.pdf","og:url":"https:\/\/institucional.ufrrj.br\/drii\/divulgacao-dos-gabaritos-exames-de-proficiencia-2\/","article:published_time":"2026-08-28T23:40:11+00:00","article:modified_time":"2026-08-28T23:40:12+00:00","twitter:card":"summary_large_image","twitter:title":"Divulga\u00e7\u00e3o dos Gabaritos \u2013 Exames de Profici\u00eancia - Departamento de Rela\u00e7\u00f5es Internacionais e Interinstitucionais (DRII)","twitter:description":"O DRII , por meio de seu N\u00facleo Gestor da Rede Andifes Isf na UFRRJ, disponibiliza as provas e os gabaritos dos exames de profici\u00eancia em L\u00edngua Inglesa e Espanhola, realizadas no dia 21 de agosto de 2026, no Pavilh\u00e3o de Aulas Te\u00f3ricas no campus Serop\u00e9dica. Confira as provas logo abaixo: Prova de ingl\u00eas https:\/\/institucional.ufrrj.br\/drii\/files\/2026\/08\/prova-2026-2-ingles-sem-respostas.pdf"},"aioseo_meta_data":{"post_id":"7574","title":null,"description":null,"keywords":null,"keyphrases":null,"focus_keyword":null,"additional_keywords":null,"truseo_locale":null,"primary_term":null,"canonical_url":null,"og_title":null,"og_description":null,"og_object_type":"default","og_image_type":"default","og_image_custom_url":null,"og_image_custom_fields":null,"og_image_url":null,"og_image_width":null,"og_image_height":null,"og_video":null,"og_custom_url":null,"og_article_section":null,"og_article_tags":null,"twitter_use_og":false,"twitter_card":"default","twitter_image_type":"default","twitter_image_custom_url":null,"twitter_image_custom_fields":null,"twitter_image_url":null,"twitter_title":null,"twitter_description":null,"schema_type":"default","schema_type_options":null,"schema":{"blockGraphs":[],"customGraphs":[],"default":{"data":{"Article":[],"Course":[],"Dataset":[],"FAQPage":[],"Movie":[],"Person":[],"Product":[],"ProductReview":[],"Car":[],"Recipe":[],"Service":[],"SoftwareApplication":[],"WebPage":[]},"graphName":"","isEnabled":true},"graphs":[]},"pillar_content":false,"robots_default":true,"robots_noindex":false,"robots_noarchive":false,"robots_nosnippet":false,"robots_nofollow":false,"robots_noimageindex":false,"robots_noodp":false,"robots_notranslate":false,"robots_max_snippet":null,"robots_max_videopreview":null,"robots_max_imagepreview":"large","priority":null,"frequency":null,"local_seo":null,"limit_modified_date":false,"ai":null,"breadcrumb_settings":null,"seo_analyzer_scan_date":null,"created":"2026-09-03 03:40:34","updated":"2026-09-03 03:40:34"},"aioseo_breadcrumb":"<div class=\"aioseo-breadcrumbs\"><span class=\"aioseo-breadcrumb\">\n\t\t\t<a href=\"https:\/\/institucional.ufrrj.br\/drii\" title=\"Home\">Home<\/a>\n\t\t<\/span><span class=\"aioseo-breadcrumb-separator\">&raquo;<\/span><span class=\"aioseo-breadcrumb\">\n\t\t\t<a href=\"https:\/\/institucional.ufrrj.br\/drii\/category\/noticias\/\" title=\"Not\u00edcias\">Not\u00edcias<\/a>\n\t\t<\/span><span class=\"aioseo-breadcrumb-separator\">&raquo;<\/span><span class=\"aioseo-breadcrumb\">\n\t\t\tDivulga\u00e7\u00e3o dos Gabaritos \u2013 Exames de Profici\u00eancia\n\t\t<\/span><\/div>","aioseo_breadcrumb_json":[{"label":"Home","link":"https:\/\/institucional.ufrrj.br\/drii"},{"label":"Not\u00edcias","link":"https:\/\/institucional.ufrrj.br\/drii\/category\/noticias\/"},{"label":"Divulga\u00e7\u00e3o dos Gabaritos \u2013 Exames de Profici\u00eancia","link":"https:\/\/institucional.ufrrj.br\/drii\/divulgacao-dos-gabaritos-exames-de-proficiencia-2\/"}],"acf":[],"_links":{"self":[{"href":"https:\/\/institucional.ufrrj.br\/drii\/wp-json\/wp\/v2\/posts\/7574","targetHints":{"allow":["GET"]}}],"collection":[{"href":"https:\/\/institucional.ufrrj.br\/drii\/wp-json\/wp\/v2\/posts"}],"about":[{"href":"https:\/\/institucional.ufrrj.br\/drii\/wp-json\/wp\/v2\/types\/post"}],"author":[{"embeddable":true,"href":"https:\/\/institucional.ufrrj.br\/drii\/wp-json\/wp\/v2\/users\/917"}],"replies":[{"embeddable":true,"href":"https:\/\/institucional.ufrrj.br\/drii\/wp-json\/wp\/v2\/comments?post=7574"}],"version-history":[{"count":1,"href":"https:\/\/institucional.ufrrj.br\/drii\/wp-json\/wp\/v2\/posts\/7574\/revisions"}],"predecessor-version":[{"id":7580,"href":"https:\/\/institucional.ufrrj.br\/drii\/wp-json\/wp\/v2\/posts\/7574\/revisions\/7580"}],"wp:featuredmedia":[{"embeddable":true,"href":"https:\/\/institucional.ufrrj.br\/drii\/wp-json\/wp\/v2\/media\/7579"}],"wp:attachment":[{"href":"https:\/\/institucional.ufrrj.br\/drii\/wp-json\/wp\/v2\/media?parent=7574"}],"wp:term":[{"taxonomy":"category","embeddable":true,"href":"https:\/\/institucional.ufrrj.br\/drii\/wp-json\/wp\/v2\/categories?post=7574"},{"taxonomy":"post_tag","embeddable":true,"href":"https:\/\/institucional.ufrrj.br\/drii\/wp-json\/wp\/v2\/tags?post=7574"}],"curies":[{"name":"wp","href":"https:\/\/api.w.org\/{rel}","templated":true}]}}