{"id":7571,"date":"2026-08-28T16:26:04","date_gmt":"2026-08-28T19:26:04","guid":{"rendered":"https:\/\/institucional.ufrrj.br\/drii\/?p=7571"},"modified":"2026-08-28T16:26:38","modified_gmt":"2026-08-28T19:26:38","slug":"edital-publicado-a-oferta-coletiva-da-rede-andifes-isf-2026-2-ja-esta-no-ar","status":"publish","type":"post","link":"https:\/\/institucional.ufrrj.br\/drii\/edital-publicado-a-oferta-coletiva-da-rede-andifes-isf-2026-2-ja-esta-no-ar\/","title":{"rendered":"Edital Publicado! A Oferta Coletiva da Rede Andifes Isf 2026.2 j\u00e1 est\u00e1 no ar"},"content":{"rendered":"\n<p class=\"wp-block-paragraph\">O que voc\u00ea precisa fazer agora:<\/p>\n\n\n\n<p class=\"wp-block-paragraph\">\u2022Acesse o edital dispon\u00edvel no link <a href=\"https:\/\/www.andifes.org.br\/wp-content\/uploads\/2026\/08\/EDITAL-OFERTA-COLETIVA_2SEM2026-2.pdf\">https:\/\/www.andifes.org.br\/wp-content\/uploads\/2026\/08\/EDITAL-OFERTA-COLETIVA_2SEM2026-2.pdf<\/a> e leia com aten\u00e7\u00e3o.<\/p>\n\n\n\n<p class=\"wp-block-paragraph\">\u2022Escolha qual dos 7 idiomas voc\u00ea quer estudar: Alem\u00e3o, Espanhol, Franc\u00eas, Ingl\u00eas, Italiano, Japon\u00eas ou Portugu\u00eas.<\/p>\n\n\n\n<p class=\"wp-block-paragraph\">\u2022Se prepare porque as inscri\u00e7\u00f5es come\u00e7am dia 31\/08\/2026 ( segunda feira).<\/p>\n\n\n\n<p class=\"wp-block-paragraph\">N\u00e3o esque\u00e7a: a sele\u00e7\u00e3o \u00e9 feita por ordem de inscri\u00e7\u00e3o e cada pessoa s\u00f3 pode se inscrever em1 curso\/ idioma por oferta.<\/p>\n\n\n\n<p class=\"wp-block-paragraph\">Datas importantes:<br>Inscri\u00e7\u00f5es: 31\/08 a 10\/09<br>Resultados: 02\/10<br>In\u00edcio das Aulas: 05\/10.<\/p>\n\n\n\n<p class=\"wp-block-paragraph\">Idiomas: <a href=\"https:\/\/www.andifes.org.br\/wp-content\/uploads\/2026\/08\/EDITAL-OFERTA-COLETIVA_2SEM2026-2.pdf\">https:\/\/www.andifes.org.br\/wp-content\/uploads\/2026\/08\/EDITAL-OFERTA-COLETIVA_2SEM2026-2.pdf<\/a><\/p>\n\n\n\n<p class=\"wp-block-paragraph\">Portugu\u00eas: <a href=\"https:\/\/www.andifes.org.br\/wp-content\/uploads\/2026\/08\/EDITAL-OFERTA-2SEM2026-PORTUGUE%CC%82S.pdf\">https:\/\/www.andifes.org.br\/wp-content\/uploads\/2026\/08\/EDITAL-OFERTA-2SEM2026-PORTUGUE%CC%82S.pdf<\/a><\/p>\n","protected":false},"excerpt":{"rendered":"<p>O que voc\u00ea precisa fazer agora: \u2022Acesse o edital dispon\u00edvel no link https:\/\/www.andifes.org.br\/wp-content\/uploads\/2026\/08\/EDITAL-OFERTA-COLETIVA_2SEM2026-2.pdf e leia com aten\u00e7\u00e3o. \u2022Escolha qual dos 7 idiomas [&hellip;]<\/p>\n","protected":false},"author":917,"featured_media":7572,"comment_status":"closed","ping_status":"open","sticky":false,"template":"","format":"standard","meta":{"_acf_changed":false,"footnotes":"","_links_to":"","_links_to_target":""},"categories":[5],"tags":[],"class_list":["post-7571","post","type-post","status-publish","format-standard","has-post-thumbnail","hentry","category-noticias"],"aioseo_notices":[],"aioseo_head":"\n\t\t<!-- All in One SEO 5.0.1.1 - aioseo.com -->\n\t<meta name=\"description\" content=\"O que voc\u00ea precisa fazer agora: \u2022Acesse o edital dispon\u00edvel no link https:\/\/www.andifes.org.br\/wp-content\/uploads\/2026\/08\/EDITAL-OFERTA-COLETIVA_2SEM2026-2.pdf e leia com aten\u00e7\u00e3o. \u2022Escolha qual dos 7 idiomas voc\u00ea quer estudar: Alem\u00e3o, Espanhol, Franc\u00eas, Ingl\u00eas, Italiano, Japon\u00eas ou Portugu\u00eas. \u2022Se prepare porque as inscri\u00e7\u00f5es come\u00e7am dia 31\/08\/2026 ( segunda feira). N\u00e3o esque\u00e7a: a sele\u00e7\u00e3o \u00e9 feita por ordem de inscri\u00e7\u00e3o e\" \/>\n\t<meta name=\"robots\" content=\"max-image-preview:large\" \/>\n\t<meta name=\"author\" content=\"Vieira de Abreu\"\/>\n\t<link rel=\"canonical\" href=\"https:\/\/institucional.ufrrj.br\/drii\/edital-publicado-a-oferta-coletiva-da-rede-andifes-isf-2026-2-ja-esta-no-ar\/\" \/>\n\t<meta name=\"generator\" content=\"All in One SEO (AIOSEO) 5.0.1.1\" \/>\n\t\t<meta property=\"og:locale\" content=\"pt_BR\" \/>\n\t\t<meta property=\"og:site_name\" content=\"Departamento de Rela\u00e7\u00f5es Internacionais e Interinstitucionais (DRII) - Coordenadoria de Rela\u00e7\u00f5es Internacionais e Interinstitucionais\" \/>\n\t\t<meta property=\"og:type\" content=\"article\" \/>\n\t\t<meta property=\"og:title\" content=\"Edital Publicado! A Oferta Coletiva da Rede Andifes Isf 2026.2 j\u00e1 est\u00e1 no ar - Departamento de Rela\u00e7\u00f5es Internacionais e Interinstitucionais (DRII)\" \/>\n\t\t<meta property=\"og:description\" content=\"O que voc\u00ea precisa fazer agora: \u2022Acesse o edital dispon\u00edvel no link https:\/\/www.andifes.org.br\/wp-content\/uploads\/2026\/08\/EDITAL-OFERTA-COLETIVA_2SEM2026-2.pdf e leia com aten\u00e7\u00e3o. \u2022Escolha qual dos 7 idiomas voc\u00ea quer estudar: Alem\u00e3o, Espanhol, Franc\u00eas, Ingl\u00eas, Italiano, Japon\u00eas ou Portugu\u00eas. \u2022Se prepare porque as inscri\u00e7\u00f5es come\u00e7am dia 31\/08\/2026 ( segunda feira). N\u00e3o esque\u00e7a: a sele\u00e7\u00e3o \u00e9 feita por ordem de inscri\u00e7\u00e3o e\" \/>\n\t\t<meta property=\"og:url\" content=\"https:\/\/institucional.ufrrj.br\/drii\/edital-publicado-a-oferta-coletiva-da-rede-andifes-isf-2026-2-ja-esta-no-ar\/\" \/>\n\t\t<meta property=\"article:published_time\" content=\"2026-08-28T19:26:04+00:00\" \/>\n\t\t<meta property=\"article:modified_time\" content=\"2026-08-28T19:26:38+00:00\" \/>\n\t\t<meta name=\"twitter:card\" content=\"summary_large_image\" \/>\n\t\t<meta name=\"twitter:title\" content=\"Edital Publicado! A Oferta Coletiva da Rede Andifes Isf 2026.2 j\u00e1 est\u00e1 no ar - Departamento de Rela\u00e7\u00f5es Internacionais e Interinstitucionais (DRII)\" \/>\n\t\t<meta name=\"twitter:description\" content=\"O que voc\u00ea precisa fazer agora: \u2022Acesse o edital dispon\u00edvel no link https:\/\/www.andifes.org.br\/wp-content\/uploads\/2026\/08\/EDITAL-OFERTA-COLETIVA_2SEM2026-2.pdf e leia com aten\u00e7\u00e3o. \u2022Escolha qual dos 7 idiomas voc\u00ea quer estudar: Alem\u00e3o, Espanhol, Franc\u00eas, Ingl\u00eas, Italiano, Japon\u00eas ou Portugu\u00eas. \u2022Se prepare porque as inscri\u00e7\u00f5es come\u00e7am dia 31\/08\/2026 ( segunda feira). N\u00e3o esque\u00e7a: a sele\u00e7\u00e3o \u00e9 feita por ordem de inscri\u00e7\u00e3o e\" \/>\n\t\t<script type=\"application\/ld+json\" class=\"aioseo-schema\">\n\t\t\t{\"@context\":\"https:\\\/\\\/schema.org\",\"@graph\":[{\"@type\":\"BlogPosting\",\"@id\":\"https:\\\/\\\/institucional.ufrrj.br\\\/drii\\\/edital-publicado-a-oferta-coletiva-da-rede-andifes-isf-2026-2-ja-esta-no-ar\\\/#blogposting\",\"name\":\"Edital Publicado! A Oferta Coletiva da Rede Andifes Isf 2026.2 j\\u00e1 est\\u00e1 no ar - Departamento de Rela\\u00e7\\u00f5es Internacionais e Interinstitucionais (DRII)\",\"headline\":\"Edital Publicado! A Oferta Coletiva da Rede Andifes Isf 2026.2 j\\u00e1 est\\u00e1 no ar\",\"author\":{\"@id\":\"https:\\\/\\\/institucional.ufrrj.br\\\/drii\\\/author\\\/veronicaabreu\\\/#author\"},\"publisher\":{\"@id\":\"https:\\\/\\\/institucional.ufrrj.br\\\/drii\\\/#organization\"},\"image\":{\"@type\":\"ImageObject\",\"url\":\"https:\\\/\\\/institucional.ufrrj.br\\\/drii\\\/files\\\/2026\\\/08\\\/img-20260828-wa0155.jpg\",\"width\":1080,\"height\":1350},\"datePublished\":\"2026-08-28T16:26:04-03:00\",\"dateModified\":\"2026-08-28T16:26:38-03:00\",\"inLanguage\":\"pt-BR\",\"mainEntityOfPage\":{\"@id\":\"https:\\\/\\\/institucional.ufrrj.br\\\/drii\\\/edital-publicado-a-oferta-coletiva-da-rede-andifes-isf-2026-2-ja-esta-no-ar\\\/#webpage\"},\"isPartOf\":{\"@id\":\"https:\\\/\\\/institucional.ufrrj.br\\\/drii\\\/edital-publicado-a-oferta-coletiva-da-rede-andifes-isf-2026-2-ja-esta-no-ar\\\/#webpage\"},\"articleSection\":\"Not\\u00edcias, Portugu\\u00eas\"},{\"@type\":\"BreadcrumbList\",\"@id\":\"https:\\\/\\\/institucional.ufrrj.br\\\/drii\\\/edital-publicado-a-oferta-coletiva-da-rede-andifes-isf-2026-2-ja-esta-no-ar\\\/#breadcrumblist\",\"itemListElement\":[{\"@type\":\"ListItem\",\"@id\":\"https:\\\/\\\/institucional.ufrrj.br\\\/drii#listItem\",\"position\":1,\"name\":\"Home\",\"item\":\"https:\\\/\\\/institucional.ufrrj.br\\\/drii\",\"nextItem\":{\"@type\":\"ListItem\",\"@id\":\"https:\\\/\\\/institucional.ufrrj.br\\\/drii\\\/category\\\/noticias\\\/#listItem\",\"name\":\"Not\\u00edcias\"}},{\"@type\":\"ListItem\",\"@id\":\"https:\\\/\\\/institucional.ufrrj.br\\\/drii\\\/category\\\/noticias\\\/#listItem\",\"position\":2,\"name\":\"Not\\u00edcias\",\"item\":\"https:\\\/\\\/institucional.ufrrj.br\\\/drii\\\/category\\\/noticias\\\/\",\"nextItem\":{\"@type\":\"ListItem\",\"@id\":\"https:\\\/\\\/institucional.ufrrj.br\\\/drii\\\/edital-publicado-a-oferta-coletiva-da-rede-andifes-isf-2026-2-ja-esta-no-ar\\\/#listItem\",\"name\":\"Edital Publicado! A Oferta Coletiva da Rede Andifes Isf 2026.2 j\\u00e1 est\\u00e1 no ar\"},\"previousItem\":{\"@type\":\"ListItem\",\"@id\":\"https:\\\/\\\/institucional.ufrrj.br\\\/drii#listItem\",\"name\":\"Home\"}},{\"@type\":\"ListItem\",\"@id\":\"https:\\\/\\\/institucional.ufrrj.br\\\/drii\\\/edital-publicado-a-oferta-coletiva-da-rede-andifes-isf-2026-2-ja-esta-no-ar\\\/#listItem\",\"position\":3,\"name\":\"Edital Publicado! A Oferta Coletiva da Rede Andifes Isf 2026.2 j\\u00e1 est\\u00e1 no ar\",\"previousItem\":{\"@type\":\"ListItem\",\"@id\":\"https:\\\/\\\/institucional.ufrrj.br\\\/drii\\\/category\\\/noticias\\\/#listItem\",\"name\":\"Not\\u00edcias\"}}]},{\"@type\":\"Organization\",\"@id\":\"https:\\\/\\\/institucional.ufrrj.br\\\/drii\\\/#organization\",\"name\":\"Departamento de Rela\\u00e7\\u00f5es Internacionais e Interinstitucionais (DRII)\",\"description\":\"Coordenadoria de Rela\\u00e7\\u00f5es Internacionais e Interinstitucionais\",\"url\":\"https:\\\/\\\/institucional.ufrrj.br\\\/drii\\\/\"},{\"@type\":\"Person\",\"@id\":\"https:\\\/\\\/institucional.ufrrj.br\\\/drii\\\/author\\\/veronicaabreu\\\/#author\",\"url\":\"https:\\\/\\\/institucional.ufrrj.br\\\/drii\\\/author\\\/veronicaabreu\\\/\",\"name\":\"Vieira de Abreu\",\"image\":{\"@type\":\"ImageObject\",\"@id\":\"https:\\\/\\\/institucional.ufrrj.br\\\/drii\\\/edital-publicado-a-oferta-coletiva-da-rede-andifes-isf-2026-2-ja-esta-no-ar\\\/#authorImage\",\"url\":\"https:\\\/\\\/secure.gravatar.com\\\/avatar\\\/0bc293781eb0d964cf66e45c576c4c33f7926562a22388235443ab31d61c3113?s=96&d=mm&r=g\",\"width\":96,\"height\":96,\"caption\":\"Vieira de Abreu\"}},{\"@type\":\"WebPage\",\"@id\":\"https:\\\/\\\/institucional.ufrrj.br\\\/drii\\\/edital-publicado-a-oferta-coletiva-da-rede-andifes-isf-2026-2-ja-esta-no-ar\\\/#webpage\",\"url\":\"https:\\\/\\\/institucional.ufrrj.br\\\/drii\\\/edital-publicado-a-oferta-coletiva-da-rede-andifes-isf-2026-2-ja-esta-no-ar\\\/\",\"name\":\"Edital Publicado! A Oferta Coletiva da Rede Andifes Isf 2026.2 j\\u00e1 est\\u00e1 no ar - Departamento de Rela\\u00e7\\u00f5es Internacionais e Interinstitucionais (DRII)\",\"description\":\"O que voc\\u00ea precisa fazer agora: \\u2022Acesse o edital dispon\\u00edvel no link https:\\\/\\\/www.andifes.org.br\\\/wp-content\\\/uploads\\\/2026\\\/08\\\/EDITAL-OFERTA-COLETIVA_2SEM2026-2.pdf e leia com aten\\u00e7\\u00e3o. \\u2022Escolha qual dos 7 idiomas voc\\u00ea quer estudar: Alem\\u00e3o, Espanhol, Franc\\u00eas, Ingl\\u00eas, Italiano, Japon\\u00eas ou Portugu\\u00eas. \\u2022Se prepare porque as inscri\\u00e7\\u00f5es come\\u00e7am dia 31\\\/08\\\/2026 ( segunda feira). N\\u00e3o esque\\u00e7a: a sele\\u00e7\\u00e3o \\u00e9 feita por ordem de inscri\\u00e7\\u00e3o e\",\"inLanguage\":\"pt-BR\",\"isPartOf\":{\"@id\":\"https:\\\/\\\/institucional.ufrrj.br\\\/drii\\\/#website\"},\"breadcrumb\":{\"@id\":\"https:\\\/\\\/institucional.ufrrj.br\\\/drii\\\/edital-publicado-a-oferta-coletiva-da-rede-andifes-isf-2026-2-ja-esta-no-ar\\\/#breadcrumblist\"},\"author\":{\"@id\":\"https:\\\/\\\/institucional.ufrrj.br\\\/drii\\\/author\\\/veronicaabreu\\\/#author\"},\"creator\":{\"@id\":\"https:\\\/\\\/institucional.ufrrj.br\\\/drii\\\/author\\\/veronicaabreu\\\/#author\"},\"image\":{\"@type\":\"ImageObject\",\"url\":\"https:\\\/\\\/institucional.ufrrj.br\\\/drii\\\/files\\\/2026\\\/08\\\/img-20260828-wa0155.jpg\",\"@id\":\"https:\\\/\\\/institucional.ufrrj.br\\\/drii\\\/edital-publicado-a-oferta-coletiva-da-rede-andifes-isf-2026-2-ja-esta-no-ar\\\/#mainImage\",\"width\":1080,\"height\":1350},\"primaryImageOfPage\":{\"@id\":\"https:\\\/\\\/institucional.ufrrj.br\\\/drii\\\/edital-publicado-a-oferta-coletiva-da-rede-andifes-isf-2026-2-ja-esta-no-ar\\\/#mainImage\"},\"datePublished\":\"2026-08-28T16:26:04-03:00\",\"dateModified\":\"2026-08-28T16:26:38-03:00\"},{\"@type\":\"WebSite\",\"@id\":\"https:\\\/\\\/institucional.ufrrj.br\\\/drii\\\/#website\",\"url\":\"https:\\\/\\\/institucional.ufrrj.br\\\/drii\\\/\",\"name\":\"Departamento de Rela\\u00e7\\u00f5es Internacionais e Interinstitucionais (DRII)\",\"description\":\"Coordenadoria de Rela\\u00e7\\u00f5es Internacionais e Interinstitucionais\",\"inLanguage\":\"pt-BR\",\"publisher\":{\"@id\":\"https:\\\/\\\/institucional.ufrrj.br\\\/drii\\\/#organization\"}}]}\n\t\t<\/script>\n\t\t<!-- All in One SEO -->\n\n","aioseo_head_json":{"title":"Edital Publicado! A Oferta Coletiva da Rede Andifes Isf 2026.2 j\u00e1 est\u00e1 no ar - Departamento de Rela\u00e7\u00f5es Internacionais e Interinstitucionais (DRII)","description":"O que voc\u00ea precisa fazer agora: \u2022Acesse o edital dispon\u00edvel no link https:\/\/www.andifes.org.br\/wp-content\/uploads\/2026\/08\/EDITAL-OFERTA-COLETIVA_2SEM2026-2.pdf e leia com aten\u00e7\u00e3o. \u2022Escolha qual dos 7 idiomas voc\u00ea quer estudar: Alem\u00e3o, Espanhol, Franc\u00eas, Ingl\u00eas, Italiano, Japon\u00eas ou Portugu\u00eas. \u2022Se prepare porque as inscri\u00e7\u00f5es come\u00e7am dia 31\/08\/2026 ( segunda feira). N\u00e3o esque\u00e7a: a sele\u00e7\u00e3o \u00e9 feita por ordem de inscri\u00e7\u00e3o e","canonical_url":"https:\/\/institucional.ufrrj.br\/drii\/edital-publicado-a-oferta-coletiva-da-rede-andifes-isf-2026-2-ja-esta-no-ar\/","robots":"max-image-preview:large","keywords":"","webmasterTools":{"miscellaneous":""},"schema":{"@context":"https:\/\/schema.org","@graph":[{"@type":"BlogPosting","@id":"https:\/\/institucional.ufrrj.br\/drii\/edital-publicado-a-oferta-coletiva-da-rede-andifes-isf-2026-2-ja-esta-no-ar\/#blogposting","name":"Edital Publicado! A Oferta Coletiva da Rede Andifes Isf 2026.2 j\u00e1 est\u00e1 no ar - Departamento de Rela\u00e7\u00f5es Internacionais e Interinstitucionais (DRII)","headline":"Edital Publicado! A Oferta Coletiva da Rede Andifes Isf 2026.2 j\u00e1 est\u00e1 no ar","author":{"@id":"https:\/\/institucional.ufrrj.br\/drii\/author\/veronicaabreu\/#author"},"publisher":{"@id":"https:\/\/institucional.ufrrj.br\/drii\/#organization"},"image":{"@type":"ImageObject","url":"https:\/\/institucional.ufrrj.br\/drii\/files\/2026\/08\/img-20260828-wa0155.jpg","width":1080,"height":1350},"datePublished":"2026-08-28T16:26:04-03:00","dateModified":"2026-08-28T16:26:38-03:00","inLanguage":"pt-BR","mainEntityOfPage":{"@id":"https:\/\/institucional.ufrrj.br\/drii\/edital-publicado-a-oferta-coletiva-da-rede-andifes-isf-2026-2-ja-esta-no-ar\/#webpage"},"isPartOf":{"@id":"https:\/\/institucional.ufrrj.br\/drii\/edital-publicado-a-oferta-coletiva-da-rede-andifes-isf-2026-2-ja-esta-no-ar\/#webpage"},"articleSection":"Not\u00edcias, Portugu\u00eas"},{"@type":"BreadcrumbList","@id":"https:\/\/institucional.ufrrj.br\/drii\/edital-publicado-a-oferta-coletiva-da-rede-andifes-isf-2026-2-ja-esta-no-ar\/#breadcrumblist","itemListElement":[{"@type":"ListItem","@id":"https:\/\/institucional.ufrrj.br\/drii#listItem","position":1,"name":"Home","item":"https:\/\/institucional.ufrrj.br\/drii","nextItem":{"@type":"ListItem","@id":"https:\/\/institucional.ufrrj.br\/drii\/category\/noticias\/#listItem","name":"Not\u00edcias"}},{"@type":"ListItem","@id":"https:\/\/institucional.ufrrj.br\/drii\/category\/noticias\/#listItem","position":2,"name":"Not\u00edcias","item":"https:\/\/institucional.ufrrj.br\/drii\/category\/noticias\/","nextItem":{"@type":"ListItem","@id":"https:\/\/institucional.ufrrj.br\/drii\/edital-publicado-a-oferta-coletiva-da-rede-andifes-isf-2026-2-ja-esta-no-ar\/#listItem","name":"Edital Publicado! A Oferta Coletiva da Rede Andifes Isf 2026.2 j\u00e1 est\u00e1 no ar"},"previousItem":{"@type":"ListItem","@id":"https:\/\/institucional.ufrrj.br\/drii#listItem","name":"Home"}},{"@type":"ListItem","@id":"https:\/\/institucional.ufrrj.br\/drii\/edital-publicado-a-oferta-coletiva-da-rede-andifes-isf-2026-2-ja-esta-no-ar\/#listItem","position":3,"name":"Edital Publicado! A Oferta Coletiva da Rede Andifes Isf 2026.2 j\u00e1 est\u00e1 no ar","previousItem":{"@type":"ListItem","@id":"https:\/\/institucional.ufrrj.br\/drii\/category\/noticias\/#listItem","name":"Not\u00edcias"}}]},{"@type":"Organization","@id":"https:\/\/institucional.ufrrj.br\/drii\/#organization","name":"Departamento de Rela\u00e7\u00f5es Internacionais e Interinstitucionais (DRII)","description":"Coordenadoria de Rela\u00e7\u00f5es Internacionais e Interinstitucionais","url":"https:\/\/institucional.ufrrj.br\/drii\/"},{"@type":"Person","@id":"https:\/\/institucional.ufrrj.br\/drii\/author\/veronicaabreu\/#author","url":"https:\/\/institucional.ufrrj.br\/drii\/author\/veronicaabreu\/","name":"Vieira de Abreu","image":{"@type":"ImageObject","@id":"https:\/\/institucional.ufrrj.br\/drii\/edital-publicado-a-oferta-coletiva-da-rede-andifes-isf-2026-2-ja-esta-no-ar\/#authorImage","url":"https:\/\/secure.gravatar.com\/avatar\/0bc293781eb0d964cf66e45c576c4c33f7926562a22388235443ab31d61c3113?s=96&d=mm&r=g","width":96,"height":96,"caption":"Vieira de Abreu"}},{"@type":"WebPage","@id":"https:\/\/institucional.ufrrj.br\/drii\/edital-publicado-a-oferta-coletiva-da-rede-andifes-isf-2026-2-ja-esta-no-ar\/#webpage","url":"https:\/\/institucional.ufrrj.br\/drii\/edital-publicado-a-oferta-coletiva-da-rede-andifes-isf-2026-2-ja-esta-no-ar\/","name":"Edital Publicado! A Oferta Coletiva da Rede Andifes Isf 2026.2 j\u00e1 est\u00e1 no ar - Departamento de Rela\u00e7\u00f5es Internacionais e Interinstitucionais (DRII)","description":"O que voc\u00ea precisa fazer agora: \u2022Acesse o edital dispon\u00edvel no link https:\/\/www.andifes.org.br\/wp-content\/uploads\/2026\/08\/EDITAL-OFERTA-COLETIVA_2SEM2026-2.pdf e leia com aten\u00e7\u00e3o. \u2022Escolha qual dos 7 idiomas voc\u00ea quer estudar: Alem\u00e3o, Espanhol, Franc\u00eas, Ingl\u00eas, Italiano, Japon\u00eas ou Portugu\u00eas. \u2022Se prepare porque as inscri\u00e7\u00f5es come\u00e7am dia 31\/08\/2026 ( segunda feira). N\u00e3o esque\u00e7a: a sele\u00e7\u00e3o \u00e9 feita por ordem de inscri\u00e7\u00e3o e","inLanguage":"pt-BR","isPartOf":{"@id":"https:\/\/institucional.ufrrj.br\/drii\/#website"},"breadcrumb":{"@id":"https:\/\/institucional.ufrrj.br\/drii\/edital-publicado-a-oferta-coletiva-da-rede-andifes-isf-2026-2-ja-esta-no-ar\/#breadcrumblist"},"author":{"@id":"https:\/\/institucional.ufrrj.br\/drii\/author\/veronicaabreu\/#author"},"creator":{"@id":"https:\/\/institucional.ufrrj.br\/drii\/author\/veronicaabreu\/#author"},"image":{"@type":"ImageObject","url":"https:\/\/institucional.ufrrj.br\/drii\/files\/2026\/08\/img-20260828-wa0155.jpg","@id":"https:\/\/institucional.ufrrj.br\/drii\/edital-publicado-a-oferta-coletiva-da-rede-andifes-isf-2026-2-ja-esta-no-ar\/#mainImage","width":1080,"height":1350},"primaryImageOfPage":{"@id":"https:\/\/institucional.ufrrj.br\/drii\/edital-publicado-a-oferta-coletiva-da-rede-andifes-isf-2026-2-ja-esta-no-ar\/#mainImage"},"datePublished":"2026-08-28T16:26:04-03:00","dateModified":"2026-08-28T16:26:38-03:00"},{"@type":"WebSite","@id":"https:\/\/institucional.ufrrj.br\/drii\/#website","url":"https:\/\/institucional.ufrrj.br\/drii\/","name":"Departamento de Rela\u00e7\u00f5es Internacionais e Interinstitucionais (DRII)","description":"Coordenadoria de Rela\u00e7\u00f5es Internacionais e Interinstitucionais","inLanguage":"pt-BR","publisher":{"@id":"https:\/\/institucional.ufrrj.br\/drii\/#organization"}}]},"og:locale":"pt_BR","og:site_name":"Departamento de Rela\u00e7\u00f5es Internacionais e Interinstitucionais (DRII) - Coordenadoria de Rela\u00e7\u00f5es Internacionais e Interinstitucionais","og:type":"article","og:title":"Edital Publicado! A Oferta Coletiva da Rede Andifes Isf 2026.2 j\u00e1 est\u00e1 no ar - Departamento de Rela\u00e7\u00f5es Internacionais e Interinstitucionais (DRII)","og:description":"O que voc\u00ea precisa fazer agora: \u2022Acesse o edital dispon\u00edvel no link https:\/\/www.andifes.org.br\/wp-content\/uploads\/2026\/08\/EDITAL-OFERTA-COLETIVA_2SEM2026-2.pdf e leia com aten\u00e7\u00e3o. \u2022Escolha qual dos 7 idiomas voc\u00ea quer estudar: Alem\u00e3o, Espanhol, Franc\u00eas, Ingl\u00eas, Italiano, Japon\u00eas ou Portugu\u00eas. \u2022Se prepare porque as inscri\u00e7\u00f5es come\u00e7am dia 31\/08\/2026 ( segunda feira). N\u00e3o esque\u00e7a: a sele\u00e7\u00e3o \u00e9 feita por ordem de inscri\u00e7\u00e3o e","og:url":"https:\/\/institucional.ufrrj.br\/drii\/edital-publicado-a-oferta-coletiva-da-rede-andifes-isf-2026-2-ja-esta-no-ar\/","article:published_time":"2026-08-28T19:26:04+00:00","article:modified_time":"2026-08-28T19:26:38+00:00","twitter:card":"summary_large_image","twitter:title":"Edital Publicado! A Oferta Coletiva da Rede Andifes Isf 2026.2 j\u00e1 est\u00e1 no ar - Departamento de Rela\u00e7\u00f5es Internacionais e Interinstitucionais (DRII)","twitter:description":"O que voc\u00ea precisa fazer agora: \u2022Acesse o edital dispon\u00edvel no link https:\/\/www.andifes.org.br\/wp-content\/uploads\/2026\/08\/EDITAL-OFERTA-COLETIVA_2SEM2026-2.pdf e leia com aten\u00e7\u00e3o. \u2022Escolha qual dos 7 idiomas voc\u00ea quer estudar: Alem\u00e3o, Espanhol, Franc\u00eas, Ingl\u00eas, Italiano, Japon\u00eas ou Portugu\u00eas. \u2022Se prepare porque as inscri\u00e7\u00f5es come\u00e7am dia 31\/08\/2026 ( segunda feira). N\u00e3o esque\u00e7a: a sele\u00e7\u00e3o \u00e9 feita por ordem de inscri\u00e7\u00e3o e"},"aioseo_meta_data":{"post_id":"7571","title":null,"description":null,"keywords":null,"keyphrases":null,"focus_keyword":null,"additional_keywords":null,"truseo_locale":null,"primary_term":null,"canonical_url":null,"og_title":null,"og_description":null,"og_object_type":"default","og_image_type":"default","og_image_custom_url":null,"og_image_custom_fields":null,"og_image_url":null,"og_image_width":null,"og_image_height":null,"og_video":null,"og_custom_url":null,"og_article_section":null,"og_article_tags":null,"twitter_use_og":false,"twitter_card":"default","twitter_image_type":"default","twitter_image_custom_url":null,"twitter_image_custom_fields":null,"twitter_image_url":null,"twitter_title":null,"twitter_description":null,"schema_type":"default","schema_type_options":null,"schema":{"blockGraphs":[],"customGraphs":[],"default":{"data":{"Article":[],"Course":[],"Dataset":[],"FAQPage":[],"Movie":[],"Person":[],"Product":[],"ProductReview":[],"Car":[],"Recipe":[],"Service":[],"SoftwareApplication":[],"WebPage":[]},"graphName":"","isEnabled":true},"graphs":[]},"pillar_content":false,"robots_default":true,"robots_noindex":false,"robots_noarchive":false,"robots_nosnippet":false,"robots_nofollow":false,"robots_noimageindex":false,"robots_noodp":false,"robots_notranslate":false,"robots_max_snippet":null,"robots_max_videopreview":null,"robots_max_imagepreview":"large","priority":null,"frequency":null,"local_seo":null,"limit_modified_date":false,"ai":null,"breadcrumb_settings":null,"seo_analyzer_scan_date":null,"created":"2026-09-03 03:40:34","updated":"2026-09-03 03:40:34"},"aioseo_breadcrumb":"<div class=\"aioseo-breadcrumbs\"><span class=\"aioseo-breadcrumb\">\n\t\t\t<a href=\"https:\/\/institucional.ufrrj.br\/drii\" title=\"Home\">Home<\/a>\n\t\t<\/span><span class=\"aioseo-breadcrumb-separator\">&raquo;<\/span><span class=\"aioseo-breadcrumb\">\n\t\t\t<a href=\"https:\/\/institucional.ufrrj.br\/drii\/category\/noticias\/\" title=\"Not\u00edcias\">Not\u00edcias<\/a>\n\t\t<\/span><span class=\"aioseo-breadcrumb-separator\">&raquo;<\/span><span class=\"aioseo-breadcrumb\">\n\t\t\tEdital Publicado! A Oferta Coletiva da Rede Andifes Isf 2026.2 j\u00e1 est\u00e1 no ar\n\t\t<\/span><\/div>","aioseo_breadcrumb_json":[{"label":"Home","link":"https:\/\/institucional.ufrrj.br\/drii"},{"label":"Not\u00edcias","link":"https:\/\/institucional.ufrrj.br\/drii\/category\/noticias\/"},{"label":"Edital Publicado! A Oferta Coletiva da Rede Andifes Isf 2026.2 j\u00e1 est\u00e1 no ar","link":"https:\/\/institucional.ufrrj.br\/drii\/edital-publicado-a-oferta-coletiva-da-rede-andifes-isf-2026-2-ja-esta-no-ar\/"}],"acf":[],"_links":{"self":[{"href":"https:\/\/institucional.ufrrj.br\/drii\/wp-json\/wp\/v2\/posts\/7571","targetHints":{"allow":["GET"]}}],"collection":[{"href":"https:\/\/institucional.ufrrj.br\/drii\/wp-json\/wp\/v2\/posts"}],"about":[{"href":"https:\/\/institucional.ufrrj.br\/drii\/wp-json\/wp\/v2\/types\/post"}],"author":[{"embeddable":true,"href":"https:\/\/institucional.ufrrj.br\/drii\/wp-json\/wp\/v2\/users\/917"}],"replies":[{"embeddable":true,"href":"https:\/\/institucional.ufrrj.br\/drii\/wp-json\/wp\/v2\/comments?post=7571"}],"version-history":[{"count":1,"href":"https:\/\/institucional.ufrrj.br\/drii\/wp-json\/wp\/v2\/posts\/7571\/revisions"}],"predecessor-version":[{"id":7573,"href":"https:\/\/institucional.ufrrj.br\/drii\/wp-json\/wp\/v2\/posts\/7571\/revisions\/7573"}],"wp:featuredmedia":[{"embeddable":true,"href":"https:\/\/institucional.ufrrj.br\/drii\/wp-json\/wp\/v2\/media\/7572"}],"wp:attachment":[{"href":"https:\/\/institucional.ufrrj.br\/drii\/wp-json\/wp\/v2\/media?parent=7571"}],"wp:term":[{"taxonomy":"category","embeddable":true,"href":"https:\/\/institucional.ufrrj.br\/drii\/wp-json\/wp\/v2\/categories?post=7571"},{"taxonomy":"post_tag","embeddable":true,"href":"https:\/\/institucional.ufrrj.br\/drii\/wp-json\/wp\/v2\/tags?post=7571"}],"curies":[{"name":"wp","href":"https:\/\/api.w.org\/{rel}","templated":true}]}}