{"id":7566,"date":"2026-08-27T14:52:48","date_gmt":"2026-08-27T17:52:48","guid":{"rendered":"https:\/\/institucional.ufrrj.br\/drii\/?p=7566"},"modified":"2026-08-27T14:53:24","modified_gmt":"2026-08-27T17:53:24","slug":"ufrrj-recebe-o-campus-france-para-apresentacao-de-oportunidades-de-estudo-pesquisa-e-cooperacao-na-franca","status":"publish","type":"post","link":"https:\/\/institucional.ufrrj.br\/drii\/ufrrj-recebe-o-campus-france-para-apresentacao-de-oportunidades-de-estudo-pesquisa-e-cooperacao-na-franca\/","title":{"rendered":"UFRRJ recebe o Campus France para apresenta\u00e7\u00e3o de oportunidades de estudo, pesquisa e coopera\u00e7\u00e3o na Fran\u00e7a"},"content":{"rendered":"\n<p class=\"wp-block-paragraph\">No dia 2 de setembro, \u00e0s 15h, no Sal\u00e3o Azul, 3\u00ba andar, sala 123, P1 (Campus de Serop\u00e9dica), a Universidade Federal Rural do Rio de Janeiro (UFRRJ) receber\u00e1 representantes do Campus France para uma conversa sobre oportunidades de estudo, bolsas, pesquisa e coopera\u00e7\u00e3o cient\u00edfica na Fran\u00e7a.<\/p>\n\n\n\n<p class=\"wp-block-paragraph\">A atividade \u00e9 promovida pelo Departamento de Rela\u00e7\u00f5es Internacionais e Interinstitucionais (DRII) e contar\u00e1 com a participa\u00e7\u00e3o de Gabrielle Cosenza, Responsable d\u2019espace Rio de Janeiro et Esp\u00edrito Santo da equipe Campus France Br\u00e9sil, e Vincent Brignol, Adido de Coopera\u00e7\u00e3o Cient\u00edfica e Universit\u00e1ria do Consulado-Geral da Fran\u00e7a no Rio de Janeiro.<\/p>\n\n\n\n<p class=\"wp-block-paragraph\">A visita foi articulada pelas professoras Maria Villarreal, do Departamento de Rela\u00e7\u00f5es Internacionais e Interinstitucionais (DRII), e Ana Garcia, do Centro de Estudos Avan\u00e7ados (CEA).<\/p>\n\n\n\n<p class=\"wp-block-paragraph\">O Campus France \u00e9 a ag\u00eancia oficial do governo franc\u00eas respons\u00e1vel pela promo\u00e7\u00e3o do ensino superior e da forma\u00e7\u00e3o profissional da Fran\u00e7a no exterior. A institui\u00e7\u00e3o atua na orienta\u00e7\u00e3o de estudantes e pesquisadores internacionais e na divulga\u00e7\u00e3o de oportunidades de forma\u00e7\u00e3o, bolsas e coopera\u00e7\u00e3o acad\u00eamica e cient\u00edfica na Fran\u00e7a.<\/p>\n\n\n\n<p class=\"wp-block-paragraph\">O que o Campus France faz?<br>-Apresenta oportunidades de gradua\u00e7\u00e3o, p\u00f3s-gradua\u00e7\u00e3o, doutorado e outras modalidades de forma\u00e7\u00e3o em institui\u00e7\u00f5es de ensino superior francesas.<br>-Orienta e apoia estudantes no processo de candidatura por meio da plataforma \u00c9tudes en France, quando aplic\u00e1vel.<br>-Acompanha os candidatos em diferentes etapas do processo, desde a escolha do curso at\u00e9 a prepara\u00e7\u00e3o para a mobilidade internacional.<br>-Divulga programas de bolsas e oportunidades de financiamento oferecidos pelo governo franc\u00eas e por institui\u00e7\u00f5es parceiras.<br>-Facilita o acesso a informa\u00e7\u00f5es sobre oportunidades de pesquisa, mobilidade e constru\u00e7\u00e3o de redes acad\u00eamicas e cient\u00edficas com institui\u00e7\u00f5es francesas.<\/p>\n\n\n\n<p class=\"wp-block-paragraph\">A atividade \u00e9 aberta a toda a comunidade acad\u00eamica da UFRRJ.<\/p>\n\n\n\n<p class=\"wp-block-paragraph\">N\u00e3o perca esta oportunidade de conhecer possibilidades de estudo, pesquisa, bolsas, mobilidade e coopera\u00e7\u00e3o cient\u00edfica com a Fran\u00e7a!<\/p>\n\n\n\n<p class=\"wp-block-paragraph\">Quarta-feira, 2 de setembro<br>15h<br>Sal\u00e3o Azul \u2013 P1 | Campus de Serop\u00e9dica<\/p>\n","protected":false},"excerpt":{"rendered":"<p>No dia 2 de setembro, \u00e0s 15h, no Sal\u00e3o Azul, 3\u00ba andar, sala 123, P1 (Campus de Serop\u00e9dica), a Universidade Federal Rural [&hellip;]<\/p>\n","protected":false},"author":917,"featured_media":7567,"comment_status":"closed","ping_status":"open","sticky":false,"template":"","format":"standard","meta":{"_acf_changed":false,"footnotes":"","_links_to":"","_links_to_target":""},"categories":[5],"tags":[],"class_list":["post-7566","post","type-post","status-publish","format-standard","has-post-thumbnail","hentry","category-noticias"],"aioseo_notices":[],"aioseo_head":"\n\t\t<!-- All in One SEO 5.0.1.1 - aioseo.com -->\n\t<meta name=\"description\" content=\"No dia 2 de setembro, \u00e0s 15h, no Sal\u00e3o Azul, 3\u00ba andar, sala 123, P1 (Campus de Serop\u00e9dica), a Universidade Federal Rural do Rio de Janeiro (UFRRJ) receber\u00e1 representantes do Campus France para uma conversa sobre oportunidades de estudo, bolsas, pesquisa e coopera\u00e7\u00e3o cient\u00edfica na Fran\u00e7a. A atividade \u00e9 promovida pelo Departamento de Rela\u00e7\u00f5es Internacionais\" \/>\n\t<meta name=\"robots\" content=\"max-image-preview:large\" \/>\n\t<meta name=\"author\" content=\"Vieira de Abreu\"\/>\n\t<link rel=\"canonical\" href=\"https:\/\/institucional.ufrrj.br\/drii\/ufrrj-recebe-o-campus-france-para-apresentacao-de-oportunidades-de-estudo-pesquisa-e-cooperacao-na-franca\/\" \/>\n\t<meta name=\"generator\" content=\"All in One SEO (AIOSEO) 5.0.1.1\" \/>\n\t\t<meta property=\"og:locale\" content=\"pt_BR\" \/>\n\t\t<meta property=\"og:site_name\" content=\"Departamento de Rela\u00e7\u00f5es Internacionais e Interinstitucionais (DRII) - Coordenadoria de Rela\u00e7\u00f5es Internacionais e Interinstitucionais\" \/>\n\t\t<meta property=\"og:type\" content=\"article\" \/>\n\t\t<meta property=\"og:title\" content=\"UFRRJ recebe o Campus France para apresenta\u00e7\u00e3o de oportunidades de estudo, pesquisa e coopera\u00e7\u00e3o na Fran\u00e7a - Departamento de Rela\u00e7\u00f5es Internacionais e Interinstitucionais (DRII)\" \/>\n\t\t<meta property=\"og:description\" content=\"No dia 2 de setembro, \u00e0s 15h, no Sal\u00e3o Azul, 3\u00ba andar, sala 123, P1 (Campus de Serop\u00e9dica), a Universidade Federal Rural do Rio de Janeiro (UFRRJ) receber\u00e1 representantes do Campus France para uma conversa sobre oportunidades de estudo, bolsas, pesquisa e coopera\u00e7\u00e3o cient\u00edfica na Fran\u00e7a. A atividade \u00e9 promovida pelo Departamento de Rela\u00e7\u00f5es Internacionais\" \/>\n\t\t<meta property=\"og:url\" content=\"https:\/\/institucional.ufrrj.br\/drii\/ufrrj-recebe-o-campus-france-para-apresentacao-de-oportunidades-de-estudo-pesquisa-e-cooperacao-na-franca\/\" \/>\n\t\t<meta property=\"article:published_time\" content=\"2026-08-27T17:52:48+00:00\" \/>\n\t\t<meta property=\"article:modified_time\" content=\"2026-08-27T17:53:24+00:00\" \/>\n\t\t<meta name=\"twitter:card\" content=\"summary_large_image\" \/>\n\t\t<meta name=\"twitter:title\" content=\"UFRRJ recebe o Campus France para apresenta\u00e7\u00e3o de oportunidades de estudo, pesquisa e coopera\u00e7\u00e3o na Fran\u00e7a - Departamento de Rela\u00e7\u00f5es Internacionais e Interinstitucionais (DRII)\" \/>\n\t\t<meta name=\"twitter:description\" content=\"No dia 2 de setembro, \u00e0s 15h, no Sal\u00e3o Azul, 3\u00ba andar, sala 123, P1 (Campus de Serop\u00e9dica), a Universidade Federal Rural do Rio de Janeiro (UFRRJ) receber\u00e1 representantes do Campus France para uma conversa sobre oportunidades de estudo, bolsas, pesquisa e coopera\u00e7\u00e3o cient\u00edfica na Fran\u00e7a. A atividade \u00e9 promovida pelo Departamento de Rela\u00e7\u00f5es Internacionais\" \/>\n\t\t<script type=\"application\/ld+json\" class=\"aioseo-schema\">\n\t\t\t{\"@context\":\"https:\\\/\\\/schema.org\",\"@graph\":[{\"@type\":\"BlogPosting\",\"@id\":\"https:\\\/\\\/institucional.ufrrj.br\\\/drii\\\/ufrrj-recebe-o-campus-france-para-apresentacao-de-oportunidades-de-estudo-pesquisa-e-cooperacao-na-franca\\\/#blogposting\",\"name\":\"UFRRJ recebe o Campus France para apresenta\\u00e7\\u00e3o de oportunidades de estudo, pesquisa e coopera\\u00e7\\u00e3o na Fran\\u00e7a - Departamento de Rela\\u00e7\\u00f5es Internacionais e Interinstitucionais (DRII)\",\"headline\":\"UFRRJ recebe o Campus France para apresenta\\u00e7\\u00e3o de oportunidades de estudo, pesquisa e coopera\\u00e7\\u00e3o na Fran\\u00e7a\",\"author\":{\"@id\":\"https:\\\/\\\/institucional.ufrrj.br\\\/drii\\\/author\\\/veronicaabreu\\\/#author\"},\"publisher\":{\"@id\":\"https:\\\/\\\/institucional.ufrrj.br\\\/drii\\\/#organization\"},\"image\":{\"@type\":\"ImageObject\",\"url\":\"https:\\\/\\\/institucional.ufrrj.br\\\/drii\\\/files\\\/2026\\\/08\\\/img-20260824-wa0439.jpg\",\"width\":1080,\"height\":1350},\"datePublished\":\"2026-08-27T14:52:48-03:00\",\"dateModified\":\"2026-08-27T14:53:24-03:00\",\"inLanguage\":\"pt-BR\",\"mainEntityOfPage\":{\"@id\":\"https:\\\/\\\/institucional.ufrrj.br\\\/drii\\\/ufrrj-recebe-o-campus-france-para-apresentacao-de-oportunidades-de-estudo-pesquisa-e-cooperacao-na-franca\\\/#webpage\"},\"isPartOf\":{\"@id\":\"https:\\\/\\\/institucional.ufrrj.br\\\/drii\\\/ufrrj-recebe-o-campus-france-para-apresentacao-de-oportunidades-de-estudo-pesquisa-e-cooperacao-na-franca\\\/#webpage\"},\"articleSection\":\"Not\\u00edcias, Portugu\\u00eas\"},{\"@type\":\"BreadcrumbList\",\"@id\":\"https:\\\/\\\/institucional.ufrrj.br\\\/drii\\\/ufrrj-recebe-o-campus-france-para-apresentacao-de-oportunidades-de-estudo-pesquisa-e-cooperacao-na-franca\\\/#breadcrumblist\",\"itemListElement\":[{\"@type\":\"ListItem\",\"@id\":\"https:\\\/\\\/institucional.ufrrj.br\\\/drii#listItem\",\"position\":1,\"name\":\"Home\",\"item\":\"https:\\\/\\\/institucional.ufrrj.br\\\/drii\",\"nextItem\":{\"@type\":\"ListItem\",\"@id\":\"https:\\\/\\\/institucional.ufrrj.br\\\/drii\\\/category\\\/noticias\\\/#listItem\",\"name\":\"Not\\u00edcias\"}},{\"@type\":\"ListItem\",\"@id\":\"https:\\\/\\\/institucional.ufrrj.br\\\/drii\\\/category\\\/noticias\\\/#listItem\",\"position\":2,\"name\":\"Not\\u00edcias\",\"item\":\"https:\\\/\\\/institucional.ufrrj.br\\\/drii\\\/category\\\/noticias\\\/\",\"nextItem\":{\"@type\":\"ListItem\",\"@id\":\"https:\\\/\\\/institucional.ufrrj.br\\\/drii\\\/ufrrj-recebe-o-campus-france-para-apresentacao-de-oportunidades-de-estudo-pesquisa-e-cooperacao-na-franca\\\/#listItem\",\"name\":\"UFRRJ recebe o Campus France para apresenta\\u00e7\\u00e3o de oportunidades de estudo, pesquisa e coopera\\u00e7\\u00e3o na Fran\\u00e7a\"},\"previousItem\":{\"@type\":\"ListItem\",\"@id\":\"https:\\\/\\\/institucional.ufrrj.br\\\/drii#listItem\",\"name\":\"Home\"}},{\"@type\":\"ListItem\",\"@id\":\"https:\\\/\\\/institucional.ufrrj.br\\\/drii\\\/ufrrj-recebe-o-campus-france-para-apresentacao-de-oportunidades-de-estudo-pesquisa-e-cooperacao-na-franca\\\/#listItem\",\"position\":3,\"name\":\"UFRRJ recebe o Campus France para apresenta\\u00e7\\u00e3o de oportunidades de estudo, pesquisa e coopera\\u00e7\\u00e3o na Fran\\u00e7a\",\"previousItem\":{\"@type\":\"ListItem\",\"@id\":\"https:\\\/\\\/institucional.ufrrj.br\\\/drii\\\/category\\\/noticias\\\/#listItem\",\"name\":\"Not\\u00edcias\"}}]},{\"@type\":\"Organization\",\"@id\":\"https:\\\/\\\/institucional.ufrrj.br\\\/drii\\\/#organization\",\"name\":\"Departamento de Rela\\u00e7\\u00f5es Internacionais e Interinstitucionais (DRII)\",\"description\":\"Coordenadoria de Rela\\u00e7\\u00f5es Internacionais e Interinstitucionais\",\"url\":\"https:\\\/\\\/institucional.ufrrj.br\\\/drii\\\/\"},{\"@type\":\"Person\",\"@id\":\"https:\\\/\\\/institucional.ufrrj.br\\\/drii\\\/author\\\/veronicaabreu\\\/#author\",\"url\":\"https:\\\/\\\/institucional.ufrrj.br\\\/drii\\\/author\\\/veronicaabreu\\\/\",\"name\":\"Vieira de Abreu\",\"image\":{\"@type\":\"ImageObject\",\"@id\":\"https:\\\/\\\/institucional.ufrrj.br\\\/drii\\\/ufrrj-recebe-o-campus-france-para-apresentacao-de-oportunidades-de-estudo-pesquisa-e-cooperacao-na-franca\\\/#authorImage\",\"url\":\"https:\\\/\\\/secure.gravatar.com\\\/avatar\\\/0bc293781eb0d964cf66e45c576c4c33f7926562a22388235443ab31d61c3113?s=96&d=mm&r=g\",\"width\":96,\"height\":96,\"caption\":\"Vieira de Abreu\"}},{\"@type\":\"WebPage\",\"@id\":\"https:\\\/\\\/institucional.ufrrj.br\\\/drii\\\/ufrrj-recebe-o-campus-france-para-apresentacao-de-oportunidades-de-estudo-pesquisa-e-cooperacao-na-franca\\\/#webpage\",\"url\":\"https:\\\/\\\/institucional.ufrrj.br\\\/drii\\\/ufrrj-recebe-o-campus-france-para-apresentacao-de-oportunidades-de-estudo-pesquisa-e-cooperacao-na-franca\\\/\",\"name\":\"UFRRJ recebe o Campus France para apresenta\\u00e7\\u00e3o de oportunidades de estudo, pesquisa e coopera\\u00e7\\u00e3o na Fran\\u00e7a - Departamento de Rela\\u00e7\\u00f5es Internacionais e Interinstitucionais (DRII)\",\"description\":\"No dia 2 de setembro, \\u00e0s 15h, no Sal\\u00e3o Azul, 3\\u00ba andar, sala 123, P1 (Campus de Serop\\u00e9dica), a Universidade Federal Rural do Rio de Janeiro (UFRRJ) receber\\u00e1 representantes do Campus France para uma conversa sobre oportunidades de estudo, bolsas, pesquisa e coopera\\u00e7\\u00e3o cient\\u00edfica na Fran\\u00e7a. A atividade \\u00e9 promovida pelo Departamento de Rela\\u00e7\\u00f5es Internacionais\",\"inLanguage\":\"pt-BR\",\"isPartOf\":{\"@id\":\"https:\\\/\\\/institucional.ufrrj.br\\\/drii\\\/#website\"},\"breadcrumb\":{\"@id\":\"https:\\\/\\\/institucional.ufrrj.br\\\/drii\\\/ufrrj-recebe-o-campus-france-para-apresentacao-de-oportunidades-de-estudo-pesquisa-e-cooperacao-na-franca\\\/#breadcrumblist\"},\"author\":{\"@id\":\"https:\\\/\\\/institucional.ufrrj.br\\\/drii\\\/author\\\/veronicaabreu\\\/#author\"},\"creator\":{\"@id\":\"https:\\\/\\\/institucional.ufrrj.br\\\/drii\\\/author\\\/veronicaabreu\\\/#author\"},\"image\":{\"@type\":\"ImageObject\",\"url\":\"https:\\\/\\\/institucional.ufrrj.br\\\/drii\\\/files\\\/2026\\\/08\\\/img-20260824-wa0439.jpg\",\"@id\":\"https:\\\/\\\/institucional.ufrrj.br\\\/drii\\\/ufrrj-recebe-o-campus-france-para-apresentacao-de-oportunidades-de-estudo-pesquisa-e-cooperacao-na-franca\\\/#mainImage\",\"width\":1080,\"height\":1350},\"primaryImageOfPage\":{\"@id\":\"https:\\\/\\\/institucional.ufrrj.br\\\/drii\\\/ufrrj-recebe-o-campus-france-para-apresentacao-de-oportunidades-de-estudo-pesquisa-e-cooperacao-na-franca\\\/#mainImage\"},\"datePublished\":\"2026-08-27T14:52:48-03:00\",\"dateModified\":\"2026-08-27T14:53:24-03:00\"},{\"@type\":\"WebSite\",\"@id\":\"https:\\\/\\\/institucional.ufrrj.br\\\/drii\\\/#website\",\"url\":\"https:\\\/\\\/institucional.ufrrj.br\\\/drii\\\/\",\"name\":\"Departamento de Rela\\u00e7\\u00f5es Internacionais e Interinstitucionais (DRII)\",\"description\":\"Coordenadoria de Rela\\u00e7\\u00f5es Internacionais e Interinstitucionais\",\"inLanguage\":\"pt-BR\",\"publisher\":{\"@id\":\"https:\\\/\\\/institucional.ufrrj.br\\\/drii\\\/#organization\"}}]}\n\t\t<\/script>\n\t\t<!-- All in One SEO -->\n\n","aioseo_head_json":{"title":"UFRRJ recebe o Campus France para apresenta\u00e7\u00e3o de oportunidades de estudo, pesquisa e coopera\u00e7\u00e3o na Fran\u00e7a - Departamento de Rela\u00e7\u00f5es Internacionais e Interinstitucionais (DRII)","description":"No dia 2 de setembro, \u00e0s 15h, no Sal\u00e3o Azul, 3\u00ba andar, sala 123, P1 (Campus de Serop\u00e9dica), a Universidade Federal Rural do Rio de Janeiro (UFRRJ) receber\u00e1 representantes do Campus France para uma conversa sobre oportunidades de estudo, bolsas, pesquisa e coopera\u00e7\u00e3o cient\u00edfica na Fran\u00e7a. A atividade \u00e9 promovida pelo Departamento de Rela\u00e7\u00f5es Internacionais","canonical_url":"https:\/\/institucional.ufrrj.br\/drii\/ufrrj-recebe-o-campus-france-para-apresentacao-de-oportunidades-de-estudo-pesquisa-e-cooperacao-na-franca\/","robots":"max-image-preview:large","keywords":"","webmasterTools":{"miscellaneous":""},"schema":{"@context":"https:\/\/schema.org","@graph":[{"@type":"BlogPosting","@id":"https:\/\/institucional.ufrrj.br\/drii\/ufrrj-recebe-o-campus-france-para-apresentacao-de-oportunidades-de-estudo-pesquisa-e-cooperacao-na-franca\/#blogposting","name":"UFRRJ recebe o Campus France para apresenta\u00e7\u00e3o de oportunidades de estudo, pesquisa e coopera\u00e7\u00e3o na Fran\u00e7a - Departamento de Rela\u00e7\u00f5es Internacionais e Interinstitucionais (DRII)","headline":"UFRRJ recebe o Campus France para apresenta\u00e7\u00e3o de oportunidades de estudo, pesquisa e coopera\u00e7\u00e3o na Fran\u00e7a","author":{"@id":"https:\/\/institucional.ufrrj.br\/drii\/author\/veronicaabreu\/#author"},"publisher":{"@id":"https:\/\/institucional.ufrrj.br\/drii\/#organization"},"image":{"@type":"ImageObject","url":"https:\/\/institucional.ufrrj.br\/drii\/files\/2026\/08\/img-20260824-wa0439.jpg","width":1080,"height":1350},"datePublished":"2026-08-27T14:52:48-03:00","dateModified":"2026-08-27T14:53:24-03:00","inLanguage":"pt-BR","mainEntityOfPage":{"@id":"https:\/\/institucional.ufrrj.br\/drii\/ufrrj-recebe-o-campus-france-para-apresentacao-de-oportunidades-de-estudo-pesquisa-e-cooperacao-na-franca\/#webpage"},"isPartOf":{"@id":"https:\/\/institucional.ufrrj.br\/drii\/ufrrj-recebe-o-campus-france-para-apresentacao-de-oportunidades-de-estudo-pesquisa-e-cooperacao-na-franca\/#webpage"},"articleSection":"Not\u00edcias, Portugu\u00eas"},{"@type":"BreadcrumbList","@id":"https:\/\/institucional.ufrrj.br\/drii\/ufrrj-recebe-o-campus-france-para-apresentacao-de-oportunidades-de-estudo-pesquisa-e-cooperacao-na-franca\/#breadcrumblist","itemListElement":[{"@type":"ListItem","@id":"https:\/\/institucional.ufrrj.br\/drii#listItem","position":1,"name":"Home","item":"https:\/\/institucional.ufrrj.br\/drii","nextItem":{"@type":"ListItem","@id":"https:\/\/institucional.ufrrj.br\/drii\/category\/noticias\/#listItem","name":"Not\u00edcias"}},{"@type":"ListItem","@id":"https:\/\/institucional.ufrrj.br\/drii\/category\/noticias\/#listItem","position":2,"name":"Not\u00edcias","item":"https:\/\/institucional.ufrrj.br\/drii\/category\/noticias\/","nextItem":{"@type":"ListItem","@id":"https:\/\/institucional.ufrrj.br\/drii\/ufrrj-recebe-o-campus-france-para-apresentacao-de-oportunidades-de-estudo-pesquisa-e-cooperacao-na-franca\/#listItem","name":"UFRRJ recebe o Campus France para apresenta\u00e7\u00e3o de oportunidades de estudo, pesquisa e coopera\u00e7\u00e3o na Fran\u00e7a"},"previousItem":{"@type":"ListItem","@id":"https:\/\/institucional.ufrrj.br\/drii#listItem","name":"Home"}},{"@type":"ListItem","@id":"https:\/\/institucional.ufrrj.br\/drii\/ufrrj-recebe-o-campus-france-para-apresentacao-de-oportunidades-de-estudo-pesquisa-e-cooperacao-na-franca\/#listItem","position":3,"name":"UFRRJ recebe o Campus France para apresenta\u00e7\u00e3o de oportunidades de estudo, pesquisa e coopera\u00e7\u00e3o na Fran\u00e7a","previousItem":{"@type":"ListItem","@id":"https:\/\/institucional.ufrrj.br\/drii\/category\/noticias\/#listItem","name":"Not\u00edcias"}}]},{"@type":"Organization","@id":"https:\/\/institucional.ufrrj.br\/drii\/#organization","name":"Departamento de Rela\u00e7\u00f5es Internacionais e Interinstitucionais (DRII)","description":"Coordenadoria de Rela\u00e7\u00f5es Internacionais e Interinstitucionais","url":"https:\/\/institucional.ufrrj.br\/drii\/"},{"@type":"Person","@id":"https:\/\/institucional.ufrrj.br\/drii\/author\/veronicaabreu\/#author","url":"https:\/\/institucional.ufrrj.br\/drii\/author\/veronicaabreu\/","name":"Vieira de Abreu","image":{"@type":"ImageObject","@id":"https:\/\/institucional.ufrrj.br\/drii\/ufrrj-recebe-o-campus-france-para-apresentacao-de-oportunidades-de-estudo-pesquisa-e-cooperacao-na-franca\/#authorImage","url":"https:\/\/secure.gravatar.com\/avatar\/0bc293781eb0d964cf66e45c576c4c33f7926562a22388235443ab31d61c3113?s=96&d=mm&r=g","width":96,"height":96,"caption":"Vieira de Abreu"}},{"@type":"WebPage","@id":"https:\/\/institucional.ufrrj.br\/drii\/ufrrj-recebe-o-campus-france-para-apresentacao-de-oportunidades-de-estudo-pesquisa-e-cooperacao-na-franca\/#webpage","url":"https:\/\/institucional.ufrrj.br\/drii\/ufrrj-recebe-o-campus-france-para-apresentacao-de-oportunidades-de-estudo-pesquisa-e-cooperacao-na-franca\/","name":"UFRRJ recebe o Campus France para apresenta\u00e7\u00e3o de oportunidades de estudo, pesquisa e coopera\u00e7\u00e3o na Fran\u00e7a - Departamento de Rela\u00e7\u00f5es Internacionais e Interinstitucionais (DRII)","description":"No dia 2 de setembro, \u00e0s 15h, no Sal\u00e3o Azul, 3\u00ba andar, sala 123, P1 (Campus de Serop\u00e9dica), a Universidade Federal Rural do Rio de Janeiro (UFRRJ) receber\u00e1 representantes do Campus France para uma conversa sobre oportunidades de estudo, bolsas, pesquisa e coopera\u00e7\u00e3o cient\u00edfica na Fran\u00e7a. A atividade \u00e9 promovida pelo Departamento de Rela\u00e7\u00f5es Internacionais","inLanguage":"pt-BR","isPartOf":{"@id":"https:\/\/institucional.ufrrj.br\/drii\/#website"},"breadcrumb":{"@id":"https:\/\/institucional.ufrrj.br\/drii\/ufrrj-recebe-o-campus-france-para-apresentacao-de-oportunidades-de-estudo-pesquisa-e-cooperacao-na-franca\/#breadcrumblist"},"author":{"@id":"https:\/\/institucional.ufrrj.br\/drii\/author\/veronicaabreu\/#author"},"creator":{"@id":"https:\/\/institucional.ufrrj.br\/drii\/author\/veronicaabreu\/#author"},"image":{"@type":"ImageObject","url":"https:\/\/institucional.ufrrj.br\/drii\/files\/2026\/08\/img-20260824-wa0439.jpg","@id":"https:\/\/institucional.ufrrj.br\/drii\/ufrrj-recebe-o-campus-france-para-apresentacao-de-oportunidades-de-estudo-pesquisa-e-cooperacao-na-franca\/#mainImage","width":1080,"height":1350},"primaryImageOfPage":{"@id":"https:\/\/institucional.ufrrj.br\/drii\/ufrrj-recebe-o-campus-france-para-apresentacao-de-oportunidades-de-estudo-pesquisa-e-cooperacao-na-franca\/#mainImage"},"datePublished":"2026-08-27T14:52:48-03:00","dateModified":"2026-08-27T14:53:24-03:00"},{"@type":"WebSite","@id":"https:\/\/institucional.ufrrj.br\/drii\/#website","url":"https:\/\/institucional.ufrrj.br\/drii\/","name":"Departamento de Rela\u00e7\u00f5es Internacionais e Interinstitucionais (DRII)","description":"Coordenadoria de Rela\u00e7\u00f5es Internacionais e Interinstitucionais","inLanguage":"pt-BR","publisher":{"@id":"https:\/\/institucional.ufrrj.br\/drii\/#organization"}}]},"og:locale":"pt_BR","og:site_name":"Departamento de Rela\u00e7\u00f5es Internacionais e Interinstitucionais (DRII) - Coordenadoria de Rela\u00e7\u00f5es Internacionais e Interinstitucionais","og:type":"article","og:title":"UFRRJ recebe o Campus France para apresenta\u00e7\u00e3o de oportunidades de estudo, pesquisa e coopera\u00e7\u00e3o na Fran\u00e7a - Departamento de Rela\u00e7\u00f5es Internacionais e Interinstitucionais (DRII)","og:description":"No dia 2 de setembro, \u00e0s 15h, no Sal\u00e3o Azul, 3\u00ba andar, sala 123, P1 (Campus de Serop\u00e9dica), a Universidade Federal Rural do Rio de Janeiro (UFRRJ) receber\u00e1 representantes do Campus France para uma conversa sobre oportunidades de estudo, bolsas, pesquisa e coopera\u00e7\u00e3o cient\u00edfica na Fran\u00e7a. A atividade \u00e9 promovida pelo Departamento de Rela\u00e7\u00f5es Internacionais","og:url":"https:\/\/institucional.ufrrj.br\/drii\/ufrrj-recebe-o-campus-france-para-apresentacao-de-oportunidades-de-estudo-pesquisa-e-cooperacao-na-franca\/","article:published_time":"2026-08-27T17:52:48+00:00","article:modified_time":"2026-08-27T17:53:24+00:00","twitter:card":"summary_large_image","twitter:title":"UFRRJ recebe o Campus France para apresenta\u00e7\u00e3o de oportunidades de estudo, pesquisa e coopera\u00e7\u00e3o na Fran\u00e7a - Departamento de Rela\u00e7\u00f5es Internacionais e Interinstitucionais (DRII)","twitter:description":"No dia 2 de setembro, \u00e0s 15h, no Sal\u00e3o Azul, 3\u00ba andar, sala 123, P1 (Campus de Serop\u00e9dica), a Universidade Federal Rural do Rio de Janeiro (UFRRJ) receber\u00e1 representantes do Campus France para uma conversa sobre oportunidades de estudo, bolsas, pesquisa e coopera\u00e7\u00e3o cient\u00edfica na Fran\u00e7a. A atividade \u00e9 promovida pelo Departamento de Rela\u00e7\u00f5es Internacionais"},"aioseo_meta_data":{"post_id":"7566","title":null,"description":null,"keywords":null,"keyphrases":null,"focus_keyword":null,"additional_keywords":null,"truseo_locale":null,"primary_term":null,"canonical_url":null,"og_title":null,"og_description":null,"og_object_type":"default","og_image_type":"default","og_image_custom_url":null,"og_image_custom_fields":null,"og_image_url":null,"og_image_width":null,"og_image_height":null,"og_video":null,"og_custom_url":null,"og_article_section":null,"og_article_tags":null,"twitter_use_og":false,"twitter_card":"default","twitter_image_type":"default","twitter_image_custom_url":null,"twitter_image_custom_fields":null,"twitter_image_url":null,"twitter_title":null,"twitter_description":null,"schema_type":"default","schema_type_options":null,"schema":{"blockGraphs":[],"customGraphs":[],"default":{"data":{"Article":[],"Course":[],"Dataset":[],"FAQPage":[],"Movie":[],"Person":[],"Product":[],"ProductReview":[],"Car":[],"Recipe":[],"Service":[],"SoftwareApplication":[],"WebPage":[]},"graphName":"","isEnabled":true},"graphs":[]},"pillar_content":false,"robots_default":true,"robots_noindex":false,"robots_noarchive":false,"robots_nosnippet":false,"robots_nofollow":false,"robots_noimageindex":false,"robots_noodp":false,"robots_notranslate":false,"robots_max_snippet":null,"robots_max_videopreview":null,"robots_max_imagepreview":"large","priority":null,"frequency":null,"local_seo":null,"limit_modified_date":false,"ai":null,"breadcrumb_settings":null,"seo_analyzer_scan_date":null,"created":"2026-09-03 03:40:34","updated":"2026-09-03 03:40:34"},"aioseo_breadcrumb":"<div class=\"aioseo-breadcrumbs\"><span class=\"aioseo-breadcrumb\">\n\t\t\t<a href=\"https:\/\/institucional.ufrrj.br\/drii\" title=\"Home\">Home<\/a>\n\t\t<\/span><span class=\"aioseo-breadcrumb-separator\">&raquo;<\/span><span class=\"aioseo-breadcrumb\">\n\t\t\t<a href=\"https:\/\/institucional.ufrrj.br\/drii\/category\/noticias\/\" title=\"Not\u00edcias\">Not\u00edcias<\/a>\n\t\t<\/span><span class=\"aioseo-breadcrumb-separator\">&raquo;<\/span><span class=\"aioseo-breadcrumb\">\n\t\t\tUFRRJ recebe o Campus France para apresenta\u00e7\u00e3o de oportunidades de estudo, pesquisa e coopera\u00e7\u00e3o na Fran\u00e7a\n\t\t<\/span><\/div>","aioseo_breadcrumb_json":[{"label":"Home","link":"https:\/\/institucional.ufrrj.br\/drii"},{"label":"Not\u00edcias","link":"https:\/\/institucional.ufrrj.br\/drii\/category\/noticias\/"},{"label":"UFRRJ recebe o Campus France para apresenta\u00e7\u00e3o de oportunidades de estudo, pesquisa e coopera\u00e7\u00e3o na Fran\u00e7a","link":"https:\/\/institucional.ufrrj.br\/drii\/ufrrj-recebe-o-campus-france-para-apresentacao-de-oportunidades-de-estudo-pesquisa-e-cooperacao-na-franca\/"}],"acf":[],"_links":{"self":[{"href":"https:\/\/institucional.ufrrj.br\/drii\/wp-json\/wp\/v2\/posts\/7566","targetHints":{"allow":["GET"]}}],"collection":[{"href":"https:\/\/institucional.ufrrj.br\/drii\/wp-json\/wp\/v2\/posts"}],"about":[{"href":"https:\/\/institucional.ufrrj.br\/drii\/wp-json\/wp\/v2\/types\/post"}],"author":[{"embeddable":true,"href":"https:\/\/institucional.ufrrj.br\/drii\/wp-json\/wp\/v2\/users\/917"}],"replies":[{"embeddable":true,"href":"https:\/\/institucional.ufrrj.br\/drii\/wp-json\/wp\/v2\/comments?post=7566"}],"version-history":[{"count":1,"href":"https:\/\/institucional.ufrrj.br\/drii\/wp-json\/wp\/v2\/posts\/7566\/revisions"}],"predecessor-version":[{"id":7568,"href":"https:\/\/institucional.ufrrj.br\/drii\/wp-json\/wp\/v2\/posts\/7566\/revisions\/7568"}],"wp:featuredmedia":[{"embeddable":true,"href":"https:\/\/institucional.ufrrj.br\/drii\/wp-json\/wp\/v2\/media\/7567"}],"wp:attachment":[{"href":"https:\/\/institucional.ufrrj.br\/drii\/wp-json\/wp\/v2\/media?parent=7566"}],"wp:term":[{"taxonomy":"category","embeddable":true,"href":"https:\/\/institucional.ufrrj.br\/drii\/wp-json\/wp\/v2\/categories?post=7566"},{"taxonomy":"post_tag","embeddable":true,"href":"https:\/\/institucional.ufrrj.br\/drii\/wp-json\/wp\/v2\/tags?post=7566"}],"curies":[{"name":"wp","href":"https:\/\/api.w.org\/{rel}","templated":true}]}}