{"id":7151,"date":"2026-04-29T17:25:55","date_gmt":"2026-04-29T20:25:55","guid":{"rendered":"https:\/\/institucional.ufrrj.br\/corin\/?p=7151"},"modified":"2026-04-29T17:28:00","modified_gmt":"2026-04-29T20:28:00","slug":"7151-2","status":"publish","type":"post","link":"https:\/\/institucional.ufrrj.br\/corin\/7151-2\/","title":{"rendered":"A 13\u00aa edi\u00e7\u00e3o do Study in Europe Road Show chega ao Rio de Janeiro"},"content":{"rendered":"\n<p>A 13\u00aa edi\u00e7\u00e3o do Study in Europe Road Show ocorrer\u00e1 no dia 30 de abril de 2026, das 15h \u00e0s 19h, no Audit\u00f3rio Vera Janac\u00f3pulos, localizado no pr\u00e9dio de Nutri\u00e7\u00e3o da Universidade Federal do Estado do Rio de Janeiro (UNIRIO).<\/p>\n\n\n\n<p>Organizado pelo Servi\u00e7o Alem\u00e3o de Interc\u00e2mbio Acad\u00eamico (DAAD Brasil) e pelo Campus France, o evento tem como objetivo apresentar oportunidades de gradua\u00e7\u00e3o, mestrado, doutorado e pesquisa em universidades europeias, aproximando estudantes brasileiros de institui\u00e7\u00f5es e representantes oficiais de diversos pa\u00edses do continente.<\/p>\n\n\n\n<p>Com o crescimento do interesse pela forma\u00e7\u00e3o internacional, a iniciativa percorre, nesta edi\u00e7\u00e3o, cinco cidades brasileiras, promovendo o contato direto entre estudantes, jovens profissionais e especialistas em mobilidade acad\u00eamica internacional.<\/p>\n\n\n\n<p>No Rio de Janeiro, estar\u00e3o presentes representantes da Alemanha, Fran\u00e7a, \u00c1ustria, It\u00e1lia e Rep\u00fablica Tcheca, al\u00e9m de informa\u00e7\u00f5es sobre outros destinos acad\u00eamicos europeus, como B\u00e9lgica, Hungria e Finl\u00e2ndia.<\/p>\n\n\n\n<p>Durante a programa\u00e7\u00e3o, os participantes poder\u00e3o conhecer mais sobre os sistemas de ensino superior de cada pa\u00eds, processos de candidatura, requisitos acad\u00eamicos, possibilidades de bolsas de estudo e demais caminhos para brasileiros interessados em realizar parte de sua forma\u00e7\u00e3o no exterior.<\/p>\n\n\n\n<p>Para participar, \u00e9 necess\u00e1rio preencher o formul\u00e1rio de inscri\u00e7\u00e3o:&nbsp;<a href=\"https:\/\/forms.gle\/DfZ6FpURYoBfALnVA\">https:\/\/forms.gle\/DfZ6FpURYoBfALnVA<\/a>&nbsp;<\/p>\n\n\n\n<p>Para mais informa\u00e7\u00f5es acesse o site: <a href=\"https:\/\/www.unirio.br\/news\/unirio-recebe-evento-internacional-201cstudy-in-europe201d-no-dia-30-de-abril\">https:\/\/www.unirio.br\/news\/unirio-recebe-evento-internacional-201cstudy-in-europe201d-no-dia-30-de-abril<\/a><\/p>\n\n\n<div class=\"wp-block-image\">\n<figure class=\"alignleft size-large is-resized\"><img loading=\"lazy\" decoding=\"async\" width=\"819\" height=\"1024\" src=\"https:\/\/institucional.ufrrj.br\/corin\/files\/2026\/04\/instagram-pagina-2-3-819x1024.png\" alt=\"\" class=\"wp-image-7152\" style=\"aspect-ratio:0.7998095558169496;width:371px;height:auto\" srcset=\"https:\/\/institucional.ufrrj.br\/corin\/files\/2026\/04\/instagram-pagina-2-3-819x1024.png 819w, https:\/\/institucional.ufrrj.br\/corin\/files\/2026\/04\/instagram-pagina-2-3-240x300.png 240w, https:\/\/institucional.ufrrj.br\/corin\/files\/2026\/04\/instagram-pagina-2-3-768x960.png 768w, https:\/\/institucional.ufrrj.br\/corin\/files\/2026\/04\/instagram-pagina-2-3-56x70.png 56w, https:\/\/institucional.ufrrj.br\/corin\/files\/2026\/04\/instagram-pagina-2-3.png 1080w\" sizes=\"auto, (max-width: 819px) 100vw, 819px\" \/><\/figure>\n<\/div>","protected":false},"excerpt":{"rendered":"<p>A 13\u00aa edi\u00e7\u00e3o do Study in Europe Road Show ocorrer\u00e1 no dia 30 de abril de 2026, das 15h \u00e0s 19h, no [&hellip;]<\/p>\n","protected":false},"author":917,"featured_media":7153,"comment_status":"closed","ping_status":"open","sticky":false,"template":"","format":"standard","meta":{"_acf_changed":false,"footnotes":"","_links_to":"","_links_to_target":""},"categories":[5],"tags":[],"class_list":["post-7151","post","type-post","status-publish","format-standard","has-post-thumbnail","hentry","category-noticias"],"yoast_head":"<!-- This site is optimized with the Yoast SEO plugin v27.2 - https:\/\/yoast.com\/product\/yoast-seo-wordpress\/ -->\n<title>A 13\u00aa edi\u00e7\u00e3o do Study in Europe Road Show chega ao Rio de Janeiro - CORIN<\/title>\n<meta name=\"robots\" content=\"index, follow, max-snippet:-1, max-image-preview:large, max-video-preview:-1\" \/>\n<link rel=\"canonical\" href=\"https:\/\/institucional.ufrrj.br\/corin\/7151-2\/\" \/>\n<meta property=\"og:locale\" content=\"pt_BR\" \/>\n<meta property=\"og:type\" content=\"article\" \/>\n<meta property=\"og:title\" content=\"A 13\u00aa edi\u00e7\u00e3o do Study in Europe Road Show chega ao Rio de Janeiro - CORIN\" \/>\n<meta property=\"og:description\" content=\"A 13\u00aa edi\u00e7\u00e3o do Study in Europe Road Show ocorrer\u00e1 no dia 30 de abril de 2026, das 15h \u00e0s 19h, no [&hellip;]\" \/>\n<meta property=\"og:url\" content=\"https:\/\/institucional.ufrrj.br\/corin\/7151-2\/\" \/>\n<meta property=\"og:site_name\" content=\"CORIN\" \/>\n<meta property=\"article:published_time\" content=\"2026-04-29T20:25:55+00:00\" \/>\n<meta property=\"article:modified_time\" content=\"2026-04-29T20:28:00+00:00\" \/>\n<meta property=\"og:image\" content=\"https:\/\/institucional.ufrrj.br\/corin\/files\/2026\/04\/design-sem-nome_20260429_171327_0000.png\" \/>\n\t<meta property=\"og:image:width\" content=\"1063\" \/>\n\t<meta property=\"og:image:height\" content=\"719\" \/>\n\t<meta property=\"og:image:type\" content=\"image\/png\" \/>\n<meta name=\"author\" content=\"Vieira de Abreu\" \/>\n<meta name=\"twitter:card\" content=\"summary_large_image\" \/>\n<meta name=\"twitter:label1\" content=\"Escrito por\" \/>\n\t<meta name=\"twitter:data1\" content=\"Vieira de Abreu\" \/>\n\t<meta name=\"twitter:label2\" content=\"Est. tempo de leitura\" \/>\n\t<meta name=\"twitter:data2\" content=\"1 minuto\" \/>\n<script type=\"application\/ld+json\" class=\"yoast-schema-graph\">{\"@context\":\"https:\/\/schema.org\",\"@graph\":[{\"@type\":\"Article\",\"@id\":\"https:\/\/institucional.ufrrj.br\/corin\/7151-2\/#article\",\"isPartOf\":{\"@id\":\"https:\/\/institucional.ufrrj.br\/corin\/7151-2\/\"},\"author\":{\"name\":\"Vieira de Abreu\",\"@id\":\"https:\/\/institucional.ufrrj.br\/corin\/#\/schema\/person\/2ec275f2256f640ac7b2340e1917418f\"},\"headline\":\"A 13\u00aa edi\u00e7\u00e3o do Study in Europe Road Show chega ao Rio de Janeiro\",\"datePublished\":\"2026-04-29T20:25:55+00:00\",\"dateModified\":\"2026-04-29T20:28:00+00:00\",\"mainEntityOfPage\":{\"@id\":\"https:\/\/institucional.ufrrj.br\/corin\/7151-2\/\"},\"wordCount\":255,\"image\":{\"@id\":\"https:\/\/institucional.ufrrj.br\/corin\/7151-2\/#primaryimage\"},\"thumbnailUrl\":\"https:\/\/institucional.ufrrj.br\/corin\/files\/2026\/04\/design-sem-nome_20260429_171327_0000.png\",\"articleSection\":[\"Not\u00edcias\"],\"inLanguage\":\"pt-BR\"},{\"@type\":\"WebPage\",\"@id\":\"https:\/\/institucional.ufrrj.br\/corin\/7151-2\/\",\"url\":\"https:\/\/institucional.ufrrj.br\/corin\/7151-2\/\",\"name\":\"A 13\u00aa edi\u00e7\u00e3o do Study in Europe Road Show chega ao Rio de Janeiro - CORIN\",\"isPartOf\":{\"@id\":\"https:\/\/institucional.ufrrj.br\/corin\/#website\"},\"primaryImageOfPage\":{\"@id\":\"https:\/\/institucional.ufrrj.br\/corin\/7151-2\/#primaryimage\"},\"image\":{\"@id\":\"https:\/\/institucional.ufrrj.br\/corin\/7151-2\/#primaryimage\"},\"thumbnailUrl\":\"https:\/\/institucional.ufrrj.br\/corin\/files\/2026\/04\/design-sem-nome_20260429_171327_0000.png\",\"datePublished\":\"2026-04-29T20:25:55+00:00\",\"dateModified\":\"2026-04-29T20:28:00+00:00\",\"author\":{\"@id\":\"https:\/\/institucional.ufrrj.br\/corin\/#\/schema\/person\/2ec275f2256f640ac7b2340e1917418f\"},\"breadcrumb\":{\"@id\":\"https:\/\/institucional.ufrrj.br\/corin\/7151-2\/#breadcrumb\"},\"inLanguage\":\"pt-BR\",\"potentialAction\":[{\"@type\":\"ReadAction\",\"target\":[\"https:\/\/institucional.ufrrj.br\/corin\/7151-2\/\"]}]},{\"@type\":\"ImageObject\",\"inLanguage\":\"pt-BR\",\"@id\":\"https:\/\/institucional.ufrrj.br\/corin\/7151-2\/#primaryimage\",\"url\":\"https:\/\/institucional.ufrrj.br\/corin\/files\/2026\/04\/design-sem-nome_20260429_171327_0000.png\",\"contentUrl\":\"https:\/\/institucional.ufrrj.br\/corin\/files\/2026\/04\/design-sem-nome_20260429_171327_0000.png\",\"width\":1063,\"height\":719},{\"@type\":\"BreadcrumbList\",\"@id\":\"https:\/\/institucional.ufrrj.br\/corin\/7151-2\/#breadcrumb\",\"itemListElement\":[{\"@type\":\"ListItem\",\"position\":1,\"name\":\"In\u00edcio\",\"item\":\"https:\/\/institucional.ufrrj.br\/corin\/\"},{\"@type\":\"ListItem\",\"position\":2,\"name\":\"A 13\u00aa edi\u00e7\u00e3o do Study in Europe Road Show chega ao Rio de Janeiro\"}]},{\"@type\":\"WebSite\",\"@id\":\"https:\/\/institucional.ufrrj.br\/corin\/#website\",\"url\":\"https:\/\/institucional.ufrrj.br\/corin\/\",\"name\":\"CORIN\",\"description\":\"Coordenadoria de Rela\u00e7\u00f5es Internacionais e Interinstitucionais\",\"potentialAction\":[{\"@type\":\"SearchAction\",\"target\":{\"@type\":\"EntryPoint\",\"urlTemplate\":\"https:\/\/institucional.ufrrj.br\/corin\/?s={search_term_string}\"},\"query-input\":{\"@type\":\"PropertyValueSpecification\",\"valueRequired\":true,\"valueName\":\"search_term_string\"}}],\"inLanguage\":\"pt-BR\"},{\"@type\":\"Person\",\"@id\":\"https:\/\/institucional.ufrrj.br\/corin\/#\/schema\/person\/2ec275f2256f640ac7b2340e1917418f\",\"name\":\"Vieira de Abreu\",\"image\":{\"@type\":\"ImageObject\",\"inLanguage\":\"pt-BR\",\"@id\":\"https:\/\/secure.gravatar.com\/avatar\/0bc293781eb0d964cf66e45c576c4c33f7926562a22388235443ab31d61c3113?s=96&d=mm&r=g\",\"url\":\"https:\/\/secure.gravatar.com\/avatar\/0bc293781eb0d964cf66e45c576c4c33f7926562a22388235443ab31d61c3113?s=96&d=mm&r=g\",\"contentUrl\":\"https:\/\/secure.gravatar.com\/avatar\/0bc293781eb0d964cf66e45c576c4c33f7926562a22388235443ab31d61c3113?s=96&d=mm&r=g\",\"caption\":\"Vieira de Abreu\"},\"url\":\"https:\/\/institucional.ufrrj.br\/corin\/author\/veronicaabreu\/\"}]}<\/script>\n<!-- \/ Yoast SEO plugin. -->","yoast_head_json":{"title":"A 13\u00aa edi\u00e7\u00e3o do Study in Europe Road Show chega ao Rio de Janeiro - CORIN","robots":{"index":"index","follow":"follow","max-snippet":"max-snippet:-1","max-image-preview":"max-image-preview:large","max-video-preview":"max-video-preview:-1"},"canonical":"https:\/\/institucional.ufrrj.br\/corin\/7151-2\/","og_locale":"pt_BR","og_type":"article","og_title":"A 13\u00aa edi\u00e7\u00e3o do Study in Europe Road Show chega ao Rio de Janeiro - CORIN","og_description":"A 13\u00aa edi\u00e7\u00e3o do Study in Europe Road Show ocorrer\u00e1 no dia 30 de abril de 2026, das 15h \u00e0s 19h, no [&hellip;]","og_url":"https:\/\/institucional.ufrrj.br\/corin\/7151-2\/","og_site_name":"CORIN","article_published_time":"2026-04-29T20:25:55+00:00","article_modified_time":"2026-04-29T20:28:00+00:00","og_image":[{"width":1063,"height":719,"url":"https:\/\/institucional.ufrrj.br\/corin\/files\/2026\/04\/design-sem-nome_20260429_171327_0000.png","type":"image\/png"}],"author":"Vieira de Abreu","twitter_card":"summary_large_image","twitter_misc":{"Escrito por":"Vieira de Abreu","Est. tempo de leitura":"1 minuto"},"schema":{"@context":"https:\/\/schema.org","@graph":[{"@type":"Article","@id":"https:\/\/institucional.ufrrj.br\/corin\/7151-2\/#article","isPartOf":{"@id":"https:\/\/institucional.ufrrj.br\/corin\/7151-2\/"},"author":{"name":"Vieira de Abreu","@id":"https:\/\/institucional.ufrrj.br\/corin\/#\/schema\/person\/2ec275f2256f640ac7b2340e1917418f"},"headline":"A 13\u00aa edi\u00e7\u00e3o do Study in Europe Road Show chega ao Rio de Janeiro","datePublished":"2026-04-29T20:25:55+00:00","dateModified":"2026-04-29T20:28:00+00:00","mainEntityOfPage":{"@id":"https:\/\/institucional.ufrrj.br\/corin\/7151-2\/"},"wordCount":255,"image":{"@id":"https:\/\/institucional.ufrrj.br\/corin\/7151-2\/#primaryimage"},"thumbnailUrl":"https:\/\/institucional.ufrrj.br\/corin\/files\/2026\/04\/design-sem-nome_20260429_171327_0000.png","articleSection":["Not\u00edcias"],"inLanguage":"pt-BR"},{"@type":"WebPage","@id":"https:\/\/institucional.ufrrj.br\/corin\/7151-2\/","url":"https:\/\/institucional.ufrrj.br\/corin\/7151-2\/","name":"A 13\u00aa edi\u00e7\u00e3o do Study in Europe Road Show chega ao Rio de Janeiro - CORIN","isPartOf":{"@id":"https:\/\/institucional.ufrrj.br\/corin\/#website"},"primaryImageOfPage":{"@id":"https:\/\/institucional.ufrrj.br\/corin\/7151-2\/#primaryimage"},"image":{"@id":"https:\/\/institucional.ufrrj.br\/corin\/7151-2\/#primaryimage"},"thumbnailUrl":"https:\/\/institucional.ufrrj.br\/corin\/files\/2026\/04\/design-sem-nome_20260429_171327_0000.png","datePublished":"2026-04-29T20:25:55+00:00","dateModified":"2026-04-29T20:28:00+00:00","author":{"@id":"https:\/\/institucional.ufrrj.br\/corin\/#\/schema\/person\/2ec275f2256f640ac7b2340e1917418f"},"breadcrumb":{"@id":"https:\/\/institucional.ufrrj.br\/corin\/7151-2\/#breadcrumb"},"inLanguage":"pt-BR","potentialAction":[{"@type":"ReadAction","target":["https:\/\/institucional.ufrrj.br\/corin\/7151-2\/"]}]},{"@type":"ImageObject","inLanguage":"pt-BR","@id":"https:\/\/institucional.ufrrj.br\/corin\/7151-2\/#primaryimage","url":"https:\/\/institucional.ufrrj.br\/corin\/files\/2026\/04\/design-sem-nome_20260429_171327_0000.png","contentUrl":"https:\/\/institucional.ufrrj.br\/corin\/files\/2026\/04\/design-sem-nome_20260429_171327_0000.png","width":1063,"height":719},{"@type":"BreadcrumbList","@id":"https:\/\/institucional.ufrrj.br\/corin\/7151-2\/#breadcrumb","itemListElement":[{"@type":"ListItem","position":1,"name":"In\u00edcio","item":"https:\/\/institucional.ufrrj.br\/corin\/"},{"@type":"ListItem","position":2,"name":"A 13\u00aa edi\u00e7\u00e3o do Study in Europe Road Show chega ao Rio de Janeiro"}]},{"@type":"WebSite","@id":"https:\/\/institucional.ufrrj.br\/corin\/#website","url":"https:\/\/institucional.ufrrj.br\/corin\/","name":"CORIN","description":"Coordenadoria de Rela\u00e7\u00f5es Internacionais e Interinstitucionais","potentialAction":[{"@type":"SearchAction","target":{"@type":"EntryPoint","urlTemplate":"https:\/\/institucional.ufrrj.br\/corin\/?s={search_term_string}"},"query-input":{"@type":"PropertyValueSpecification","valueRequired":true,"valueName":"search_term_string"}}],"inLanguage":"pt-BR"},{"@type":"Person","@id":"https:\/\/institucional.ufrrj.br\/corin\/#\/schema\/person\/2ec275f2256f640ac7b2340e1917418f","name":"Vieira de Abreu","image":{"@type":"ImageObject","inLanguage":"pt-BR","@id":"https:\/\/secure.gravatar.com\/avatar\/0bc293781eb0d964cf66e45c576c4c33f7926562a22388235443ab31d61c3113?s=96&d=mm&r=g","url":"https:\/\/secure.gravatar.com\/avatar\/0bc293781eb0d964cf66e45c576c4c33f7926562a22388235443ab31d61c3113?s=96&d=mm&r=g","contentUrl":"https:\/\/secure.gravatar.com\/avatar\/0bc293781eb0d964cf66e45c576c4c33f7926562a22388235443ab31d61c3113?s=96&d=mm&r=g","caption":"Vieira de Abreu"},"url":"https:\/\/institucional.ufrrj.br\/corin\/author\/veronicaabreu\/"}]}},"acf":[],"_links":{"self":[{"href":"https:\/\/institucional.ufrrj.br\/corin\/wp-json\/wp\/v2\/posts\/7151","targetHints":{"allow":["GET"]}}],"collection":[{"href":"https:\/\/institucional.ufrrj.br\/corin\/wp-json\/wp\/v2\/posts"}],"about":[{"href":"https:\/\/institucional.ufrrj.br\/corin\/wp-json\/wp\/v2\/types\/post"}],"author":[{"embeddable":true,"href":"https:\/\/institucional.ufrrj.br\/corin\/wp-json\/wp\/v2\/users\/917"}],"replies":[{"embeddable":true,"href":"https:\/\/institucional.ufrrj.br\/corin\/wp-json\/wp\/v2\/comments?post=7151"}],"version-history":[{"count":1,"href":"https:\/\/institucional.ufrrj.br\/corin\/wp-json\/wp\/v2\/posts\/7151\/revisions"}],"predecessor-version":[{"id":7156,"href":"https:\/\/institucional.ufrrj.br\/corin\/wp-json\/wp\/v2\/posts\/7151\/revisions\/7156"}],"wp:featuredmedia":[{"embeddable":true,"href":"https:\/\/institucional.ufrrj.br\/corin\/wp-json\/wp\/v2\/media\/7153"}],"wp:attachment":[{"href":"https:\/\/institucional.ufrrj.br\/corin\/wp-json\/wp\/v2\/media?parent=7151"}],"wp:term":[{"taxonomy":"category","embeddable":true,"href":"https:\/\/institucional.ufrrj.br\/corin\/wp-json\/wp\/v2\/categories?post=7151"},{"taxonomy":"post_tag","embeddable":true,"href":"https:\/\/institucional.ufrrj.br\/corin\/wp-json\/wp\/v2\/tags?post=7151"}],"curies":[{"name":"wp","href":"https:\/\/api.w.org\/{rel}","templated":true}]}}