{"id":6465,"date":"2025-08-11T16:15:58","date_gmt":"2025-08-11T19:15:58","guid":{"rendered":"https:\/\/institucional.ufrrj.br\/corin\/?p=6465"},"modified":"2025-09-29T19:48:13","modified_gmt":"2025-09-29T22:48:13","slug":"edital-n20-2025-projeto-comunica-corin","status":"publish","type":"post","link":"https:\/\/institucional.ufrrj.br\/corin\/edital-n20-2025-projeto-comunica-corin\/","title":{"rendered":"Edital N\u00b020\/2025 Projeto Comunica Corin"},"content":{"rendered":"\n<p>Est\u00e3o abertas as inscri\u00e7\u00f5es para o projeto &#8220;Comunica Corin&#8221;, que faz parte do Programa de Desenvolvimento Acad\u00eamico Institucional (PDAI), da Pr\u00f3- Reitoria de Assuntos Estudantis (PROAES). <\/p>\n\n\n\n<p>O PDAI oferece apoio financeiro a estudantes de gradua\u00e7\u00e3o presencial da UFRRJ em situa\u00e7\u00e3o de vulnerabilidade socioecon\u00f4mica comprovada.<\/p>\n\n\n\n<p>Temos 2 vagas:<\/p>\n\n\n\n<p>&#8211; Uma para a gest\u00e3o do site e m\u00eddias sociais, cria\u00e7\u00e3o de pe\u00e7as de comunica\u00e7\u00e3o e atendimento preliminar ao p\u00fablico (preferencialmente para estudantes de Comunica\u00e7\u00e3o Social, Rela\u00e7\u00f5es Internacionais ou Letras). <\/p>\n\n\n\n<p>&#8211; \u2060E mais uma vaga para apoio ao N\u00facleo de Acolhimento ao Visitante Estrangeiro, incluindo recep\u00e7\u00e3o de visitantes, interpreta\u00e7\u00e3o\/tradu\u00e7\u00e3o e atendimento preliminar (exclusiva para estudantes de Letras \u2013 Portugu\u00eas\/Ingl\u00eas).<\/p>\n\n\n\n<p>Carga hor\u00e1ria: 16h semanais<\/p>\n\n\n\n<p>Valor da bolsa: R$ 640,00<\/p>\n\n\n\n<p>Inscri\u00e7\u00f5es: 11 a 15 de agosto de 2025<\/p>\n\n\n\n<p>Mais informa\u00e7\u00f5es: <a href=\"https:\/\/institucional.ufrrj.br\/corin\/files\/2025\/08\/Edital-20-2025_PDAI_CORIN.pdf\">Edital n\u00ba 20\/2025<\/a> <\/p>\n\n\n\n<p>N\u00e3o perca essa chance de desenvolver habilidades, ganhar experi\u00eancia e contribuir para a internacionaliza\u00e7\u00e3o da UFRRJ! <\/p>\n\n\n\n<p><\/p>\n\n\n\n<p>Resultado: <a href=\"https:\/\/institucional.ufrrj.br\/corin\/o-resultado-do-edital-no-20-2025-corin-proppg\/\">aqui<\/a><\/p>\n\n\n\n<p><\/p>\n","protected":false},"excerpt":{"rendered":"<p>Est\u00e3o abertas as inscri\u00e7\u00f5es para o projeto &#8220;Comunica Corin&#8221;, que faz parte do Programa de Desenvolvimento Acad\u00eamico Institucional (PDAI), da Pr\u00f3- Reitoria [&hellip;]<\/p>\n","protected":false},"author":850,"featured_media":6466,"comment_status":"closed","ping_status":"open","sticky":false,"template":"","format":"standard","meta":{"_acf_changed":false,"footnotes":"","_links_to":"","_links_to_target":""},"categories":[6,5],"tags":[],"class_list":["post-6465","post","type-post","status-publish","format-standard","has-post-thumbnail","hentry","category-editais","category-noticias"],"yoast_head":"<!-- This site is optimized with the Yoast SEO plugin v27.2 - https:\/\/yoast.com\/product\/yoast-seo-wordpress\/ -->\n<title>Edital N\u00b020\/2025 Projeto Comunica Corin - CORIN<\/title>\n<meta name=\"robots\" content=\"index, follow, max-snippet:-1, max-image-preview:large, max-video-preview:-1\" \/>\n<link rel=\"canonical\" href=\"https:\/\/institucional.ufrrj.br\/corin\/edital-n20-2025-projeto-comunica-corin\/\" \/>\n<meta property=\"og:locale\" content=\"pt_BR\" \/>\n<meta property=\"og:type\" content=\"article\" \/>\n<meta property=\"og:title\" content=\"Edital N\u00b020\/2025 Projeto Comunica Corin - CORIN\" \/>\n<meta property=\"og:description\" content=\"Est\u00e3o abertas as inscri\u00e7\u00f5es para o projeto &#8220;Comunica Corin&#8221;, que faz parte do Programa de Desenvolvimento Acad\u00eamico Institucional (PDAI), da Pr\u00f3- Reitoria [&hellip;]\" \/>\n<meta property=\"og:url\" content=\"https:\/\/institucional.ufrrj.br\/corin\/edital-n20-2025-projeto-comunica-corin\/\" \/>\n<meta property=\"og:site_name\" content=\"CORIN\" \/>\n<meta property=\"article:published_time\" content=\"2025-08-11T19:15:58+00:00\" \/>\n<meta property=\"article:modified_time\" content=\"2025-09-29T22:48:13+00:00\" \/>\n<meta property=\"og:image\" content=\"https:\/\/institucional.ufrrj.br\/corin\/files\/2025\/08\/Projeto-comunica-corin_20250811_155106_0000.png\" \/>\n\t<meta property=\"og:image:width\" content=\"1080\" \/>\n\t<meta property=\"og:image:height\" content=\"1080\" \/>\n\t<meta property=\"og:image:type\" content=\"image\/png\" \/>\n<meta name=\"author\" content=\"molezomluisa\" \/>\n<meta name=\"twitter:card\" content=\"summary_large_image\" \/>\n<meta name=\"twitter:label1\" content=\"Escrito por\" \/>\n\t<meta name=\"twitter:data1\" content=\"molezomluisa\" \/>\n\t<meta name=\"twitter:label2\" content=\"Est. tempo de leitura\" \/>\n\t<meta name=\"twitter:data2\" content=\"1 minuto\" \/>\n<script type=\"application\/ld+json\" class=\"yoast-schema-graph\">{\"@context\":\"https:\/\/schema.org\",\"@graph\":[{\"@type\":\"Article\",\"@id\":\"https:\/\/institucional.ufrrj.br\/corin\/edital-n20-2025-projeto-comunica-corin\/#article\",\"isPartOf\":{\"@id\":\"https:\/\/institucional.ufrrj.br\/corin\/edital-n20-2025-projeto-comunica-corin\/\"},\"author\":{\"name\":\"molezomluisa\",\"@id\":\"https:\/\/institucional.ufrrj.br\/corin\/#\/schema\/person\/b21d2da441da9fe43aee857361b2c5be\"},\"headline\":\"Edital N\u00b020\/2025 Projeto Comunica Corin\",\"datePublished\":\"2025-08-11T19:15:58+00:00\",\"dateModified\":\"2025-09-29T22:48:13+00:00\",\"mainEntityOfPage\":{\"@id\":\"https:\/\/institucional.ufrrj.br\/corin\/edital-n20-2025-projeto-comunica-corin\/\"},\"wordCount\":173,\"image\":{\"@id\":\"https:\/\/institucional.ufrrj.br\/corin\/edital-n20-2025-projeto-comunica-corin\/#primaryimage\"},\"thumbnailUrl\":\"https:\/\/institucional.ufrrj.br\/corin\/files\/2025\/08\/Projeto-comunica-corin_20250811_155106_0000.png\",\"articleSection\":[\"Editais\",\"Not\u00edcias\"],\"inLanguage\":\"pt-BR\"},{\"@type\":\"WebPage\",\"@id\":\"https:\/\/institucional.ufrrj.br\/corin\/edital-n20-2025-projeto-comunica-corin\/\",\"url\":\"https:\/\/institucional.ufrrj.br\/corin\/edital-n20-2025-projeto-comunica-corin\/\",\"name\":\"Edital N\u00b020\/2025 Projeto Comunica Corin - CORIN\",\"isPartOf\":{\"@id\":\"https:\/\/institucional.ufrrj.br\/corin\/#website\"},\"primaryImageOfPage\":{\"@id\":\"https:\/\/institucional.ufrrj.br\/corin\/edital-n20-2025-projeto-comunica-corin\/#primaryimage\"},\"image\":{\"@id\":\"https:\/\/institucional.ufrrj.br\/corin\/edital-n20-2025-projeto-comunica-corin\/#primaryimage\"},\"thumbnailUrl\":\"https:\/\/institucional.ufrrj.br\/corin\/files\/2025\/08\/Projeto-comunica-corin_20250811_155106_0000.png\",\"datePublished\":\"2025-08-11T19:15:58+00:00\",\"dateModified\":\"2025-09-29T22:48:13+00:00\",\"author\":{\"@id\":\"https:\/\/institucional.ufrrj.br\/corin\/#\/schema\/person\/b21d2da441da9fe43aee857361b2c5be\"},\"breadcrumb\":{\"@id\":\"https:\/\/institucional.ufrrj.br\/corin\/edital-n20-2025-projeto-comunica-corin\/#breadcrumb\"},\"inLanguage\":\"pt-BR\",\"potentialAction\":[{\"@type\":\"ReadAction\",\"target\":[\"https:\/\/institucional.ufrrj.br\/corin\/edital-n20-2025-projeto-comunica-corin\/\"]}]},{\"@type\":\"ImageObject\",\"inLanguage\":\"pt-BR\",\"@id\":\"https:\/\/institucional.ufrrj.br\/corin\/edital-n20-2025-projeto-comunica-corin\/#primaryimage\",\"url\":\"https:\/\/institucional.ufrrj.br\/corin\/files\/2025\/08\/Projeto-comunica-corin_20250811_155106_0000.png\",\"contentUrl\":\"https:\/\/institucional.ufrrj.br\/corin\/files\/2025\/08\/Projeto-comunica-corin_20250811_155106_0000.png\",\"width\":1080,\"height\":1080},{\"@type\":\"BreadcrumbList\",\"@id\":\"https:\/\/institucional.ufrrj.br\/corin\/edital-n20-2025-projeto-comunica-corin\/#breadcrumb\",\"itemListElement\":[{\"@type\":\"ListItem\",\"position\":1,\"name\":\"In\u00edcio\",\"item\":\"https:\/\/institucional.ufrrj.br\/corin\/\"},{\"@type\":\"ListItem\",\"position\":2,\"name\":\"Edital N\u00b020\/2025 Projeto Comunica Corin\"}]},{\"@type\":\"WebSite\",\"@id\":\"https:\/\/institucional.ufrrj.br\/corin\/#website\",\"url\":\"https:\/\/institucional.ufrrj.br\/corin\/\",\"name\":\"CORIN\",\"description\":\"Coordenadoria de Rela\u00e7\u00f5es Internacionais e Interinstitucionais\",\"potentialAction\":[{\"@type\":\"SearchAction\",\"target\":{\"@type\":\"EntryPoint\",\"urlTemplate\":\"https:\/\/institucional.ufrrj.br\/corin\/?s={search_term_string}\"},\"query-input\":{\"@type\":\"PropertyValueSpecification\",\"valueRequired\":true,\"valueName\":\"search_term_string\"}}],\"inLanguage\":\"pt-BR\"},{\"@type\":\"Person\",\"@id\":\"https:\/\/institucional.ufrrj.br\/corin\/#\/schema\/person\/b21d2da441da9fe43aee857361b2c5be\",\"name\":\"molezomluisa\",\"image\":{\"@type\":\"ImageObject\",\"inLanguage\":\"pt-BR\",\"@id\":\"https:\/\/secure.gravatar.com\/avatar\/fe05d54e0925ffc10325f7fc700fcd86b7ffb4c70e2d0c54befccb103121b744?s=96&d=mm&r=g\",\"url\":\"https:\/\/secure.gravatar.com\/avatar\/fe05d54e0925ffc10325f7fc700fcd86b7ffb4c70e2d0c54befccb103121b744?s=96&d=mm&r=g\",\"contentUrl\":\"https:\/\/secure.gravatar.com\/avatar\/fe05d54e0925ffc10325f7fc700fcd86b7ffb4c70e2d0c54befccb103121b744?s=96&d=mm&r=g\",\"caption\":\"molezomluisa\"},\"description\":\"Chamado - ID: 32759 (Rural - Seropedica)\",\"sameAs\":[\"molezomluisa\"],\"url\":\"https:\/\/institucional.ufrrj.br\/corin\/author\/molezomluisa1\/\"}]}<\/script>\n<!-- \/ Yoast SEO plugin. -->","yoast_head_json":{"title":"Edital N\u00b020\/2025 Projeto Comunica Corin - CORIN","robots":{"index":"index","follow":"follow","max-snippet":"max-snippet:-1","max-image-preview":"max-image-preview:large","max-video-preview":"max-video-preview:-1"},"canonical":"https:\/\/institucional.ufrrj.br\/corin\/edital-n20-2025-projeto-comunica-corin\/","og_locale":"pt_BR","og_type":"article","og_title":"Edital N\u00b020\/2025 Projeto Comunica Corin - CORIN","og_description":"Est\u00e3o abertas as inscri\u00e7\u00f5es para o projeto &#8220;Comunica Corin&#8221;, que faz parte do Programa de Desenvolvimento Acad\u00eamico Institucional (PDAI), da Pr\u00f3- Reitoria [&hellip;]","og_url":"https:\/\/institucional.ufrrj.br\/corin\/edital-n20-2025-projeto-comunica-corin\/","og_site_name":"CORIN","article_published_time":"2025-08-11T19:15:58+00:00","article_modified_time":"2025-09-29T22:48:13+00:00","og_image":[{"width":1080,"height":1080,"url":"https:\/\/institucional.ufrrj.br\/corin\/files\/2025\/08\/Projeto-comunica-corin_20250811_155106_0000.png","type":"image\/png"}],"author":"molezomluisa","twitter_card":"summary_large_image","twitter_misc":{"Escrito por":"molezomluisa","Est. tempo de leitura":"1 minuto"},"schema":{"@context":"https:\/\/schema.org","@graph":[{"@type":"Article","@id":"https:\/\/institucional.ufrrj.br\/corin\/edital-n20-2025-projeto-comunica-corin\/#article","isPartOf":{"@id":"https:\/\/institucional.ufrrj.br\/corin\/edital-n20-2025-projeto-comunica-corin\/"},"author":{"name":"molezomluisa","@id":"https:\/\/institucional.ufrrj.br\/corin\/#\/schema\/person\/b21d2da441da9fe43aee857361b2c5be"},"headline":"Edital N\u00b020\/2025 Projeto Comunica Corin","datePublished":"2025-08-11T19:15:58+00:00","dateModified":"2025-09-29T22:48:13+00:00","mainEntityOfPage":{"@id":"https:\/\/institucional.ufrrj.br\/corin\/edital-n20-2025-projeto-comunica-corin\/"},"wordCount":173,"image":{"@id":"https:\/\/institucional.ufrrj.br\/corin\/edital-n20-2025-projeto-comunica-corin\/#primaryimage"},"thumbnailUrl":"https:\/\/institucional.ufrrj.br\/corin\/files\/2025\/08\/Projeto-comunica-corin_20250811_155106_0000.png","articleSection":["Editais","Not\u00edcias"],"inLanguage":"pt-BR"},{"@type":"WebPage","@id":"https:\/\/institucional.ufrrj.br\/corin\/edital-n20-2025-projeto-comunica-corin\/","url":"https:\/\/institucional.ufrrj.br\/corin\/edital-n20-2025-projeto-comunica-corin\/","name":"Edital N\u00b020\/2025 Projeto Comunica Corin - CORIN","isPartOf":{"@id":"https:\/\/institucional.ufrrj.br\/corin\/#website"},"primaryImageOfPage":{"@id":"https:\/\/institucional.ufrrj.br\/corin\/edital-n20-2025-projeto-comunica-corin\/#primaryimage"},"image":{"@id":"https:\/\/institucional.ufrrj.br\/corin\/edital-n20-2025-projeto-comunica-corin\/#primaryimage"},"thumbnailUrl":"https:\/\/institucional.ufrrj.br\/corin\/files\/2025\/08\/Projeto-comunica-corin_20250811_155106_0000.png","datePublished":"2025-08-11T19:15:58+00:00","dateModified":"2025-09-29T22:48:13+00:00","author":{"@id":"https:\/\/institucional.ufrrj.br\/corin\/#\/schema\/person\/b21d2da441da9fe43aee857361b2c5be"},"breadcrumb":{"@id":"https:\/\/institucional.ufrrj.br\/corin\/edital-n20-2025-projeto-comunica-corin\/#breadcrumb"},"inLanguage":"pt-BR","potentialAction":[{"@type":"ReadAction","target":["https:\/\/institucional.ufrrj.br\/corin\/edital-n20-2025-projeto-comunica-corin\/"]}]},{"@type":"ImageObject","inLanguage":"pt-BR","@id":"https:\/\/institucional.ufrrj.br\/corin\/edital-n20-2025-projeto-comunica-corin\/#primaryimage","url":"https:\/\/institucional.ufrrj.br\/corin\/files\/2025\/08\/Projeto-comunica-corin_20250811_155106_0000.png","contentUrl":"https:\/\/institucional.ufrrj.br\/corin\/files\/2025\/08\/Projeto-comunica-corin_20250811_155106_0000.png","width":1080,"height":1080},{"@type":"BreadcrumbList","@id":"https:\/\/institucional.ufrrj.br\/corin\/edital-n20-2025-projeto-comunica-corin\/#breadcrumb","itemListElement":[{"@type":"ListItem","position":1,"name":"In\u00edcio","item":"https:\/\/institucional.ufrrj.br\/corin\/"},{"@type":"ListItem","position":2,"name":"Edital N\u00b020\/2025 Projeto Comunica Corin"}]},{"@type":"WebSite","@id":"https:\/\/institucional.ufrrj.br\/corin\/#website","url":"https:\/\/institucional.ufrrj.br\/corin\/","name":"CORIN","description":"Coordenadoria de Rela\u00e7\u00f5es Internacionais e Interinstitucionais","potentialAction":[{"@type":"SearchAction","target":{"@type":"EntryPoint","urlTemplate":"https:\/\/institucional.ufrrj.br\/corin\/?s={search_term_string}"},"query-input":{"@type":"PropertyValueSpecification","valueRequired":true,"valueName":"search_term_string"}}],"inLanguage":"pt-BR"},{"@type":"Person","@id":"https:\/\/institucional.ufrrj.br\/corin\/#\/schema\/person\/b21d2da441da9fe43aee857361b2c5be","name":"molezomluisa","image":{"@type":"ImageObject","inLanguage":"pt-BR","@id":"https:\/\/secure.gravatar.com\/avatar\/fe05d54e0925ffc10325f7fc700fcd86b7ffb4c70e2d0c54befccb103121b744?s=96&d=mm&r=g","url":"https:\/\/secure.gravatar.com\/avatar\/fe05d54e0925ffc10325f7fc700fcd86b7ffb4c70e2d0c54befccb103121b744?s=96&d=mm&r=g","contentUrl":"https:\/\/secure.gravatar.com\/avatar\/fe05d54e0925ffc10325f7fc700fcd86b7ffb4c70e2d0c54befccb103121b744?s=96&d=mm&r=g","caption":"molezomluisa"},"description":"Chamado - ID: 32759 (Rural - Seropedica)","sameAs":["molezomluisa"],"url":"https:\/\/institucional.ufrrj.br\/corin\/author\/molezomluisa1\/"}]}},"acf":[],"_links":{"self":[{"href":"https:\/\/institucional.ufrrj.br\/corin\/wp-json\/wp\/v2\/posts\/6465","targetHints":{"allow":["GET"]}}],"collection":[{"href":"https:\/\/institucional.ufrrj.br\/corin\/wp-json\/wp\/v2\/posts"}],"about":[{"href":"https:\/\/institucional.ufrrj.br\/corin\/wp-json\/wp\/v2\/types\/post"}],"author":[{"embeddable":true,"href":"https:\/\/institucional.ufrrj.br\/corin\/wp-json\/wp\/v2\/users\/850"}],"replies":[{"embeddable":true,"href":"https:\/\/institucional.ufrrj.br\/corin\/wp-json\/wp\/v2\/comments?post=6465"}],"version-history":[{"count":4,"href":"https:\/\/institucional.ufrrj.br\/corin\/wp-json\/wp\/v2\/posts\/6465\/revisions"}],"predecessor-version":[{"id":6544,"href":"https:\/\/institucional.ufrrj.br\/corin\/wp-json\/wp\/v2\/posts\/6465\/revisions\/6544"}],"wp:featuredmedia":[{"embeddable":true,"href":"https:\/\/institucional.ufrrj.br\/corin\/wp-json\/wp\/v2\/media\/6466"}],"wp:attachment":[{"href":"https:\/\/institucional.ufrrj.br\/corin\/wp-json\/wp\/v2\/media?parent=6465"}],"wp:term":[{"taxonomy":"category","embeddable":true,"href":"https:\/\/institucional.ufrrj.br\/corin\/wp-json\/wp\/v2\/categories?post=6465"},{"taxonomy":"post_tag","embeddable":true,"href":"https:\/\/institucional.ufrrj.br\/corin\/wp-json\/wp\/v2\/tags?post=6465"}],"curies":[{"name":"wp","href":"https:\/\/api.w.org\/{rel}","templated":true}]}}