{"id":5060,"date":"2024-05-30T00:07:02","date_gmt":"2024-05-30T03:07:02","guid":{"rendered":"https:\/\/institucional.ufrrj.br\/corin\/?p=5060"},"modified":"2024-12-09T14:44:03","modified_gmt":"2024-12-09T17:44:03","slug":"galeria-corin-2024","status":"publish","type":"post","link":"https:\/\/institucional.ufrrj.br\/corin\/galeria-corin-2024\/","title":{"rendered":"Galeria Corin 2024"},"content":{"rendered":"\n<figure class=\"wp-block-gallery has-nested-images columns-default is-cropped eplus-wrapper wp-block-gallery-1\">\n<figure class=\" wp-block-image size-large eplus-wrapper\"><a href=\"https:\/\/institucional.ufrrj.br\/corin\/files\/2024\/01\/IMG-20240130-WA0003.jpg\"><img loading=\"lazy\" decoding=\"async\" width=\"1024\" height=\"420\" data-id=\"4748\" src=\"https:\/\/institucional.ufrrj.br\/corin\/files\/2024\/01\/IMG-20240130-WA0003-1024x420.jpg\" alt=\"\" class=\"wp-image-4748\" srcset=\"https:\/\/institucional.ufrrj.br\/corin\/files\/2024\/01\/IMG-20240130-WA0003-1024x420.jpg 1024w, https:\/\/institucional.ufrrj.br\/corin\/files\/2024\/01\/IMG-20240130-WA0003-300x123.jpg 300w, https:\/\/institucional.ufrrj.br\/corin\/files\/2024\/01\/IMG-20240130-WA0003-768x315.jpg 768w, https:\/\/institucional.ufrrj.br\/corin\/files\/2024\/01\/IMG-20240130-WA0003-1536x631.jpg 1536w, https:\/\/institucional.ufrrj.br\/corin\/files\/2024\/01\/IMG-20240130-WA0003.jpg 1600w\" sizes=\"auto, (max-width: 1024px) 100vw, 1024px\" \/><\/a><figcaption class=\"wp-element-caption\">30 jan 2024 &#8211; reuni\u00e3o com os estudantes de gradua\u00e7\u00e3o selecionados pelos editais da Corin\/PROPPG e que realizar\u00e3o a mobilidade acad\u00eamica internacional no per\u00edodo 2024.1. <\/figcaption><\/figure>\n\n\n\n<figure class=\" wp-block-image size-large eplus-wrapper\"><a href=\"https:\/\/institucional.ufrrj.br\/corin\/files\/2024\/04\/1000023805.jpg\"><img loading=\"lazy\" decoding=\"async\" width=\"1024\" height=\"1024\" data-id=\"4890\" src=\"https:\/\/institucional.ufrrj.br\/corin\/files\/2024\/04\/1000023805-1024x1024.jpg\" alt=\"\" class=\"wp-image-4890\" srcset=\"https:\/\/institucional.ufrrj.br\/corin\/files\/2024\/04\/1000023805-1024x1024.jpg 1024w, https:\/\/institucional.ufrrj.br\/corin\/files\/2024\/04\/1000023805-300x300.jpg 300w, https:\/\/institucional.ufrrj.br\/corin\/files\/2024\/04\/1000023805-150x150.jpg 150w, https:\/\/institucional.ufrrj.br\/corin\/files\/2024\/04\/1000023805-768x768.jpg 768w, https:\/\/institucional.ufrrj.br\/corin\/files\/2024\/04\/1000023805-75x75.jpg 75w, https:\/\/institucional.ufrrj.br\/corin\/files\/2024\/04\/1000023805-120x120.jpg 120w, https:\/\/institucional.ufrrj.br\/corin\/files\/2024\/04\/1000023805.jpg 1080w\" sizes=\"auto, (max-width: 1024px) 100vw, 1024px\" \/><\/a><figcaption class=\"wp-element-caption\">04 abril 2024 &#8211; Corin e Proppg recebe pesquisadores da It\u00e1lia e da Col\u00f4mbia.<\/figcaption><\/figure>\n\n\n\n<figure class=\" wp-block-image size-large eplus-wrapper\"><a href=\"https:\/\/institucional.ufrrj.br\/corin\/files\/2024\/04\/1000023807.jpg\"><img loading=\"lazy\" decoding=\"async\" width=\"1024\" height=\"1024\" data-id=\"4892\" src=\"https:\/\/institucional.ufrrj.br\/corin\/files\/2024\/04\/1000023807-1024x1024.jpg\" alt=\"\" class=\"wp-image-4892\" srcset=\"https:\/\/institucional.ufrrj.br\/corin\/files\/2024\/04\/1000023807-1024x1024.jpg 1024w, https:\/\/institucional.ufrrj.br\/corin\/files\/2024\/04\/1000023807-300x300.jpg 300w, https:\/\/institucional.ufrrj.br\/corin\/files\/2024\/04\/1000023807-150x150.jpg 150w, https:\/\/institucional.ufrrj.br\/corin\/files\/2024\/04\/1000023807-768x768.jpg 768w, https:\/\/institucional.ufrrj.br\/corin\/files\/2024\/04\/1000023807-75x75.jpg 75w, https:\/\/institucional.ufrrj.br\/corin\/files\/2024\/04\/1000023807-120x120.jpg 120w, https:\/\/institucional.ufrrj.br\/corin\/files\/2024\/04\/1000023807.jpg 1080w\" sizes=\"auto, (max-width: 1024px) 100vw, 1024px\" \/><\/a><figcaption class=\"wp-element-caption\">04 abril 2024<\/figcaption><\/figure>\n\n\n\n<figure class=\" wp-block-image size-large eplus-wrapper\"><a href=\"https:\/\/institucional.ufrrj.br\/corin\/files\/2024\/04\/1000023806.jpg\"><img loading=\"lazy\" decoding=\"async\" width=\"1024\" height=\"1024\" data-id=\"4891\" src=\"https:\/\/institucional.ufrrj.br\/corin\/files\/2024\/04\/1000023806-1024x1024.jpg\" alt=\"\" class=\"wp-image-4891\" srcset=\"https:\/\/institucional.ufrrj.br\/corin\/files\/2024\/04\/1000023806-1024x1024.jpg 1024w, https:\/\/institucional.ufrrj.br\/corin\/files\/2024\/04\/1000023806-300x300.jpg 300w, https:\/\/institucional.ufrrj.br\/corin\/files\/2024\/04\/1000023806-150x150.jpg 150w, https:\/\/institucional.ufrrj.br\/corin\/files\/2024\/04\/1000023806-768x768.jpg 768w, https:\/\/institucional.ufrrj.br\/corin\/files\/2024\/04\/1000023806-75x75.jpg 75w, https:\/\/institucional.ufrrj.br\/corin\/files\/2024\/04\/1000023806-120x120.jpg 120w, https:\/\/institucional.ufrrj.br\/corin\/files\/2024\/04\/1000023806.jpg 1080w\" sizes=\"auto, (max-width: 1024px) 100vw, 1024px\" \/><\/a><figcaption class=\"wp-element-caption\"> abril 2024<\/figcaption><\/figure>\n\n\n\n<figure class=\" wp-block-image size-large eplus-wrapper\"><a href=\"https:\/\/institucional.ufrrj.br\/corin\/files\/2024\/04\/20240417_084611_0000.png\"><img loading=\"lazy\" decoding=\"async\" width=\"1024\" height=\"1024\" data-id=\"4946\" src=\"https:\/\/institucional.ufrrj.br\/corin\/files\/2024\/04\/20240417_084611_0000-1024x1024.png\" alt=\"\" class=\"wp-image-4946\" srcset=\"https:\/\/institucional.ufrrj.br\/corin\/files\/2024\/04\/20240417_084611_0000-1024x1024.png 1024w, https:\/\/institucional.ufrrj.br\/corin\/files\/2024\/04\/20240417_084611_0000-300x300.png 300w, https:\/\/institucional.ufrrj.br\/corin\/files\/2024\/04\/20240417_084611_0000-150x150.png 150w, https:\/\/institucional.ufrrj.br\/corin\/files\/2024\/04\/20240417_084611_0000-768x768.png 768w, https:\/\/institucional.ufrrj.br\/corin\/files\/2024\/04\/20240417_084611_0000-75x75.png 75w, https:\/\/institucional.ufrrj.br\/corin\/files\/2024\/04\/20240417_084611_0000-120x120.png 120w, https:\/\/institucional.ufrrj.br\/corin\/files\/2024\/04\/20240417_084611_0000.png 1080w\" sizes=\"auto, (max-width: 1024px) 100vw, 1024px\" \/><\/a><figcaption class=\"wp-element-caption\">abril 2024 &#8211; UFRRJ e a Southern University and A&amp;M College renovam parceria.<\/figcaption><\/figure>\n\n\n\n<figure class=\" wp-block-image size-large eplus-wrapper\"><a href=\"https:\/\/institucional.ufrrj.br\/corin\/files\/2024\/04\/20240417_084343_0000.png\"><img loading=\"lazy\" decoding=\"async\" width=\"1024\" height=\"1024\" data-id=\"4945\" src=\"https:\/\/institucional.ufrrj.br\/corin\/files\/2024\/04\/20240417_084343_0000-1024x1024.png\" alt=\"\" class=\"wp-image-4945\" srcset=\"https:\/\/institucional.ufrrj.br\/corin\/files\/2024\/04\/20240417_084343_0000-1024x1024.png 1024w, https:\/\/institucional.ufrrj.br\/corin\/files\/2024\/04\/20240417_084343_0000-300x300.png 300w, https:\/\/institucional.ufrrj.br\/corin\/files\/2024\/04\/20240417_084343_0000-150x150.png 150w, https:\/\/institucional.ufrrj.br\/corin\/files\/2024\/04\/20240417_084343_0000-768x768.png 768w, https:\/\/institucional.ufrrj.br\/corin\/files\/2024\/04\/20240417_084343_0000-75x75.png 75w, https:\/\/institucional.ufrrj.br\/corin\/files\/2024\/04\/20240417_084343_0000-120x120.png 120w, https:\/\/institucional.ufrrj.br\/corin\/files\/2024\/04\/20240417_084343_0000.png 1080w\" sizes=\"auto, (max-width: 1024px) 100vw, 1024px\" \/><\/a><figcaption class=\"wp-element-caption\">abril 2024<\/figcaption><\/figure>\n\n\n\n<figure class=\" wp-block-image size-large eplus-wrapper\"><a href=\"https:\/\/institucional.ufrrj.br\/corin\/files\/2024\/04\/20240417_084343_0001.png\"><img loading=\"lazy\" decoding=\"async\" width=\"1024\" height=\"1024\" data-id=\"4944\" src=\"https:\/\/institucional.ufrrj.br\/corin\/files\/2024\/04\/20240417_084343_0001-1024x1024.png\" alt=\"\" class=\"wp-image-4944\" srcset=\"https:\/\/institucional.ufrrj.br\/corin\/files\/2024\/04\/20240417_084343_0001-1024x1024.png 1024w, https:\/\/institucional.ufrrj.br\/corin\/files\/2024\/04\/20240417_084343_0001-300x300.png 300w, https:\/\/institucional.ufrrj.br\/corin\/files\/2024\/04\/20240417_084343_0001-150x150.png 150w, https:\/\/institucional.ufrrj.br\/corin\/files\/2024\/04\/20240417_084343_0001-768x768.png 768w, https:\/\/institucional.ufrrj.br\/corin\/files\/2024\/04\/20240417_084343_0001-75x75.png 75w, https:\/\/institucional.ufrrj.br\/corin\/files\/2024\/04\/20240417_084343_0001-120x120.png 120w, https:\/\/institucional.ufrrj.br\/corin\/files\/2024\/04\/20240417_084343_0001.png 1080w\" sizes=\"auto, (max-width: 1024px) 100vw, 1024px\" \/><\/a><figcaption class=\"wp-element-caption\">abril 2024<\/figcaption><\/figure>\n\n\n\n<figure class=\" wp-block-image size-large eplus-wrapper\"><a href=\"https:\/\/institucional.ufrrj.br\/corin\/files\/2024\/04\/20240417_084343_0002.png\"><img loading=\"lazy\" decoding=\"async\" width=\"1024\" height=\"1024\" data-id=\"4943\" src=\"https:\/\/institucional.ufrrj.br\/corin\/files\/2024\/04\/20240417_084343_0002-1024x1024.png\" alt=\"\" class=\"wp-image-4943\" srcset=\"https:\/\/institucional.ufrrj.br\/corin\/files\/2024\/04\/20240417_084343_0002-1024x1024.png 1024w, https:\/\/institucional.ufrrj.br\/corin\/files\/2024\/04\/20240417_084343_0002-300x300.png 300w, https:\/\/institucional.ufrrj.br\/corin\/files\/2024\/04\/20240417_084343_0002-150x150.png 150w, https:\/\/institucional.ufrrj.br\/corin\/files\/2024\/04\/20240417_084343_0002-768x768.png 768w, https:\/\/institucional.ufrrj.br\/corin\/files\/2024\/04\/20240417_084343_0002-75x75.png 75w, https:\/\/institucional.ufrrj.br\/corin\/files\/2024\/04\/20240417_084343_0002-120x120.png 120w, https:\/\/institucional.ufrrj.br\/corin\/files\/2024\/04\/20240417_084343_0002.png 1080w\" sizes=\"auto, (max-width: 1024px) 100vw, 1024px\" \/><\/a><figcaption class=\"wp-element-caption\">abril 2024<\/figcaption><\/figure>\n\n\n\n<figure class=\" wp-block-image size-large eplus-wrapper\"><a href=\"https:\/\/institucional.ufrrj.br\/corin\/files\/2024\/05\/1000032280.jpg\"><img loading=\"lazy\" decoding=\"async\" width=\"1024\" height=\"1024\" data-id=\"5006\" src=\"https:\/\/institucional.ufrrj.br\/corin\/files\/2024\/05\/1000032280-1024x1024.jpg\" alt=\"\" class=\"wp-image-5006\" srcset=\"https:\/\/institucional.ufrrj.br\/corin\/files\/2024\/05\/1000032280-1024x1024.jpg 1024w, https:\/\/institucional.ufrrj.br\/corin\/files\/2024\/05\/1000032280-300x300.jpg 300w, https:\/\/institucional.ufrrj.br\/corin\/files\/2024\/05\/1000032280-150x150.jpg 150w, https:\/\/institucional.ufrrj.br\/corin\/files\/2024\/05\/1000032280-768x768.jpg 768w, https:\/\/institucional.ufrrj.br\/corin\/files\/2024\/05\/1000032280-75x75.jpg 75w, https:\/\/institucional.ufrrj.br\/corin\/files\/2024\/05\/1000032280-120x120.jpg 120w, https:\/\/institucional.ufrrj.br\/corin\/files\/2024\/05\/1000032280.jpg 1080w\" sizes=\"auto, (max-width: 1024px) 100vw, 1024px\" \/><\/a><figcaption class=\"wp-element-caption\">03 maio 2024 &#8211; Corin-Proppg esteve presente na Jornada de Pesquisa e Interc\u00e2mbio.<\/figcaption><\/figure>\n\n\n\n<figure class=\" wp-block-image size-large eplus-wrapper\"><a href=\"https:\/\/institucional.ufrrj.br\/corin\/files\/2024\/05\/1000032281.jpg\"><img loading=\"lazy\" decoding=\"async\" width=\"1024\" height=\"1024\" data-id=\"5007\" src=\"https:\/\/institucional.ufrrj.br\/corin\/files\/2024\/05\/1000032281-1024x1024.jpg\" alt=\"\" class=\"wp-image-5007\" srcset=\"https:\/\/institucional.ufrrj.br\/corin\/files\/2024\/05\/1000032281-1024x1024.jpg 1024w, https:\/\/institucional.ufrrj.br\/corin\/files\/2024\/05\/1000032281-300x300.jpg 300w, https:\/\/institucional.ufrrj.br\/corin\/files\/2024\/05\/1000032281-150x150.jpg 150w, https:\/\/institucional.ufrrj.br\/corin\/files\/2024\/05\/1000032281-768x768.jpg 768w, https:\/\/institucional.ufrrj.br\/corin\/files\/2024\/05\/1000032281-75x75.jpg 75w, https:\/\/institucional.ufrrj.br\/corin\/files\/2024\/05\/1000032281-120x120.jpg 120w, https:\/\/institucional.ufrrj.br\/corin\/files\/2024\/05\/1000032281.jpg 1080w\" sizes=\"auto, (max-width: 1024px) 100vw, 1024px\" \/><\/a><figcaption class=\"wp-element-caption\">3 maio 2024<\/figcaption><\/figure>\n\n\n\n<figure class=\" wp-block-image size-large eplus-wrapper\"><a href=\"https:\/\/institucional.ufrrj.br\/corin\/files\/2024\/05\/1000032282.jpg\"><img loading=\"lazy\" decoding=\"async\" width=\"1024\" height=\"1024\" data-id=\"5008\" src=\"https:\/\/institucional.ufrrj.br\/corin\/files\/2024\/05\/1000032282-1024x1024.jpg\" alt=\"\" class=\"wp-image-5008\" srcset=\"https:\/\/institucional.ufrrj.br\/corin\/files\/2024\/05\/1000032282-1024x1024.jpg 1024w, https:\/\/institucional.ufrrj.br\/corin\/files\/2024\/05\/1000032282-300x300.jpg 300w, https:\/\/institucional.ufrrj.br\/corin\/files\/2024\/05\/1000032282-150x150.jpg 150w, https:\/\/institucional.ufrrj.br\/corin\/files\/2024\/05\/1000032282-768x768.jpg 768w, https:\/\/institucional.ufrrj.br\/corin\/files\/2024\/05\/1000032282-75x75.jpg 75w, https:\/\/institucional.ufrrj.br\/corin\/files\/2024\/05\/1000032282-120x120.jpg 120w, https:\/\/institucional.ufrrj.br\/corin\/files\/2024\/05\/1000032282.jpg 1080w\" sizes=\"auto, (max-width: 1024px) 100vw, 1024px\" \/><\/a><figcaption class=\"wp-element-caption\">03 maio 2024<\/figcaption><\/figure>\n\n\n\n<figure class=\" wp-block-image size-large eplus-wrapper\"><a href=\"https:\/\/institucional.ufrrj.br\/corin\/files\/2024\/05\/1000032283.jpg\"><img loading=\"lazy\" decoding=\"async\" width=\"1024\" height=\"1024\" data-id=\"5009\" src=\"https:\/\/institucional.ufrrj.br\/corin\/files\/2024\/05\/1000032283-1024x1024.jpg\" alt=\"\" class=\"wp-image-5009\" srcset=\"https:\/\/institucional.ufrrj.br\/corin\/files\/2024\/05\/1000032283-1024x1024.jpg 1024w, https:\/\/institucional.ufrrj.br\/corin\/files\/2024\/05\/1000032283-300x300.jpg 300w, https:\/\/institucional.ufrrj.br\/corin\/files\/2024\/05\/1000032283-150x150.jpg 150w, https:\/\/institucional.ufrrj.br\/corin\/files\/2024\/05\/1000032283-768x768.jpg 768w, https:\/\/institucional.ufrrj.br\/corin\/files\/2024\/05\/1000032283-75x75.jpg 75w, https:\/\/institucional.ufrrj.br\/corin\/files\/2024\/05\/1000032283-120x120.jpg 120w, https:\/\/institucional.ufrrj.br\/corin\/files\/2024\/05\/1000032283.jpg 1080w\" sizes=\"auto, (max-width: 1024px) 100vw, 1024px\" \/><\/a><figcaption class=\"wp-element-caption\">3 maio 2024<\/figcaption><\/figure>\n\n\n\n<figure class=\" wp-block-image size-large eplus-wrapper\"><a href=\"https:\/\/institucional.ufrrj.br\/corin\/files\/2024\/05\/1000037346.jpg\"><img loading=\"lazy\" decoding=\"async\" width=\"1024\" height=\"1024\" data-id=\"5051\" src=\"https:\/\/institucional.ufrrj.br\/corin\/files\/2024\/05\/1000037346-1024x1024.jpg\" alt=\"\" class=\"wp-image-5051\" srcset=\"https:\/\/institucional.ufrrj.br\/corin\/files\/2024\/05\/1000037346-1024x1024.jpg 1024w, https:\/\/institucional.ufrrj.br\/corin\/files\/2024\/05\/1000037346-300x300.jpg 300w, https:\/\/institucional.ufrrj.br\/corin\/files\/2024\/05\/1000037346-150x150.jpg 150w, https:\/\/institucional.ufrrj.br\/corin\/files\/2024\/05\/1000037346-768x768.jpg 768w, https:\/\/institucional.ufrrj.br\/corin\/files\/2024\/05\/1000037346-75x75.jpg 75w, https:\/\/institucional.ufrrj.br\/corin\/files\/2024\/05\/1000037346-120x120.jpg 120w, https:\/\/institucional.ufrrj.br\/corin\/files\/2024\/05\/1000037346.jpg 1080w\" sizes=\"auto, (max-width: 1024px) 100vw, 1024px\" \/><\/a><figcaption class=\"wp-element-caption\">21 maio 2024 &#8211; Corin-Proppg participa dae Reuni\u00e3o para a celebra\u00e7\u00e3o de parceria entre UFRRJ e Associa\u00e7\u00e3o Serop\u00e9dica de Aeromoelismo &#8211; ASA RJ. <\/figcaption><\/figure>\n<\/figure>\n\n\n\n<figure class=\"wp-block-gallery has-nested-images columns-default is-cropped eplus-wrapper wp-block-gallery-2\">\n<figure class=\" wp-block-image size-large eplus-wrapper\"><a href=\"https:\/\/institucional.ufrrj.br\/corin\/files\/2024\/06\/1000038437.jpg\"><img loading=\"lazy\" decoding=\"async\" width=\"1024\" height=\"1024\" data-id=\"5093\" src=\"https:\/\/institucional.ufrrj.br\/corin\/files\/2024\/06\/1000038437-1024x1024.jpg\" alt=\"\" class=\"wp-image-5093\" srcset=\"https:\/\/institucional.ufrrj.br\/corin\/files\/2024\/06\/1000038437-1024x1024.jpg 1024w, https:\/\/institucional.ufrrj.br\/corin\/files\/2024\/06\/1000038437-300x300.jpg 300w, https:\/\/institucional.ufrrj.br\/corin\/files\/2024\/06\/1000038437-150x150.jpg 150w, https:\/\/institucional.ufrrj.br\/corin\/files\/2024\/06\/1000038437-768x768.jpg 768w, https:\/\/institucional.ufrrj.br\/corin\/files\/2024\/06\/1000038437-75x75.jpg 75w, https:\/\/institucional.ufrrj.br\/corin\/files\/2024\/06\/1000038437-120x120.jpg 120w, https:\/\/institucional.ufrrj.br\/corin\/files\/2024\/06\/1000038437.jpg 1080w\" sizes=\"auto, (max-width: 1024px) 100vw, 1024px\" \/><\/a><figcaption class=\"wp-element-caption\">UFRRJ recebe visita da Associa\u00e7\u00e3o de Universidade Africanas. 26 abril 2024. <\/figcaption><\/figure>\n\n\n\n<figure class=\" wp-block-image size-large eplus-wrapper\"><a href=\"https:\/\/institucional.ufrrj.br\/corin\/files\/2024\/06\/1000038436.jpg\"><img loading=\"lazy\" decoding=\"async\" width=\"1024\" height=\"1024\" data-id=\"5092\" src=\"https:\/\/institucional.ufrrj.br\/corin\/files\/2024\/06\/1000038436-1024x1024.jpg\" alt=\"\" class=\"wp-image-5092\" srcset=\"https:\/\/institucional.ufrrj.br\/corin\/files\/2024\/06\/1000038436-1024x1024.jpg 1024w, https:\/\/institucional.ufrrj.br\/corin\/files\/2024\/06\/1000038436-300x300.jpg 300w, https:\/\/institucional.ufrrj.br\/corin\/files\/2024\/06\/1000038436-150x150.jpg 150w, https:\/\/institucional.ufrrj.br\/corin\/files\/2024\/06\/1000038436-768x768.jpg 768w, https:\/\/institucional.ufrrj.br\/corin\/files\/2024\/06\/1000038436-75x75.jpg 75w, https:\/\/institucional.ufrrj.br\/corin\/files\/2024\/06\/1000038436-120x120.jpg 120w, https:\/\/institucional.ufrrj.br\/corin\/files\/2024\/06\/1000038436.jpg 1080w\" sizes=\"auto, (max-width: 1024px) 100vw, 1024px\" \/><\/a><figcaption class=\"wp-element-caption\">26 abril 2024<\/figcaption><\/figure>\n\n\n\n<figure class=\" wp-block-image size-large eplus-wrapper\"><a href=\"https:\/\/institucional.ufrrj.br\/corin\/files\/2024\/06\/1000038438.jpg\"><img loading=\"lazy\" decoding=\"async\" width=\"1024\" height=\"1024\" data-id=\"5091\" src=\"https:\/\/institucional.ufrrj.br\/corin\/files\/2024\/06\/1000038438-1024x1024.jpg\" alt=\"\" class=\"wp-image-5091\" srcset=\"https:\/\/institucional.ufrrj.br\/corin\/files\/2024\/06\/1000038438-1024x1024.jpg 1024w, https:\/\/institucional.ufrrj.br\/corin\/files\/2024\/06\/1000038438-300x300.jpg 300w, https:\/\/institucional.ufrrj.br\/corin\/files\/2024\/06\/1000038438-150x150.jpg 150w, https:\/\/institucional.ufrrj.br\/corin\/files\/2024\/06\/1000038438-768x768.jpg 768w, https:\/\/institucional.ufrrj.br\/corin\/files\/2024\/06\/1000038438-75x75.jpg 75w, https:\/\/institucional.ufrrj.br\/corin\/files\/2024\/06\/1000038438-120x120.jpg 120w, https:\/\/institucional.ufrrj.br\/corin\/files\/2024\/06\/1000038438.jpg 1080w\" sizes=\"auto, (max-width: 1024px) 100vw, 1024px\" \/><\/a><figcaption class=\"wp-element-caption\">26 abril 2024<\/figcaption><\/figure>\n\n\n\n<figure class=\" wp-block-image size-large eplus-wrapper\"><a href=\"https:\/\/institucional.ufrrj.br\/corin\/files\/2024\/08\/1000063591.jpg\"><img loading=\"lazy\" decoding=\"async\" width=\"799\" height=\"1024\" data-id=\"5266\" src=\"https:\/\/institucional.ufrrj.br\/corin\/files\/2024\/08\/1000063591-799x1024.jpg\" alt=\"\" class=\"wp-image-5266\" srcset=\"https:\/\/institucional.ufrrj.br\/corin\/files\/2024\/08\/1000063591-799x1024.jpg 799w, https:\/\/institucional.ufrrj.br\/corin\/files\/2024\/08\/1000063591-234x300.jpg 234w, https:\/\/institucional.ufrrj.br\/corin\/files\/2024\/08\/1000063591-768x984.jpg 768w, https:\/\/institucional.ufrrj.br\/corin\/files\/2024\/08\/1000063591.jpg 900w\" sizes=\"auto, (max-width: 799px) 100vw, 799px\" \/><\/a><figcaption class=\"wp-element-caption\">Corin participa de Reuni\u00e3o o Conselho do CTUR. 29 ago 2024.<\/figcaption><\/figure>\n\n\n\n<figure class=\" wp-block-image size-large eplus-wrapper\"><a href=\"https:\/\/institucional.ufrrj.br\/corin\/files\/2024\/08\/1000063590.jpg\"><img loading=\"lazy\" decoding=\"async\" width=\"692\" height=\"1024\" data-id=\"5264\" src=\"https:\/\/institucional.ufrrj.br\/corin\/files\/2024\/08\/1000063590-692x1024.jpg\" alt=\"\" class=\"wp-image-5264\" srcset=\"https:\/\/institucional.ufrrj.br\/corin\/files\/2024\/08\/1000063590-692x1024.jpg 692w, https:\/\/institucional.ufrrj.br\/corin\/files\/2024\/08\/1000063590-203x300.jpg 203w, https:\/\/institucional.ufrrj.br\/corin\/files\/2024\/08\/1000063590-768x1136.jpg 768w, https:\/\/institucional.ufrrj.br\/corin\/files\/2024\/08\/1000063590.jpg 900w\" sizes=\"auto, (max-width: 692px) 100vw, 692px\" \/><\/a><figcaption class=\"wp-element-caption\">29 ago 2024.<\/figcaption><\/figure>\n\n\n\n<figure class=\" wp-block-image size-large eplus-wrapper\"><a href=\"https:\/\/institucional.ufrrj.br\/corin\/files\/2024\/09\/1000065788.jpg\"><img loading=\"lazy\" decoding=\"async\" width=\"1024\" height=\"1024\" data-id=\"5290\" src=\"https:\/\/institucional.ufrrj.br\/corin\/files\/2024\/09\/1000065788-1024x1024.jpg\" alt=\"\" class=\"wp-image-5290\" srcset=\"https:\/\/institucional.ufrrj.br\/corin\/files\/2024\/09\/1000065788-1024x1024.jpg 1024w, https:\/\/institucional.ufrrj.br\/corin\/files\/2024\/09\/1000065788-300x300.jpg 300w, https:\/\/institucional.ufrrj.br\/corin\/files\/2024\/09\/1000065788-150x150.jpg 150w, https:\/\/institucional.ufrrj.br\/corin\/files\/2024\/09\/1000065788-768x768.jpg 768w, https:\/\/institucional.ufrrj.br\/corin\/files\/2024\/09\/1000065788-75x75.jpg 75w, https:\/\/institucional.ufrrj.br\/corin\/files\/2024\/09\/1000065788-120x120.jpg 120w, https:\/\/institucional.ufrrj.br\/corin\/files\/2024\/09\/1000065788.jpg 1080w\" sizes=\"auto, (max-width: 1024px) 100vw, 1024px\" \/><\/a><figcaption class=\"wp-element-caption\">Realiza\u00e7\u00e3o do exame de Profici\u00eancia em L\u00edngua Inglesa e Espanhola. 30 ago 2024.<\/figcaption><\/figure>\n\n\n\n<figure class=\" wp-block-image size-large eplus-wrapper\"><a href=\"https:\/\/institucional.ufrrj.br\/corin\/files\/2024\/09\/1000065791.jpg\"><img loading=\"lazy\" decoding=\"async\" width=\"1024\" height=\"1024\" data-id=\"5289\" src=\"https:\/\/institucional.ufrrj.br\/corin\/files\/2024\/09\/1000065791-1024x1024.jpg\" alt=\"\" class=\"wp-image-5289\" srcset=\"https:\/\/institucional.ufrrj.br\/corin\/files\/2024\/09\/1000065791-1024x1024.jpg 1024w, https:\/\/institucional.ufrrj.br\/corin\/files\/2024\/09\/1000065791-300x300.jpg 300w, https:\/\/institucional.ufrrj.br\/corin\/files\/2024\/09\/1000065791-150x150.jpg 150w, https:\/\/institucional.ufrrj.br\/corin\/files\/2024\/09\/1000065791-768x768.jpg 768w, https:\/\/institucional.ufrrj.br\/corin\/files\/2024\/09\/1000065791-75x75.jpg 75w, https:\/\/institucional.ufrrj.br\/corin\/files\/2024\/09\/1000065791-120x120.jpg 120w, https:\/\/institucional.ufrrj.br\/corin\/files\/2024\/09\/1000065791.jpg 1080w\" sizes=\"auto, (max-width: 1024px) 100vw, 1024px\" \/><\/a><figcaption class=\"wp-element-caption\"> 30 ago 2024.<\/figcaption><\/figure>\n\n\n\n<figure class=\" wp-block-image size-large eplus-wrapper\"><a href=\"https:\/\/institucional.ufrrj.br\/corin\/files\/2024\/09\/20240927_130321_0003.jpg\"><img loading=\"lazy\" decoding=\"async\" width=\"1024\" height=\"1024\" data-id=\"5321\" src=\"https:\/\/institucional.ufrrj.br\/corin\/files\/2024\/09\/20240927_130321_0003-1024x1024.jpg\" alt=\"\" class=\"wp-image-5321\" srcset=\"https:\/\/institucional.ufrrj.br\/corin\/files\/2024\/09\/20240927_130321_0003-1024x1024.jpg 1024w, https:\/\/institucional.ufrrj.br\/corin\/files\/2024\/09\/20240927_130321_0003-300x300.jpg 300w, https:\/\/institucional.ufrrj.br\/corin\/files\/2024\/09\/20240927_130321_0003-150x150.jpg 150w, https:\/\/institucional.ufrrj.br\/corin\/files\/2024\/09\/20240927_130321_0003-768x768.jpg 768w, https:\/\/institucional.ufrrj.br\/corin\/files\/2024\/09\/20240927_130321_0003-75x75.jpg 75w, https:\/\/institucional.ufrrj.br\/corin\/files\/2024\/09\/20240927_130321_0003-120x120.jpg 120w, https:\/\/institucional.ufrrj.br\/corin\/files\/2024\/09\/20240927_130321_0003.jpg 1080w\" sizes=\"auto, (max-width: 1024px) 100vw, 1024px\" \/><\/a><figcaption class=\"wp-element-caption\">N\u00facleo de Acolhimento a Visitantes Estrangeiros &#8211; NAVE re\u00fane os estudantes estrangeiros em encontro. 26 set 2024.<\/figcaption><\/figure>\n\n\n\n<figure class=\" wp-block-image size-large eplus-wrapper\"><a href=\"https:\/\/institucional.ufrrj.br\/corin\/files\/2024\/09\/IMG-20240927-WA0025.jpg\"><img loading=\"lazy\" decoding=\"async\" width=\"1024\" height=\"1024\" data-id=\"5320\" src=\"https:\/\/institucional.ufrrj.br\/corin\/files\/2024\/09\/IMG-20240927-WA0025-1024x1024.jpg\" alt=\"\" class=\"wp-image-5320\" srcset=\"https:\/\/institucional.ufrrj.br\/corin\/files\/2024\/09\/IMG-20240927-WA0025-1024x1024.jpg 1024w, https:\/\/institucional.ufrrj.br\/corin\/files\/2024\/09\/IMG-20240927-WA0025-300x300.jpg 300w, https:\/\/institucional.ufrrj.br\/corin\/files\/2024\/09\/IMG-20240927-WA0025-150x150.jpg 150w, https:\/\/institucional.ufrrj.br\/corin\/files\/2024\/09\/IMG-20240927-WA0025-768x768.jpg 768w, https:\/\/institucional.ufrrj.br\/corin\/files\/2024\/09\/IMG-20240927-WA0025-75x75.jpg 75w, https:\/\/institucional.ufrrj.br\/corin\/files\/2024\/09\/IMG-20240927-WA0025-120x120.jpg 120w, https:\/\/institucional.ufrrj.br\/corin\/files\/2024\/09\/IMG-20240927-WA0025.jpg 1080w\" sizes=\"auto, (max-width: 1024px) 100vw, 1024px\" \/><\/a><figcaption class=\"wp-element-caption\">26 set 2024.<\/figcaption><\/figure>\n\n\n\n<figure class=\" wp-block-image size-large eplus-wrapper\"><a href=\"https:\/\/institucional.ufrrj.br\/corin\/files\/2024\/09\/20240927_130321_0002.jpg\"><img loading=\"lazy\" decoding=\"async\" width=\"1024\" height=\"1024\" data-id=\"5319\" src=\"https:\/\/institucional.ufrrj.br\/corin\/files\/2024\/09\/20240927_130321_0002-1024x1024.jpg\" alt=\"\" class=\"wp-image-5319\" srcset=\"https:\/\/institucional.ufrrj.br\/corin\/files\/2024\/09\/20240927_130321_0002-1024x1024.jpg 1024w, https:\/\/institucional.ufrrj.br\/corin\/files\/2024\/09\/20240927_130321_0002-300x300.jpg 300w, https:\/\/institucional.ufrrj.br\/corin\/files\/2024\/09\/20240927_130321_0002-150x150.jpg 150w, https:\/\/institucional.ufrrj.br\/corin\/files\/2024\/09\/20240927_130321_0002-768x768.jpg 768w, https:\/\/institucional.ufrrj.br\/corin\/files\/2024\/09\/20240927_130321_0002-75x75.jpg 75w, https:\/\/institucional.ufrrj.br\/corin\/files\/2024\/09\/20240927_130321_0002-120x120.jpg 120w, https:\/\/institucional.ufrrj.br\/corin\/files\/2024\/09\/20240927_130321_0002.jpg 1080w\" sizes=\"auto, (max-width: 1024px) 100vw, 1024px\" \/><\/a><figcaption class=\"wp-element-caption\">26 set 2024.<\/figcaption><\/figure>\n\n\n\n<figure class=\" wp-block-image size-large eplus-wrapper\"><a href=\"https:\/\/institucional.ufrrj.br\/corin\/files\/2024\/09\/20240927_130321_0006.jpg\"><img loading=\"lazy\" decoding=\"async\" width=\"1024\" height=\"1024\" data-id=\"5322\" src=\"https:\/\/institucional.ufrrj.br\/corin\/files\/2024\/09\/20240927_130321_0006-1024x1024.jpg\" alt=\"\" class=\"wp-image-5322\" srcset=\"https:\/\/institucional.ufrrj.br\/corin\/files\/2024\/09\/20240927_130321_0006-1024x1024.jpg 1024w, https:\/\/institucional.ufrrj.br\/corin\/files\/2024\/09\/20240927_130321_0006-300x300.jpg 300w, https:\/\/institucional.ufrrj.br\/corin\/files\/2024\/09\/20240927_130321_0006-150x150.jpg 150w, https:\/\/institucional.ufrrj.br\/corin\/files\/2024\/09\/20240927_130321_0006-768x768.jpg 768w, https:\/\/institucional.ufrrj.br\/corin\/files\/2024\/09\/20240927_130321_0006-75x75.jpg 75w, https:\/\/institucional.ufrrj.br\/corin\/files\/2024\/09\/20240927_130321_0006-120x120.jpg 120w, https:\/\/institucional.ufrrj.br\/corin\/files\/2024\/09\/20240927_130321_0006.jpg 1080w\" sizes=\"auto, (max-width: 1024px) 100vw, 1024px\" \/><\/a><figcaption class=\"wp-element-caption\">26 set 2024.<\/figcaption><\/figure>\n\n\n\n<figure class=\" wp-block-image size-large eplus-wrapper\"><a href=\"https:\/\/institucional.ufrrj.br\/corin\/files\/2024\/09\/1000073865.jpg\"><img loading=\"lazy\" decoding=\"async\" width=\"1024\" height=\"1024\" data-id=\"5315\" src=\"https:\/\/institucional.ufrrj.br\/corin\/files\/2024\/09\/1000073865-1024x1024.jpg\" alt=\"\" class=\"wp-image-5315\" srcset=\"https:\/\/institucional.ufrrj.br\/corin\/files\/2024\/09\/1000073865-1024x1024.jpg 1024w, https:\/\/institucional.ufrrj.br\/corin\/files\/2024\/09\/1000073865-300x300.jpg 300w, https:\/\/institucional.ufrrj.br\/corin\/files\/2024\/09\/1000073865-150x150.jpg 150w, https:\/\/institucional.ufrrj.br\/corin\/files\/2024\/09\/1000073865-768x768.jpg 768w, https:\/\/institucional.ufrrj.br\/corin\/files\/2024\/09\/1000073865-75x75.jpg 75w, https:\/\/institucional.ufrrj.br\/corin\/files\/2024\/09\/1000073865-120x120.jpg 120w, https:\/\/institucional.ufrrj.br\/corin\/files\/2024\/09\/1000073865.jpg 1080w\" sizes=\"auto, (max-width: 1024px) 100vw, 1024px\" \/><\/a><figcaption class=\"wp-element-caption\">26 set 2024.<\/figcaption><\/figure>\n\n\n\n<figure class=\" wp-block-image size-large eplus-wrapper\"><a href=\"https:\/\/institucional.ufrrj.br\/corin\/files\/2024\/09\/1000075132.jpg\"><img loading=\"lazy\" decoding=\"async\" width=\"576\" height=\"1024\" data-id=\"5325\" src=\"https:\/\/institucional.ufrrj.br\/corin\/files\/2024\/09\/1000075132-576x1024.jpg\" alt=\"\" class=\"wp-image-5325\" srcset=\"https:\/\/institucional.ufrrj.br\/corin\/files\/2024\/09\/1000075132-576x1024.jpg 576w, https:\/\/institucional.ufrrj.br\/corin\/files\/2024\/09\/1000075132-169x300.jpg 169w, https:\/\/institucional.ufrrj.br\/corin\/files\/2024\/09\/1000075132-768x1365.jpg 768w, https:\/\/institucional.ufrrj.br\/corin\/files\/2024\/09\/1000075132-864x1536.jpg 864w, https:\/\/institucional.ufrrj.br\/corin\/files\/2024\/09\/1000075132.jpg 900w\" sizes=\"auto, (max-width: 576px) 100vw, 576px\" \/><\/a><figcaption class=\"wp-element-caption\">Corin participa no 65\u00ba F\u00f3rum Nacional CONFAP. 27 set 2024. <\/figcaption><\/figure>\n\n\n\n<figure class=\" wp-block-image size-large eplus-wrapper\"><a href=\"https:\/\/institucional.ufrrj.br\/corin\/files\/2024\/09\/1000073846.jpg\"><img loading=\"lazy\" decoding=\"async\" width=\"768\" height=\"1024\" data-id=\"5326\" src=\"https:\/\/institucional.ufrrj.br\/corin\/files\/2024\/09\/1000073846-768x1024.jpg\" alt=\"\" class=\"wp-image-5326\" srcset=\"https:\/\/institucional.ufrrj.br\/corin\/files\/2024\/09\/1000073846-768x1024.jpg 768w, https:\/\/institucional.ufrrj.br\/corin\/files\/2024\/09\/1000073846-225x300.jpg 225w, https:\/\/institucional.ufrrj.br\/corin\/files\/2024\/09\/1000073846-1152x1536.jpg 1152w, https:\/\/institucional.ufrrj.br\/corin\/files\/2024\/09\/1000073846.jpg 1200w\" sizes=\"auto, (max-width: 768px) 100vw, 768px\" \/><\/a><figcaption class=\"wp-element-caption\"> 27 set 2024. <\/figcaption><\/figure>\n<\/figure>\n\n\n\n<figure class=\"wp-block-gallery has-nested-images columns-default is-cropped eplus-wrapper wp-block-gallery-3\">\n<figure class=\" wp-block-image size-large eplus-wrapper\"><a href=\"https:\/\/institucional.ufrrj.br\/corin\/files\/2024\/10\/IMG-20241021-WA0001.jpg\"><img loading=\"lazy\" decoding=\"async\" width=\"1024\" height=\"1024\" data-id=\"5377\" src=\"https:\/\/institucional.ufrrj.br\/corin\/files\/2024\/10\/IMG-20241021-WA0001-1024x1024.jpg\" alt=\"\" class=\"wp-image-5377\" srcset=\"https:\/\/institucional.ufrrj.br\/corin\/files\/2024\/10\/IMG-20241021-WA0001-1024x1024.jpg 1024w, https:\/\/institucional.ufrrj.br\/corin\/files\/2024\/10\/IMG-20241021-WA0001-300x300.jpg 300w, https:\/\/institucional.ufrrj.br\/corin\/files\/2024\/10\/IMG-20241021-WA0001-150x150.jpg 150w, https:\/\/institucional.ufrrj.br\/corin\/files\/2024\/10\/IMG-20241021-WA0001-768x768.jpg 768w, https:\/\/institucional.ufrrj.br\/corin\/files\/2024\/10\/IMG-20241021-WA0001-75x75.jpg 75w, https:\/\/institucional.ufrrj.br\/corin\/files\/2024\/10\/IMG-20241021-WA0001-120x120.jpg 120w, https:\/\/institucional.ufrrj.br\/corin\/files\/2024\/10\/IMG-20241021-WA0001.jpg 1080w\" sizes=\"auto, (max-width: 1024px) 100vw, 1024px\" \/><\/a><figcaption class=\"wp-element-caption\">Consolida\u00e7\u00e3o de parceria UFRRJ e UNRC UFRRJ e Universidade Nacional de Rio Cuarto. 17 out 2024<\/figcaption><\/figure>\n\n\n\n<figure class=\" wp-block-image size-large eplus-wrapper\"><a href=\"https:\/\/institucional.ufrrj.br\/corin\/files\/2024\/10\/IMG-20241021-WA0000.jpg\"><img loading=\"lazy\" decoding=\"async\" width=\"1024\" height=\"1024\" data-id=\"5378\" src=\"https:\/\/institucional.ufrrj.br\/corin\/files\/2024\/10\/IMG-20241021-WA0000-1024x1024.jpg\" alt=\"\" class=\"wp-image-5378\" srcset=\"https:\/\/institucional.ufrrj.br\/corin\/files\/2024\/10\/IMG-20241021-WA0000-1024x1024.jpg 1024w, https:\/\/institucional.ufrrj.br\/corin\/files\/2024\/10\/IMG-20241021-WA0000-300x300.jpg 300w, https:\/\/institucional.ufrrj.br\/corin\/files\/2024\/10\/IMG-20241021-WA0000-150x150.jpg 150w, https:\/\/institucional.ufrrj.br\/corin\/files\/2024\/10\/IMG-20241021-WA0000-768x768.jpg 768w, https:\/\/institucional.ufrrj.br\/corin\/files\/2024\/10\/IMG-20241021-WA0000-75x75.jpg 75w, https:\/\/institucional.ufrrj.br\/corin\/files\/2024\/10\/IMG-20241021-WA0000-120x120.jpg 120w, https:\/\/institucional.ufrrj.br\/corin\/files\/2024\/10\/IMG-20241021-WA0000.jpg 1080w\" sizes=\"auto, (max-width: 1024px) 100vw, 1024px\" \/><\/a><figcaption class=\"wp-element-caption\">17 out 2024<\/figcaption><\/figure>\n\n\n\n<figure class=\" wp-block-image size-large eplus-wrapper\"><a href=\"https:\/\/institucional.ufrrj.br\/corin\/files\/2024\/10\/IMG-20241021-WA0003.jpg\"><img loading=\"lazy\" decoding=\"async\" width=\"1024\" height=\"1024\" data-id=\"5379\" src=\"https:\/\/institucional.ufrrj.br\/corin\/files\/2024\/10\/IMG-20241021-WA0003-1024x1024.jpg\" alt=\"\" class=\"wp-image-5379\" srcset=\"https:\/\/institucional.ufrrj.br\/corin\/files\/2024\/10\/IMG-20241021-WA0003-1024x1024.jpg 1024w, https:\/\/institucional.ufrrj.br\/corin\/files\/2024\/10\/IMG-20241021-WA0003-300x300.jpg 300w, https:\/\/institucional.ufrrj.br\/corin\/files\/2024\/10\/IMG-20241021-WA0003-150x150.jpg 150w, https:\/\/institucional.ufrrj.br\/corin\/files\/2024\/10\/IMG-20241021-WA0003-768x768.jpg 768w, https:\/\/institucional.ufrrj.br\/corin\/files\/2024\/10\/IMG-20241021-WA0003-75x75.jpg 75w, https:\/\/institucional.ufrrj.br\/corin\/files\/2024\/10\/IMG-20241021-WA0003-120x120.jpg 120w, https:\/\/institucional.ufrrj.br\/corin\/files\/2024\/10\/IMG-20241021-WA0003.jpg 1080w\" sizes=\"auto, (max-width: 1024px) 100vw, 1024px\" \/><\/a><figcaption class=\"wp-element-caption\">17 out 2024<\/figcaption><\/figure>\n\n\n\n<figure class=\" wp-block-image size-large eplus-wrapper\"><a href=\"https:\/\/institucional.ufrrj.br\/corin\/files\/2024\/10\/IMG-20241021-WA0002.jpg\"><img loading=\"lazy\" decoding=\"async\" width=\"1024\" height=\"1024\" data-id=\"5380\" src=\"https:\/\/institucional.ufrrj.br\/corin\/files\/2024\/10\/IMG-20241021-WA0002-1024x1024.jpg\" alt=\"\" class=\"wp-image-5380\" srcset=\"https:\/\/institucional.ufrrj.br\/corin\/files\/2024\/10\/IMG-20241021-WA0002-1024x1024.jpg 1024w, https:\/\/institucional.ufrrj.br\/corin\/files\/2024\/10\/IMG-20241021-WA0002-300x300.jpg 300w, https:\/\/institucional.ufrrj.br\/corin\/files\/2024\/10\/IMG-20241021-WA0002-150x150.jpg 150w, https:\/\/institucional.ufrrj.br\/corin\/files\/2024\/10\/IMG-20241021-WA0002-768x768.jpg 768w, https:\/\/institucional.ufrrj.br\/corin\/files\/2024\/10\/IMG-20241021-WA0002-75x75.jpg 75w, https:\/\/institucional.ufrrj.br\/corin\/files\/2024\/10\/IMG-20241021-WA0002-120x120.jpg 120w, https:\/\/institucional.ufrrj.br\/corin\/files\/2024\/10\/IMG-20241021-WA0002.jpg 1080w\" sizes=\"auto, (max-width: 1024px) 100vw, 1024px\" \/><\/a><figcaption class=\"wp-element-caption\">17 out 2024<\/figcaption><\/figure>\n\n\n\n<figure class=\" wp-block-image size-large eplus-wrapper\"><a href=\"https:\/\/institucional.ufrrj.br\/corin\/files\/2024\/10\/IMG-20241021-WA0005.jpg\"><img loading=\"lazy\" decoding=\"async\" width=\"1024\" height=\"1024\" data-id=\"5381\" src=\"https:\/\/institucional.ufrrj.br\/corin\/files\/2024\/10\/IMG-20241021-WA0005-1024x1024.jpg\" alt=\"\" class=\"wp-image-5381\" srcset=\"https:\/\/institucional.ufrrj.br\/corin\/files\/2024\/10\/IMG-20241021-WA0005-1024x1024.jpg 1024w, https:\/\/institucional.ufrrj.br\/corin\/files\/2024\/10\/IMG-20241021-WA0005-300x300.jpg 300w, https:\/\/institucional.ufrrj.br\/corin\/files\/2024\/10\/IMG-20241021-WA0005-150x150.jpg 150w, https:\/\/institucional.ufrrj.br\/corin\/files\/2024\/10\/IMG-20241021-WA0005-768x768.jpg 768w, https:\/\/institucional.ufrrj.br\/corin\/files\/2024\/10\/IMG-20241021-WA0005-75x75.jpg 75w, https:\/\/institucional.ufrrj.br\/corin\/files\/2024\/10\/IMG-20241021-WA0005-120x120.jpg 120w, https:\/\/institucional.ufrrj.br\/corin\/files\/2024\/10\/IMG-20241021-WA0005.jpg 1080w\" sizes=\"auto, (max-width: 1024px) 100vw, 1024px\" \/><\/a><figcaption class=\"wp-element-caption\">17 out 2024<\/figcaption><\/figure>\n\n\n\n<figure class=\" wp-block-image size-large eplus-wrapper\"><a href=\"https:\/\/institucional.ufrrj.br\/corin\/files\/2024\/10\/IMG-20241021-WA0004.jpg\"><img loading=\"lazy\" decoding=\"async\" width=\"1024\" height=\"1024\" data-id=\"5382\" src=\"https:\/\/institucional.ufrrj.br\/corin\/files\/2024\/10\/IMG-20241021-WA0004-1024x1024.jpg\" alt=\"\" class=\"wp-image-5382\" srcset=\"https:\/\/institucional.ufrrj.br\/corin\/files\/2024\/10\/IMG-20241021-WA0004-1024x1024.jpg 1024w, https:\/\/institucional.ufrrj.br\/corin\/files\/2024\/10\/IMG-20241021-WA0004-300x300.jpg 300w, https:\/\/institucional.ufrrj.br\/corin\/files\/2024\/10\/IMG-20241021-WA0004-150x150.jpg 150w, https:\/\/institucional.ufrrj.br\/corin\/files\/2024\/10\/IMG-20241021-WA0004-768x768.jpg 768w, https:\/\/institucional.ufrrj.br\/corin\/files\/2024\/10\/IMG-20241021-WA0004-75x75.jpg 75w, https:\/\/institucional.ufrrj.br\/corin\/files\/2024\/10\/IMG-20241021-WA0004-120x120.jpg 120w, https:\/\/institucional.ufrrj.br\/corin\/files\/2024\/10\/IMG-20241021-WA0004.jpg 1080w\" sizes=\"auto, (max-width: 1024px) 100vw, 1024px\" \/><\/a><figcaption class=\"wp-element-caption\">17 out 2024<\/figcaption><\/figure>\n\n\n\n<figure class=\" wp-block-image size-large eplus-wrapper\"><a href=\"https:\/\/institucional.ufrrj.br\/corin\/files\/2024\/10\/IMG-20241021-WA0007.jpg\"><img loading=\"lazy\" decoding=\"async\" width=\"1024\" height=\"1024\" data-id=\"5383\" src=\"https:\/\/institucional.ufrrj.br\/corin\/files\/2024\/10\/IMG-20241021-WA0007-1024x1024.jpg\" alt=\"\" class=\"wp-image-5383\" srcset=\"https:\/\/institucional.ufrrj.br\/corin\/files\/2024\/10\/IMG-20241021-WA0007-1024x1024.jpg 1024w, https:\/\/institucional.ufrrj.br\/corin\/files\/2024\/10\/IMG-20241021-WA0007-300x300.jpg 300w, https:\/\/institucional.ufrrj.br\/corin\/files\/2024\/10\/IMG-20241021-WA0007-150x150.jpg 150w, https:\/\/institucional.ufrrj.br\/corin\/files\/2024\/10\/IMG-20241021-WA0007-768x768.jpg 768w, https:\/\/institucional.ufrrj.br\/corin\/files\/2024\/10\/IMG-20241021-WA0007-75x75.jpg 75w, https:\/\/institucional.ufrrj.br\/corin\/files\/2024\/10\/IMG-20241021-WA0007-120x120.jpg 120w, https:\/\/institucional.ufrrj.br\/corin\/files\/2024\/10\/IMG-20241021-WA0007.jpg 1080w\" sizes=\"auto, (max-width: 1024px) 100vw, 1024px\" \/><\/a><figcaption class=\"wp-element-caption\">17 out 2024<\/figcaption><\/figure>\n\n\n\n<figure class=\" wp-block-image size-large eplus-wrapper\"><a href=\"https:\/\/institucional.ufrrj.br\/corin\/files\/2024\/10\/IMG-20241021-WA0006.jpg\"><img loading=\"lazy\" decoding=\"async\" width=\"1024\" height=\"1024\" data-id=\"5384\" src=\"https:\/\/institucional.ufrrj.br\/corin\/files\/2024\/10\/IMG-20241021-WA0006-1024x1024.jpg\" alt=\"\" class=\"wp-image-5384\" srcset=\"https:\/\/institucional.ufrrj.br\/corin\/files\/2024\/10\/IMG-20241021-WA0006-1024x1024.jpg 1024w, https:\/\/institucional.ufrrj.br\/corin\/files\/2024\/10\/IMG-20241021-WA0006-300x300.jpg 300w, https:\/\/institucional.ufrrj.br\/corin\/files\/2024\/10\/IMG-20241021-WA0006-150x150.jpg 150w, https:\/\/institucional.ufrrj.br\/corin\/files\/2024\/10\/IMG-20241021-WA0006-768x768.jpg 768w, https:\/\/institucional.ufrrj.br\/corin\/files\/2024\/10\/IMG-20241021-WA0006-75x75.jpg 75w, https:\/\/institucional.ufrrj.br\/corin\/files\/2024\/10\/IMG-20241021-WA0006-120x120.jpg 120w, https:\/\/institucional.ufrrj.br\/corin\/files\/2024\/10\/IMG-20241021-WA0006.jpg 1080w\" sizes=\"auto, (max-width: 1024px) 100vw, 1024px\" \/><\/a><figcaption class=\"wp-element-caption\">17 out 2024<\/figcaption><\/figure>\n\n\n\n<figure class=\" wp-block-image size-large eplus-wrapper\"><a href=\"https:\/\/institucional.ufrrj.br\/corin\/files\/2024\/10\/IMG-20241021-WA0008.jpg\"><img loading=\"lazy\" decoding=\"async\" width=\"1024\" height=\"1024\" data-id=\"5392\" src=\"https:\/\/institucional.ufrrj.br\/corin\/files\/2024\/10\/IMG-20241021-WA0008-1024x1024.jpg\" alt=\"\" class=\"wp-image-5392\" srcset=\"https:\/\/institucional.ufrrj.br\/corin\/files\/2024\/10\/IMG-20241021-WA0008-1024x1024.jpg 1024w, https:\/\/institucional.ufrrj.br\/corin\/files\/2024\/10\/IMG-20241021-WA0008-300x300.jpg 300w, https:\/\/institucional.ufrrj.br\/corin\/files\/2024\/10\/IMG-20241021-WA0008-150x150.jpg 150w, https:\/\/institucional.ufrrj.br\/corin\/files\/2024\/10\/IMG-20241021-WA0008-768x768.jpg 768w, https:\/\/institucional.ufrrj.br\/corin\/files\/2024\/10\/IMG-20241021-WA0008-75x75.jpg 75w, https:\/\/institucional.ufrrj.br\/corin\/files\/2024\/10\/IMG-20241021-WA0008-120x120.jpg 120w, https:\/\/institucional.ufrrj.br\/corin\/files\/2024\/10\/IMG-20241021-WA0008.jpg 1080w\" sizes=\"auto, (max-width: 1024px) 100vw, 1024px\" \/><\/a><figcaption class=\"wp-element-caption\">17 out 2024<\/figcaption><\/figure>\n\n\n\n<figure class=\" wp-block-image size-large eplus-wrapper\"><a href=\"https:\/\/institucional.ufrrj.br\/corin\/files\/2024\/11\/IMG-20241108-WA0005.jpg\"><img loading=\"lazy\" decoding=\"async\" width=\"1024\" height=\"461\" data-id=\"5470\" src=\"https:\/\/institucional.ufrrj.br\/corin\/files\/2024\/11\/IMG-20241108-WA0005-1024x461.jpg\" alt=\"\" class=\"wp-image-5470\" srcset=\"https:\/\/institucional.ufrrj.br\/corin\/files\/2024\/11\/IMG-20241108-WA0005-1024x461.jpg 1024w, https:\/\/institucional.ufrrj.br\/corin\/files\/2024\/11\/IMG-20241108-WA0005-300x135.jpg 300w, https:\/\/institucional.ufrrj.br\/corin\/files\/2024\/11\/IMG-20241108-WA0005-768x346.jpg 768w, https:\/\/institucional.ufrrj.br\/corin\/files\/2024\/11\/IMG-20241108-WA0005-1536x691.jpg 1536w, https:\/\/institucional.ufrrj.br\/corin\/files\/2024\/11\/IMG-20241108-WA0005.jpg 1600w\" sizes=\"auto, (max-width: 1024px) 100vw, 1024px\" \/><\/a><figcaption class=\"wp-element-caption\">Encontro Anual da Rede Andifes \u2013 Idiomas sem Fronteiras \u2013 Isf 2024. 30-01 nov 2024.<\/figcaption><\/figure>\n\n\n\n<figure class=\" wp-block-image size-large eplus-wrapper\"><a href=\"https:\/\/institucional.ufrrj.br\/corin\/files\/2024\/11\/IMG-20241108-WA0004.jpg\"><img loading=\"lazy\" decoding=\"async\" width=\"768\" height=\"1024\" data-id=\"5469\" src=\"https:\/\/institucional.ufrrj.br\/corin\/files\/2024\/11\/IMG-20241108-WA0004-768x1024.jpg\" alt=\"\" class=\"wp-image-5469\" srcset=\"https:\/\/institucional.ufrrj.br\/corin\/files\/2024\/11\/IMG-20241108-WA0004-768x1024.jpg 768w, https:\/\/institucional.ufrrj.br\/corin\/files\/2024\/11\/IMG-20241108-WA0004-225x300.jpg 225w, https:\/\/institucional.ufrrj.br\/corin\/files\/2024\/11\/IMG-20241108-WA0004-1152x1536.jpg 1152w, https:\/\/institucional.ufrrj.br\/corin\/files\/2024\/11\/IMG-20241108-WA0004.jpg 1200w\" sizes=\"auto, (max-width: 768px) 100vw, 768px\" \/><\/a><figcaption class=\"wp-element-caption\">30-01 nov 2024.<\/figcaption><\/figure>\n\n\n\n<figure class=\" wp-block-image size-large eplus-wrapper\"><a href=\"https:\/\/institucional.ufrrj.br\/corin\/files\/2024\/11\/IMG-20241108-WA0007.jpg\"><img loading=\"lazy\" decoding=\"async\" width=\"1024\" height=\"768\" data-id=\"5471\" src=\"https:\/\/institucional.ufrrj.br\/corin\/files\/2024\/11\/IMG-20241108-WA0007-1024x768.jpg\" alt=\"\" class=\"wp-image-5471\" srcset=\"https:\/\/institucional.ufrrj.br\/corin\/files\/2024\/11\/IMG-20241108-WA0007-1024x768.jpg 1024w, https:\/\/institucional.ufrrj.br\/corin\/files\/2024\/11\/IMG-20241108-WA0007-300x225.jpg 300w, https:\/\/institucional.ufrrj.br\/corin\/files\/2024\/11\/IMG-20241108-WA0007-768x576.jpg 768w, https:\/\/institucional.ufrrj.br\/corin\/files\/2024\/11\/IMG-20241108-WA0007.jpg 1280w\" sizes=\"auto, (max-width: 1024px) 100vw, 1024px\" \/><\/a><figcaption class=\"wp-element-caption\">30-01 nov 2024.<\/figcaption><\/figure>\n\n\n\n<figure class=\" wp-block-image size-large eplus-wrapper\"><a href=\"https:\/\/institucional.ufrrj.br\/corin\/files\/2024\/11\/4_20241108_223633_0003.png\"><img loading=\"lazy\" decoding=\"async\" width=\"1024\" height=\"576\" data-id=\"5472\" src=\"https:\/\/institucional.ufrrj.br\/corin\/files\/2024\/11\/4_20241108_223633_0003-1024x576.png\" alt=\"\" class=\"wp-image-5472\" srcset=\"https:\/\/institucional.ufrrj.br\/corin\/files\/2024\/11\/4_20241108_223633_0003-1024x576.png 1024w, https:\/\/institucional.ufrrj.br\/corin\/files\/2024\/11\/4_20241108_223633_0003-300x169.png 300w, https:\/\/institucional.ufrrj.br\/corin\/files\/2024\/11\/4_20241108_223633_0003-768x432.png 768w, https:\/\/institucional.ufrrj.br\/corin\/files\/2024\/11\/4_20241108_223633_0003.png 1366w\" sizes=\"auto, (max-width: 1024px) 100vw, 1024px\" \/><\/a><figcaption class=\"wp-element-caption\">30-01 nov 2024.<\/figcaption><\/figure>\n\n\n\n<figure class=\" wp-block-image size-large eplus-wrapper\"><a href=\"https:\/\/institucional.ufrrj.br\/corin\/files\/2024\/11\/1000092621.jpg\"><img loading=\"lazy\" decoding=\"async\" width=\"1024\" height=\"1024\" data-id=\"5502\" src=\"https:\/\/institucional.ufrrj.br\/corin\/files\/2024\/11\/1000092621-1024x1024.jpg\" alt=\"\" class=\"wp-image-5502\" srcset=\"https:\/\/institucional.ufrrj.br\/corin\/files\/2024\/11\/1000092621-1024x1024.jpg 1024w, https:\/\/institucional.ufrrj.br\/corin\/files\/2024\/11\/1000092621-300x300.jpg 300w, https:\/\/institucional.ufrrj.br\/corin\/files\/2024\/11\/1000092621-150x150.jpg 150w, https:\/\/institucional.ufrrj.br\/corin\/files\/2024\/11\/1000092621-768x768.jpg 768w, https:\/\/institucional.ufrrj.br\/corin\/files\/2024\/11\/1000092621-75x75.jpg 75w, https:\/\/institucional.ufrrj.br\/corin\/files\/2024\/11\/1000092621-120x120.jpg 120w, https:\/\/institucional.ufrrj.br\/corin\/files\/2024\/11\/1000092621.jpg 1080w\" sizes=\"auto, (max-width: 1024px) 100vw, 1024px\" \/><\/a><figcaption class=\"wp-element-caption\">UFRRJ e Dr. Harisingh Gour Central University Celebram Parceira. 19 nov 2024.<\/figcaption><\/figure>\n\n\n\n<figure class=\" wp-block-image size-large eplus-wrapper\"><a href=\"https:\/\/institucional.ufrrj.br\/corin\/files\/2024\/11\/1000092625.jpg\"><img loading=\"lazy\" decoding=\"async\" width=\"1024\" height=\"1024\" data-id=\"5503\" src=\"https:\/\/institucional.ufrrj.br\/corin\/files\/2024\/11\/1000092625-1024x1024.jpg\" alt=\"\" class=\"wp-image-5503\" srcset=\"https:\/\/institucional.ufrrj.br\/corin\/files\/2024\/11\/1000092625-1024x1024.jpg 1024w, https:\/\/institucional.ufrrj.br\/corin\/files\/2024\/11\/1000092625-300x300.jpg 300w, https:\/\/institucional.ufrrj.br\/corin\/files\/2024\/11\/1000092625-150x150.jpg 150w, https:\/\/institucional.ufrrj.br\/corin\/files\/2024\/11\/1000092625-768x768.jpg 768w, https:\/\/institucional.ufrrj.br\/corin\/files\/2024\/11\/1000092625-75x75.jpg 75w, https:\/\/institucional.ufrrj.br\/corin\/files\/2024\/11\/1000092625-120x120.jpg 120w, https:\/\/institucional.ufrrj.br\/corin\/files\/2024\/11\/1000092625.jpg 1080w\" sizes=\"auto, (max-width: 1024px) 100vw, 1024px\" \/><\/a><figcaption class=\"wp-element-caption\">19 nov 2024.<\/figcaption><\/figure>\n\n\n\n<figure class=\" wp-block-image size-large eplus-wrapper\"><a href=\"https:\/\/institucional.ufrrj.br\/corin\/files\/2024\/11\/1000092631.jpg\"><img loading=\"lazy\" decoding=\"async\" width=\"1024\" height=\"1024\" data-id=\"5504\" src=\"https:\/\/institucional.ufrrj.br\/corin\/files\/2024\/11\/1000092631-1024x1024.jpg\" alt=\"\" class=\"wp-image-5504\" srcset=\"https:\/\/institucional.ufrrj.br\/corin\/files\/2024\/11\/1000092631-1024x1024.jpg 1024w, https:\/\/institucional.ufrrj.br\/corin\/files\/2024\/11\/1000092631-300x300.jpg 300w, https:\/\/institucional.ufrrj.br\/corin\/files\/2024\/11\/1000092631-150x150.jpg 150w, https:\/\/institucional.ufrrj.br\/corin\/files\/2024\/11\/1000092631-768x768.jpg 768w, https:\/\/institucional.ufrrj.br\/corin\/files\/2024\/11\/1000092631-75x75.jpg 75w, https:\/\/institucional.ufrrj.br\/corin\/files\/2024\/11\/1000092631-120x120.jpg 120w, https:\/\/institucional.ufrrj.br\/corin\/files\/2024\/11\/1000092631.jpg 1080w\" sizes=\"auto, (max-width: 1024px) 100vw, 1024px\" \/><\/a><figcaption class=\"wp-element-caption\">19 nov 2024.<\/figcaption><\/figure>\n\n\n\n<figure class=\" wp-block-image size-large eplus-wrapper\"><a href=\"https:\/\/institucional.ufrrj.br\/corin\/files\/2024\/11\/1000092627.jpg\"><img loading=\"lazy\" decoding=\"async\" width=\"1024\" height=\"1024\" data-id=\"5505\" src=\"https:\/\/institucional.ufrrj.br\/corin\/files\/2024\/11\/1000092627-1024x1024.jpg\" alt=\"\" class=\"wp-image-5505\" srcset=\"https:\/\/institucional.ufrrj.br\/corin\/files\/2024\/11\/1000092627-1024x1024.jpg 1024w, https:\/\/institucional.ufrrj.br\/corin\/files\/2024\/11\/1000092627-300x300.jpg 300w, https:\/\/institucional.ufrrj.br\/corin\/files\/2024\/11\/1000092627-150x150.jpg 150w, https:\/\/institucional.ufrrj.br\/corin\/files\/2024\/11\/1000092627-768x768.jpg 768w, https:\/\/institucional.ufrrj.br\/corin\/files\/2024\/11\/1000092627-75x75.jpg 75w, https:\/\/institucional.ufrrj.br\/corin\/files\/2024\/11\/1000092627-120x120.jpg 120w, https:\/\/institucional.ufrrj.br\/corin\/files\/2024\/11\/1000092627.jpg 1080w\" sizes=\"auto, (max-width: 1024px) 100vw, 1024px\" \/><\/a><figcaption class=\"wp-element-caption\">19 nov 2024.<\/figcaption><\/figure>\n\n\n\n<figure class=\" wp-block-image size-large eplus-wrapper\"><a href=\"https:\/\/institucional.ufrrj.br\/corin\/files\/2024\/11\/1000092629.jpg\"><img loading=\"lazy\" decoding=\"async\" width=\"1024\" height=\"1024\" data-id=\"5506\" src=\"https:\/\/institucional.ufrrj.br\/corin\/files\/2024\/11\/1000092629-1024x1024.jpg\" alt=\"\" class=\"wp-image-5506\" srcset=\"https:\/\/institucional.ufrrj.br\/corin\/files\/2024\/11\/1000092629-1024x1024.jpg 1024w, https:\/\/institucional.ufrrj.br\/corin\/files\/2024\/11\/1000092629-300x300.jpg 300w, https:\/\/institucional.ufrrj.br\/corin\/files\/2024\/11\/1000092629-150x150.jpg 150w, https:\/\/institucional.ufrrj.br\/corin\/files\/2024\/11\/1000092629-768x768.jpg 768w, https:\/\/institucional.ufrrj.br\/corin\/files\/2024\/11\/1000092629-75x75.jpg 75w, https:\/\/institucional.ufrrj.br\/corin\/files\/2024\/11\/1000092629-120x120.jpg 120w, https:\/\/institucional.ufrrj.br\/corin\/files\/2024\/11\/1000092629.jpg 1080w\" sizes=\"auto, (max-width: 1024px) 100vw, 1024px\" \/><\/a><figcaption class=\"wp-element-caption\">19 nov 2024.<\/figcaption><\/figure>\n\n\n\n<figure class=\" wp-block-image size-large eplus-wrapper\"><a href=\"https:\/\/institucional.ufrrj.br\/corin\/files\/2024\/11\/1000092623.jpg\"><img loading=\"lazy\" decoding=\"async\" width=\"1024\" height=\"1024\" data-id=\"5507\" src=\"https:\/\/institucional.ufrrj.br\/corin\/files\/2024\/11\/1000092623-1024x1024.jpg\" alt=\"\" class=\"wp-image-5507\" srcset=\"https:\/\/institucional.ufrrj.br\/corin\/files\/2024\/11\/1000092623-1024x1024.jpg 1024w, https:\/\/institucional.ufrrj.br\/corin\/files\/2024\/11\/1000092623-300x300.jpg 300w, https:\/\/institucional.ufrrj.br\/corin\/files\/2024\/11\/1000092623-150x150.jpg 150w, https:\/\/institucional.ufrrj.br\/corin\/files\/2024\/11\/1000092623-768x768.jpg 768w, https:\/\/institucional.ufrrj.br\/corin\/files\/2024\/11\/1000092623-75x75.jpg 75w, https:\/\/institucional.ufrrj.br\/corin\/files\/2024\/11\/1000092623-120x120.jpg 120w, https:\/\/institucional.ufrrj.br\/corin\/files\/2024\/11\/1000092623.jpg 1080w\" sizes=\"auto, (max-width: 1024px) 100vw, 1024px\" \/><\/a><figcaption class=\"wp-element-caption\">19 nov 2024.<\/figcaption><\/figure>\n\n\n\n<figure class=\" wp-block-image size-large eplus-wrapper\"><a href=\"https:\/\/institucional.ufrrj.br\/corin\/files\/2024\/11\/1000098636.jpg\"><img loading=\"lazy\" decoding=\"async\" width=\"1024\" height=\"1024\" data-id=\"5539\" src=\"https:\/\/institucional.ufrrj.br\/corin\/files\/2024\/11\/1000098636-1024x1024.jpg\" alt=\"\" class=\"wp-image-5539\" srcset=\"https:\/\/institucional.ufrrj.br\/corin\/files\/2024\/11\/1000098636-1024x1024.jpg 1024w, https:\/\/institucional.ufrrj.br\/corin\/files\/2024\/11\/1000098636-300x300.jpg 300w, https:\/\/institucional.ufrrj.br\/corin\/files\/2024\/11\/1000098636-150x150.jpg 150w, https:\/\/institucional.ufrrj.br\/corin\/files\/2024\/11\/1000098636-768x768.jpg 768w, https:\/\/institucional.ufrrj.br\/corin\/files\/2024\/11\/1000098636-75x75.jpg 75w, https:\/\/institucional.ufrrj.br\/corin\/files\/2024\/11\/1000098636-120x120.jpg 120w, https:\/\/institucional.ufrrj.br\/corin\/files\/2024\/11\/1000098636.jpg 1080w\" sizes=\"auto, (max-width: 1024px) 100vw, 1024px\" \/><\/a><figcaption class=\"wp-element-caption\">1\u00b0 Encontro do Projeto Entrelaces Lingu\u00edsticos-Culturais. 27 nov 2024.<\/figcaption><\/figure>\n\n\n\n<figure class=\" wp-block-image size-large eplus-wrapper\"><a href=\"https:\/\/institucional.ufrrj.br\/corin\/files\/2024\/11\/1000098866.jpg\"><img loading=\"lazy\" decoding=\"async\" width=\"1024\" height=\"1024\" data-id=\"5540\" src=\"https:\/\/institucional.ufrrj.br\/corin\/files\/2024\/11\/1000098866-1024x1024.jpg\" alt=\"\" class=\"wp-image-5540\" srcset=\"https:\/\/institucional.ufrrj.br\/corin\/files\/2024\/11\/1000098866-1024x1024.jpg 1024w, https:\/\/institucional.ufrrj.br\/corin\/files\/2024\/11\/1000098866-300x300.jpg 300w, https:\/\/institucional.ufrrj.br\/corin\/files\/2024\/11\/1000098866-150x150.jpg 150w, https:\/\/institucional.ufrrj.br\/corin\/files\/2024\/11\/1000098866-768x768.jpg 768w, https:\/\/institucional.ufrrj.br\/corin\/files\/2024\/11\/1000098866-75x75.jpg 75w, https:\/\/institucional.ufrrj.br\/corin\/files\/2024\/11\/1000098866-120x120.jpg 120w, https:\/\/institucional.ufrrj.br\/corin\/files\/2024\/11\/1000098866.jpg 1080w\" sizes=\"auto, (max-width: 1024px) 100vw, 1024px\" \/><\/a><figcaption class=\"wp-element-caption\">27 nov 2024.<\/figcaption><\/figure>\n\n\n\n<figure class=\" wp-block-image size-large eplus-wrapper\"><a href=\"https:\/\/institucional.ufrrj.br\/corin\/files\/2024\/11\/1000098638.jpg\"><img loading=\"lazy\" decoding=\"async\" width=\"1024\" height=\"1024\" data-id=\"5541\" src=\"https:\/\/institucional.ufrrj.br\/corin\/files\/2024\/11\/1000098638-1024x1024.jpg\" alt=\"\" class=\"wp-image-5541\" srcset=\"https:\/\/institucional.ufrrj.br\/corin\/files\/2024\/11\/1000098638-1024x1024.jpg 1024w, https:\/\/institucional.ufrrj.br\/corin\/files\/2024\/11\/1000098638-300x300.jpg 300w, https:\/\/institucional.ufrrj.br\/corin\/files\/2024\/11\/1000098638-150x150.jpg 150w, https:\/\/institucional.ufrrj.br\/corin\/files\/2024\/11\/1000098638-768x768.jpg 768w, https:\/\/institucional.ufrrj.br\/corin\/files\/2024\/11\/1000098638-75x75.jpg 75w, https:\/\/institucional.ufrrj.br\/corin\/files\/2024\/11\/1000098638-120x120.jpg 120w, https:\/\/institucional.ufrrj.br\/corin\/files\/2024\/11\/1000098638.jpg 1080w\" sizes=\"auto, (max-width: 1024px) 100vw, 1024px\" \/><\/a><figcaption class=\"wp-element-caption\">27 nov 2024.<\/figcaption><\/figure>\n\n\n\n<figure class=\"wp-block-image size-large eplus-wrapper\"><a href=\"https:\/\/institucional.ufrrj.br\/corin\/files\/2024\/11\/IMG-20241129-WA0121.jpg\"><img loading=\"lazy\" decoding=\"async\" width=\"1024\" height=\"1024\" data-id=\"5563\" src=\"https:\/\/institucional.ufrrj.br\/corin\/files\/2024\/11\/IMG-20241129-WA0121-1024x1024.jpg\" alt=\"\" class=\"wp-image-5563\" srcset=\"https:\/\/institucional.ufrrj.br\/corin\/files\/2024\/11\/IMG-20241129-WA0121-1024x1024.jpg 1024w, https:\/\/institucional.ufrrj.br\/corin\/files\/2024\/11\/IMG-20241129-WA0121-300x300.jpg 300w, https:\/\/institucional.ufrrj.br\/corin\/files\/2024\/11\/IMG-20241129-WA0121-150x150.jpg 150w, https:\/\/institucional.ufrrj.br\/corin\/files\/2024\/11\/IMG-20241129-WA0121-768x768.jpg 768w, https:\/\/institucional.ufrrj.br\/corin\/files\/2024\/11\/IMG-20241129-WA0121-75x75.jpg 75w, https:\/\/institucional.ufrrj.br\/corin\/files\/2024\/11\/IMG-20241129-WA0121-120x120.jpg 120w, https:\/\/institucional.ufrrj.br\/corin\/files\/2024\/11\/IMG-20241129-WA0121.jpg 1080w\" sizes=\"auto, (max-width: 1024px) 100vw, 1024px\" \/><\/a><figcaption class=\"wp-element-caption\">27 nov 2024.<\/figcaption><\/figure>\n\n\n\n<figure class=\" wp-block-image size-large eplus-wrapper\"><a href=\"https:\/\/institucional.ufrrj.br\/corin\/files\/2024\/11\/1000098612.jpg\"><img loading=\"lazy\" decoding=\"async\" width=\"1024\" height=\"1024\" data-id=\"5542\" src=\"https:\/\/institucional.ufrrj.br\/corin\/files\/2024\/11\/1000098612-1024x1024.jpg\" alt=\"\" class=\"wp-image-5542\" srcset=\"https:\/\/institucional.ufrrj.br\/corin\/files\/2024\/11\/1000098612-1024x1024.jpg 1024w, https:\/\/institucional.ufrrj.br\/corin\/files\/2024\/11\/1000098612-300x300.jpg 300w, https:\/\/institucional.ufrrj.br\/corin\/files\/2024\/11\/1000098612-150x150.jpg 150w, https:\/\/institucional.ufrrj.br\/corin\/files\/2024\/11\/1000098612-768x768.jpg 768w, https:\/\/institucional.ufrrj.br\/corin\/files\/2024\/11\/1000098612-75x75.jpg 75w, https:\/\/institucional.ufrrj.br\/corin\/files\/2024\/11\/1000098612-120x120.jpg 120w, https:\/\/institucional.ufrrj.br\/corin\/files\/2024\/11\/1000098612.jpg 1080w\" sizes=\"auto, (max-width: 1024px) 100vw, 1024px\" \/><\/a><figcaption class=\"wp-element-caption\">27 nov 2024.<\/figcaption><\/figure>\n\n\n\n<figure class=\" wp-block-image size-large eplus-wrapper\"><a href=\"https:\/\/institucional.ufrrj.br\/corin\/files\/2024\/11\/1000098622.jpg\"><img loading=\"lazy\" decoding=\"async\" width=\"1024\" height=\"1024\" data-id=\"5547\" src=\"https:\/\/institucional.ufrrj.br\/corin\/files\/2024\/11\/1000098622-1024x1024.jpg\" alt=\"\" class=\"wp-image-5547\" srcset=\"https:\/\/institucional.ufrrj.br\/corin\/files\/2024\/11\/1000098622-1024x1024.jpg 1024w, https:\/\/institucional.ufrrj.br\/corin\/files\/2024\/11\/1000098622-300x300.jpg 300w, https:\/\/institucional.ufrrj.br\/corin\/files\/2024\/11\/1000098622-150x150.jpg 150w, https:\/\/institucional.ufrrj.br\/corin\/files\/2024\/11\/1000098622-768x768.jpg 768w, https:\/\/institucional.ufrrj.br\/corin\/files\/2024\/11\/1000098622-75x75.jpg 75w, https:\/\/institucional.ufrrj.br\/corin\/files\/2024\/11\/1000098622-120x120.jpg 120w, https:\/\/institucional.ufrrj.br\/corin\/files\/2024\/11\/1000098622.jpg 1080w\" sizes=\"auto, (max-width: 1024px) 100vw, 1024px\" \/><\/a><figcaption class=\"wp-element-caption\">UFRRJ recebe representantes de universidades da Alemanha para fortalecer parcerias internacionais. 27 nov 2024.<\/figcaption><\/figure>\n\n\n\n<figure class=\" wp-block-image size-large eplus-wrapper\"><a href=\"https:\/\/institucional.ufrrj.br\/corin\/files\/2024\/11\/1000098620.jpg\"><img loading=\"lazy\" decoding=\"async\" width=\"1024\" height=\"1024\" data-id=\"5548\" src=\"https:\/\/institucional.ufrrj.br\/corin\/files\/2024\/11\/1000098620-1024x1024.jpg\" alt=\"\" class=\"wp-image-5548\" srcset=\"https:\/\/institucional.ufrrj.br\/corin\/files\/2024\/11\/1000098620-1024x1024.jpg 1024w, https:\/\/institucional.ufrrj.br\/corin\/files\/2024\/11\/1000098620-300x300.jpg 300w, https:\/\/institucional.ufrrj.br\/corin\/files\/2024\/11\/1000098620-150x150.jpg 150w, https:\/\/institucional.ufrrj.br\/corin\/files\/2024\/11\/1000098620-768x768.jpg 768w, https:\/\/institucional.ufrrj.br\/corin\/files\/2024\/11\/1000098620-75x75.jpg 75w, https:\/\/institucional.ufrrj.br\/corin\/files\/2024\/11\/1000098620-120x120.jpg 120w, https:\/\/institucional.ufrrj.br\/corin\/files\/2024\/11\/1000098620.jpg 1080w\" sizes=\"auto, (max-width: 1024px) 100vw, 1024px\" \/><\/a><figcaption class=\"wp-element-caption\">27 nov 2024.<\/figcaption><\/figure>\n\n\n\n<figure class=\" wp-block-image size-large eplus-wrapper\"><a href=\"https:\/\/institucional.ufrrj.br\/corin\/files\/2024\/11\/1000098616.jpg\"><img loading=\"lazy\" decoding=\"async\" width=\"1024\" height=\"1024\" data-id=\"5549\" src=\"https:\/\/institucional.ufrrj.br\/corin\/files\/2024\/11\/1000098616-1024x1024.jpg\" alt=\"\" class=\"wp-image-5549\" srcset=\"https:\/\/institucional.ufrrj.br\/corin\/files\/2024\/11\/1000098616-1024x1024.jpg 1024w, https:\/\/institucional.ufrrj.br\/corin\/files\/2024\/11\/1000098616-300x300.jpg 300w, https:\/\/institucional.ufrrj.br\/corin\/files\/2024\/11\/1000098616-150x150.jpg 150w, https:\/\/institucional.ufrrj.br\/corin\/files\/2024\/11\/1000098616-768x768.jpg 768w, https:\/\/institucional.ufrrj.br\/corin\/files\/2024\/11\/1000098616-75x75.jpg 75w, https:\/\/institucional.ufrrj.br\/corin\/files\/2024\/11\/1000098616-120x120.jpg 120w, https:\/\/institucional.ufrrj.br\/corin\/files\/2024\/11\/1000098616.jpg 1080w\" sizes=\"auto, (max-width: 1024px) 100vw, 1024px\" \/><\/a><figcaption class=\"wp-element-caption\">27 nov 2024.<\/figcaption><\/figure>\n<\/figure>\n\n\n\n<p class=\" eplus-wrapper\"><\/p>\n","protected":false},"excerpt":{"rendered":"","protected":false},"author":850,"featured_media":5054,"comment_status":"closed","ping_status":"open","sticky":false,"template":"","format":"standard","meta":{"_acf_changed":false,"footnotes":"","_links_to":"","_links_to_target":""},"categories":[46],"tags":[],"class_list":["post-5060","post","type-post","status-publish","format-standard","has-post-thumbnail","hentry","category-galeria"],"yoast_head":"<!-- This site is optimized with the Yoast SEO plugin v27.2 - https:\/\/yoast.com\/product\/yoast-seo-wordpress\/ -->\n<title>Galeria Corin 2024 - CORIN<\/title>\n<meta name=\"robots\" content=\"index, follow, max-snippet:-1, max-image-preview:large, max-video-preview:-1\" \/>\n<link rel=\"canonical\" href=\"https:\/\/institucional.ufrrj.br\/corin\/galeria-corin-2024\/\" \/>\n<meta property=\"og:locale\" content=\"pt_BR\" \/>\n<meta property=\"og:type\" content=\"article\" \/>\n<meta property=\"og:title\" content=\"Galeria Corin 2024 - CORIN\" \/>\n<meta property=\"og:url\" content=\"https:\/\/institucional.ufrrj.br\/corin\/galeria-corin-2024\/\" \/>\n<meta property=\"og:site_name\" content=\"CORIN\" \/>\n<meta property=\"article:published_time\" content=\"2024-05-30T03:07:02+00:00\" \/>\n<meta property=\"article:modified_time\" content=\"2024-12-09T17:44:03+00:00\" \/>\n<meta property=\"og:image\" content=\"https:\/\/institucional.ufrrj.br\/corin\/files\/2023\/10\/GALERIA_20240528_135126_0001.png\" \/>\n\t<meta property=\"og:image:width\" content=\"1080\" \/>\n\t<meta property=\"og:image:height\" content=\"1080\" \/>\n\t<meta property=\"og:image:type\" content=\"image\/png\" \/>\n<meta name=\"author\" content=\"molezomluisa\" \/>\n<meta name=\"twitter:card\" content=\"summary_large_image\" \/>\n<meta name=\"twitter:label1\" content=\"Escrito por\" \/>\n\t<meta name=\"twitter:data1\" content=\"molezomluisa\" \/>\n\t<meta name=\"twitter:label2\" content=\"Est. tempo de leitura\" \/>\n\t<meta name=\"twitter:data2\" content=\"1 minuto\" \/>\n<script type=\"application\/ld+json\" class=\"yoast-schema-graph\">{\"@context\":\"https:\/\/schema.org\",\"@graph\":[{\"@type\":\"Article\",\"@id\":\"https:\/\/institucional.ufrrj.br\/corin\/galeria-corin-2024\/#article\",\"isPartOf\":{\"@id\":\"https:\/\/institucional.ufrrj.br\/corin\/galeria-corin-2024\/\"},\"author\":{\"name\":\"molezomluisa\",\"@id\":\"https:\/\/institucional.ufrrj.br\/corin\/#\/schema\/person\/b21d2da441da9fe43aee857361b2c5be\"},\"headline\":\"Galeria Corin 2024\",\"datePublished\":\"2024-05-30T03:07:02+00:00\",\"dateModified\":\"2024-12-09T17:44:03+00:00\",\"mainEntityOfPage\":{\"@id\":\"https:\/\/institucional.ufrrj.br\/corin\/galeria-corin-2024\/\"},\"wordCount\":251,\"image\":{\"@id\":\"https:\/\/institucional.ufrrj.br\/corin\/galeria-corin-2024\/#primaryimage\"},\"thumbnailUrl\":\"https:\/\/institucional.ufrrj.br\/corin\/files\/2023\/10\/GALERIA_20240528_135126_0001.png\",\"articleSection\":[\"Galeria\"],\"inLanguage\":\"pt-BR\"},{\"@type\":\"WebPage\",\"@id\":\"https:\/\/institucional.ufrrj.br\/corin\/galeria-corin-2024\/\",\"url\":\"https:\/\/institucional.ufrrj.br\/corin\/galeria-corin-2024\/\",\"name\":\"Galeria Corin 2024 - CORIN\",\"isPartOf\":{\"@id\":\"https:\/\/institucional.ufrrj.br\/corin\/#website\"},\"primaryImageOfPage\":{\"@id\":\"https:\/\/institucional.ufrrj.br\/corin\/galeria-corin-2024\/#primaryimage\"},\"image\":{\"@id\":\"https:\/\/institucional.ufrrj.br\/corin\/galeria-corin-2024\/#primaryimage\"},\"thumbnailUrl\":\"https:\/\/institucional.ufrrj.br\/corin\/files\/2023\/10\/GALERIA_20240528_135126_0001.png\",\"datePublished\":\"2024-05-30T03:07:02+00:00\",\"dateModified\":\"2024-12-09T17:44:03+00:00\",\"author\":{\"@id\":\"https:\/\/institucional.ufrrj.br\/corin\/#\/schema\/person\/b21d2da441da9fe43aee857361b2c5be\"},\"breadcrumb\":{\"@id\":\"https:\/\/institucional.ufrrj.br\/corin\/galeria-corin-2024\/#breadcrumb\"},\"inLanguage\":\"pt-BR\",\"potentialAction\":[{\"@type\":\"ReadAction\",\"target\":[\"https:\/\/institucional.ufrrj.br\/corin\/galeria-corin-2024\/\"]}]},{\"@type\":\"ImageObject\",\"inLanguage\":\"pt-BR\",\"@id\":\"https:\/\/institucional.ufrrj.br\/corin\/galeria-corin-2024\/#primaryimage\",\"url\":\"https:\/\/institucional.ufrrj.br\/corin\/files\/2023\/10\/GALERIA_20240528_135126_0001.png\",\"contentUrl\":\"https:\/\/institucional.ufrrj.br\/corin\/files\/2023\/10\/GALERIA_20240528_135126_0001.png\",\"width\":1080,\"height\":1080},{\"@type\":\"BreadcrumbList\",\"@id\":\"https:\/\/institucional.ufrrj.br\/corin\/galeria-corin-2024\/#breadcrumb\",\"itemListElement\":[{\"@type\":\"ListItem\",\"position\":1,\"name\":\"In\u00edcio\",\"item\":\"https:\/\/institucional.ufrrj.br\/corin\/\"},{\"@type\":\"ListItem\",\"position\":2,\"name\":\"Galeria Corin 2024\"}]},{\"@type\":\"WebSite\",\"@id\":\"https:\/\/institucional.ufrrj.br\/corin\/#website\",\"url\":\"https:\/\/institucional.ufrrj.br\/corin\/\",\"name\":\"CORIN\",\"description\":\"Coordenadoria de Rela\u00e7\u00f5es Internacionais e Interinstitucionais\",\"potentialAction\":[{\"@type\":\"SearchAction\",\"target\":{\"@type\":\"EntryPoint\",\"urlTemplate\":\"https:\/\/institucional.ufrrj.br\/corin\/?s={search_term_string}\"},\"query-input\":{\"@type\":\"PropertyValueSpecification\",\"valueRequired\":true,\"valueName\":\"search_term_string\"}}],\"inLanguage\":\"pt-BR\"},{\"@type\":\"Person\",\"@id\":\"https:\/\/institucional.ufrrj.br\/corin\/#\/schema\/person\/b21d2da441da9fe43aee857361b2c5be\",\"name\":\"molezomluisa\",\"image\":{\"@type\":\"ImageObject\",\"inLanguage\":\"pt-BR\",\"@id\":\"https:\/\/secure.gravatar.com\/avatar\/fe05d54e0925ffc10325f7fc700fcd86b7ffb4c70e2d0c54befccb103121b744?s=96&d=mm&r=g\",\"url\":\"https:\/\/secure.gravatar.com\/avatar\/fe05d54e0925ffc10325f7fc700fcd86b7ffb4c70e2d0c54befccb103121b744?s=96&d=mm&r=g\",\"contentUrl\":\"https:\/\/secure.gravatar.com\/avatar\/fe05d54e0925ffc10325f7fc700fcd86b7ffb4c70e2d0c54befccb103121b744?s=96&d=mm&r=g\",\"caption\":\"molezomluisa\"},\"description\":\"Chamado - ID: 32759 (Rural - Seropedica)\",\"sameAs\":[\"molezomluisa\"],\"url\":\"https:\/\/institucional.ufrrj.br\/corin\/author\/molezomluisa1\/\"}]}<\/script>\n<!-- \/ Yoast SEO plugin. -->","yoast_head_json":{"title":"Galeria Corin 2024 - CORIN","robots":{"index":"index","follow":"follow","max-snippet":"max-snippet:-1","max-image-preview":"max-image-preview:large","max-video-preview":"max-video-preview:-1"},"canonical":"https:\/\/institucional.ufrrj.br\/corin\/galeria-corin-2024\/","og_locale":"pt_BR","og_type":"article","og_title":"Galeria Corin 2024 - CORIN","og_url":"https:\/\/institucional.ufrrj.br\/corin\/galeria-corin-2024\/","og_site_name":"CORIN","article_published_time":"2024-05-30T03:07:02+00:00","article_modified_time":"2024-12-09T17:44:03+00:00","og_image":[{"width":1080,"height":1080,"url":"https:\/\/institucional.ufrrj.br\/corin\/files\/2023\/10\/GALERIA_20240528_135126_0001.png","type":"image\/png"}],"author":"molezomluisa","twitter_card":"summary_large_image","twitter_misc":{"Escrito por":"molezomluisa","Est. tempo de leitura":"1 minuto"},"schema":{"@context":"https:\/\/schema.org","@graph":[{"@type":"Article","@id":"https:\/\/institucional.ufrrj.br\/corin\/galeria-corin-2024\/#article","isPartOf":{"@id":"https:\/\/institucional.ufrrj.br\/corin\/galeria-corin-2024\/"},"author":{"name":"molezomluisa","@id":"https:\/\/institucional.ufrrj.br\/corin\/#\/schema\/person\/b21d2da441da9fe43aee857361b2c5be"},"headline":"Galeria Corin 2024","datePublished":"2024-05-30T03:07:02+00:00","dateModified":"2024-12-09T17:44:03+00:00","mainEntityOfPage":{"@id":"https:\/\/institucional.ufrrj.br\/corin\/galeria-corin-2024\/"},"wordCount":251,"image":{"@id":"https:\/\/institucional.ufrrj.br\/corin\/galeria-corin-2024\/#primaryimage"},"thumbnailUrl":"https:\/\/institucional.ufrrj.br\/corin\/files\/2023\/10\/GALERIA_20240528_135126_0001.png","articleSection":["Galeria"],"inLanguage":"pt-BR"},{"@type":"WebPage","@id":"https:\/\/institucional.ufrrj.br\/corin\/galeria-corin-2024\/","url":"https:\/\/institucional.ufrrj.br\/corin\/galeria-corin-2024\/","name":"Galeria Corin 2024 - CORIN","isPartOf":{"@id":"https:\/\/institucional.ufrrj.br\/corin\/#website"},"primaryImageOfPage":{"@id":"https:\/\/institucional.ufrrj.br\/corin\/galeria-corin-2024\/#primaryimage"},"image":{"@id":"https:\/\/institucional.ufrrj.br\/corin\/galeria-corin-2024\/#primaryimage"},"thumbnailUrl":"https:\/\/institucional.ufrrj.br\/corin\/files\/2023\/10\/GALERIA_20240528_135126_0001.png","datePublished":"2024-05-30T03:07:02+00:00","dateModified":"2024-12-09T17:44:03+00:00","author":{"@id":"https:\/\/institucional.ufrrj.br\/corin\/#\/schema\/person\/b21d2da441da9fe43aee857361b2c5be"},"breadcrumb":{"@id":"https:\/\/institucional.ufrrj.br\/corin\/galeria-corin-2024\/#breadcrumb"},"inLanguage":"pt-BR","potentialAction":[{"@type":"ReadAction","target":["https:\/\/institucional.ufrrj.br\/corin\/galeria-corin-2024\/"]}]},{"@type":"ImageObject","inLanguage":"pt-BR","@id":"https:\/\/institucional.ufrrj.br\/corin\/galeria-corin-2024\/#primaryimage","url":"https:\/\/institucional.ufrrj.br\/corin\/files\/2023\/10\/GALERIA_20240528_135126_0001.png","contentUrl":"https:\/\/institucional.ufrrj.br\/corin\/files\/2023\/10\/GALERIA_20240528_135126_0001.png","width":1080,"height":1080},{"@type":"BreadcrumbList","@id":"https:\/\/institucional.ufrrj.br\/corin\/galeria-corin-2024\/#breadcrumb","itemListElement":[{"@type":"ListItem","position":1,"name":"In\u00edcio","item":"https:\/\/institucional.ufrrj.br\/corin\/"},{"@type":"ListItem","position":2,"name":"Galeria Corin 2024"}]},{"@type":"WebSite","@id":"https:\/\/institucional.ufrrj.br\/corin\/#website","url":"https:\/\/institucional.ufrrj.br\/corin\/","name":"CORIN","description":"Coordenadoria de Rela\u00e7\u00f5es Internacionais e Interinstitucionais","potentialAction":[{"@type":"SearchAction","target":{"@type":"EntryPoint","urlTemplate":"https:\/\/institucional.ufrrj.br\/corin\/?s={search_term_string}"},"query-input":{"@type":"PropertyValueSpecification","valueRequired":true,"valueName":"search_term_string"}}],"inLanguage":"pt-BR"},{"@type":"Person","@id":"https:\/\/institucional.ufrrj.br\/corin\/#\/schema\/person\/b21d2da441da9fe43aee857361b2c5be","name":"molezomluisa","image":{"@type":"ImageObject","inLanguage":"pt-BR","@id":"https:\/\/secure.gravatar.com\/avatar\/fe05d54e0925ffc10325f7fc700fcd86b7ffb4c70e2d0c54befccb103121b744?s=96&d=mm&r=g","url":"https:\/\/secure.gravatar.com\/avatar\/fe05d54e0925ffc10325f7fc700fcd86b7ffb4c70e2d0c54befccb103121b744?s=96&d=mm&r=g","contentUrl":"https:\/\/secure.gravatar.com\/avatar\/fe05d54e0925ffc10325f7fc700fcd86b7ffb4c70e2d0c54befccb103121b744?s=96&d=mm&r=g","caption":"molezomluisa"},"description":"Chamado - ID: 32759 (Rural - Seropedica)","sameAs":["molezomluisa"],"url":"https:\/\/institucional.ufrrj.br\/corin\/author\/molezomluisa1\/"}]}},"acf":[],"_links":{"self":[{"href":"https:\/\/institucional.ufrrj.br\/corin\/wp-json\/wp\/v2\/posts\/5060","targetHints":{"allow":["GET"]}}],"collection":[{"href":"https:\/\/institucional.ufrrj.br\/corin\/wp-json\/wp\/v2\/posts"}],"about":[{"href":"https:\/\/institucional.ufrrj.br\/corin\/wp-json\/wp\/v2\/types\/post"}],"author":[{"embeddable":true,"href":"https:\/\/institucional.ufrrj.br\/corin\/wp-json\/wp\/v2\/users\/850"}],"replies":[{"embeddable":true,"href":"https:\/\/institucional.ufrrj.br\/corin\/wp-json\/wp\/v2\/comments?post=5060"}],"version-history":[{"count":4,"href":"https:\/\/institucional.ufrrj.br\/corin\/wp-json\/wp\/v2\/posts\/5060\/revisions"}],"predecessor-version":[{"id":5566,"href":"https:\/\/institucional.ufrrj.br\/corin\/wp-json\/wp\/v2\/posts\/5060\/revisions\/5566"}],"wp:featuredmedia":[{"embeddable":true,"href":"https:\/\/institucional.ufrrj.br\/corin\/wp-json\/wp\/v2\/media\/5054"}],"wp:attachment":[{"href":"https:\/\/institucional.ufrrj.br\/corin\/wp-json\/wp\/v2\/media?parent=5060"}],"wp:term":[{"taxonomy":"category","embeddable":true,"href":"https:\/\/institucional.ufrrj.br\/corin\/wp-json\/wp\/v2\/categories?post=5060"},{"taxonomy":"post_tag","embeddable":true,"href":"https:\/\/institucional.ufrrj.br\/corin\/wp-json\/wp\/v2\/tags?post=5060"}],"curies":[{"name":"wp","href":"https:\/\/api.w.org\/{rel}","templated":true}]}}