{"id":8285,"date":"2026-03-09T10:34:37","date_gmt":"2026-03-09T13:34:37","guid":{"rendered":"https:\/\/institucional.ufrrj.br\/codep\/?p=8285"},"modified":"2026-03-09T10:34:49","modified_gmt":"2026-03-09T13:34:49","slug":"capacitacao-externa-inscricoes-abertas-para-o-curso-lideranca-estrategica-com-ia-na-administracao-publica","status":"publish","type":"post","link":"https:\/\/institucional.ufrrj.br\/codep\/capacitacao-externa-inscricoes-abertas-para-o-curso-lideranca-estrategica-com-ia-na-administracao-publica\/","title":{"rendered":"Capacita\u00e7\u00e3o externa | Inscri\u00e7\u00f5es abertas para o curso: Lideran\u00e7a Estrat\u00e9gica com IA na Administra\u00e7\u00e3o P\u00fablica."},"content":{"rendered":"\n<p>A Escola Nacional de Administra\u00e7\u00e3o P\u00fablica (ENAP) est\u00e1 com inscri\u00e7\u00f5es abertas para o curso : Lideran\u00e7a Estrat\u00e9gica com IA na Administra\u00e7\u00e3o P\u00fablica.<\/p>\n\n\n\n<p>Explore como a Intelig\u00eancia Artificial est\u00e1 redesenhando a gest\u00e3o p\u00fablica. Neste curso, voc\u00ea vai descobrir o potencial pr\u00e1tico da IA para solucionar desafios reais, otimizar recursos e guiar decis\u00f5es estrat\u00e9gicas \u2014 sempre com \u00e9tica, responsabilidade e foco no que realmente importa: resultados para a sociedade.<\/p>\n\n\n\n<p>Confira os detalhes:<\/p>\n\n\n\n<ul class=\"wp-block-list\">\n<li>Nome do curso:&nbsp;Lideran\u00e7a Estrat\u00e9gica com IA na Administra\u00e7\u00e3o P\u00fablica.<\/li>\n\n\n\n<li>Certificador:&nbsp;ENAP<\/li>\n\n\n\n<li>Carga hor\u00e1ria: 30 horas<\/li>\n\n\n\n<li>Disponibilidade:&nbsp;30 dias<\/li>\n\n\n\n<li>P\u00fablico-alvo:&nbsp;L\u00edderes, gestores p\u00fablicos e demais pessoas interessadas no tema. Curso aberto, gratuito e com certificado. Qualquer pessoa pode se inscrever.<\/li>\n<\/ul>\n\n\n\n<p>Para mais informa\u00e7\u00f5es sobre os detalhes da capacita\u00e7\u00e3o e o conte\u00fado program\u00e1tico, confira a p\u00e1gina: <a href=\"https:\/\/www.escolavirtual.gov.br\/curso\/1498\">https:\/\/www.escolavirtual.gov.br\/curso\/1498<\/a><\/p>\n\n\n\n<p><\/p>\n","protected":false},"excerpt":{"rendered":"<p>A Escola Nacional de Administra\u00e7\u00e3o P\u00fablica (ENAP) est\u00e1 com inscri\u00e7\u00f5es abertas para o curso : Lideran\u00e7a Estrat\u00e9gica com IA na <a class=\"read-more\" href=\"https:\/\/institucional.ufrrj.br\/codep\/capacitacao-externa-inscricoes-abertas-para-o-curso-lideranca-estrategica-com-ia-na-administracao-publica\/ \" >&#8230; <span class=\"font-italic\">leia mais <i class=\"fas fa-angle-right\"><\/i><\/span><\/a><\/p>\n","protected":false},"author":859,"featured_media":8286,"comment_status":"open","ping_status":"open","sticky":false,"template":"","format":"standard","meta":{"_acf_changed":false,"footnotes":""},"categories":[4],"tags":[],"class_list":["post-8285","post","type-post","status-publish","format-standard","has-post-thumbnail","hentry","category-noticias"],"yoast_head":"<!-- This site is optimized with the Yoast SEO plugin v27.2 - https:\/\/yoast.com\/product\/yoast-seo-wordpress\/ -->\n<title>Capacita\u00e7\u00e3o externa | Inscri\u00e7\u00f5es abertas para o curso: Lideran\u00e7a Estrat\u00e9gica com IA na Administra\u00e7\u00e3o P\u00fablica. - Coordena\u00e7\u00e3o de Desenvolvimento de Pessoas<\/title>\n<meta name=\"robots\" content=\"index, follow, max-snippet:-1, max-image-preview:large, max-video-preview:-1\" \/>\n<link rel=\"canonical\" href=\"https:\/\/institucional.ufrrj.br\/codep\/capacitacao-externa-inscricoes-abertas-para-o-curso-lideranca-estrategica-com-ia-na-administracao-publica\/\" \/>\n<meta property=\"og:locale\" content=\"pt_BR\" \/>\n<meta property=\"og:type\" content=\"article\" \/>\n<meta property=\"og:title\" content=\"Capacita\u00e7\u00e3o externa | Inscri\u00e7\u00f5es abertas para o curso: Lideran\u00e7a Estrat\u00e9gica com IA na Administra\u00e7\u00e3o P\u00fablica. - Coordena\u00e7\u00e3o de Desenvolvimento de Pessoas\" \/>\n<meta property=\"og:description\" content=\"A Escola Nacional de Administra\u00e7\u00e3o P\u00fablica (ENAP) est\u00e1 com inscri\u00e7\u00f5es abertas para o curso : Lideran\u00e7a Estrat\u00e9gica com IA na ... leia mais\" \/>\n<meta property=\"og:url\" content=\"https:\/\/institucional.ufrrj.br\/codep\/capacitacao-externa-inscricoes-abertas-para-o-curso-lideranca-estrategica-com-ia-na-administracao-publica\/\" \/>\n<meta property=\"og:site_name\" content=\"Coordena\u00e7\u00e3o de Desenvolvimento de Pessoas\" \/>\n<meta property=\"article:published_time\" content=\"2026-03-09T13:34:37+00:00\" \/>\n<meta property=\"article:modified_time\" content=\"2026-03-09T13:34:49+00:00\" \/>\n<meta property=\"og:image\" content=\"https:\/\/institucional.ufrrj.br\/codep\/files\/2026\/03\/Lideranca-Estrategica-com-IA-na-Administracao-Publica.png\" \/>\n\t<meta property=\"og:image:width\" content=\"1280\" \/>\n\t<meta property=\"og:image:height\" content=\"720\" \/>\n\t<meta property=\"og:image:type\" content=\"image\/png\" \/>\n<meta name=\"author\" content=\"larissagralha\" \/>\n<meta name=\"twitter:card\" content=\"summary_large_image\" \/>\n<meta name=\"twitter:label1\" content=\"Escrito por\" \/>\n\t<meta name=\"twitter:data1\" content=\"larissagralha\" \/>\n\t<meta name=\"twitter:label2\" content=\"Est. tempo de leitura\" \/>\n\t<meta name=\"twitter:data2\" content=\"1 minuto\" \/>\n<script type=\"application\/ld+json\" class=\"yoast-schema-graph\">{\"@context\":\"https:\/\/schema.org\",\"@graph\":[{\"@type\":\"Article\",\"@id\":\"https:\/\/institucional.ufrrj.br\/codep\/capacitacao-externa-inscricoes-abertas-para-o-curso-lideranca-estrategica-com-ia-na-administracao-publica\/#article\",\"isPartOf\":{\"@id\":\"https:\/\/institucional.ufrrj.br\/codep\/capacitacao-externa-inscricoes-abertas-para-o-curso-lideranca-estrategica-com-ia-na-administracao-publica\/\"},\"author\":{\"name\":\"larissagralha\",\"@id\":\"https:\/\/institucional.ufrrj.br\/codep\/#\/schema\/person\/9d668597d8c723cdf88e7576a2eb1efa\"},\"headline\":\"Capacita\u00e7\u00e3o externa | Inscri\u00e7\u00f5es abertas para o curso: Lideran\u00e7a Estrat\u00e9gica com IA na Administra\u00e7\u00e3o P\u00fablica.\",\"datePublished\":\"2026-03-09T13:34:37+00:00\",\"dateModified\":\"2026-03-09T13:34:49+00:00\",\"mainEntityOfPage\":{\"@id\":\"https:\/\/institucional.ufrrj.br\/codep\/capacitacao-externa-inscricoes-abertas-para-o-curso-lideranca-estrategica-com-ia-na-administracao-publica\/\"},\"wordCount\":177,\"commentCount\":0,\"image\":{\"@id\":\"https:\/\/institucional.ufrrj.br\/codep\/capacitacao-externa-inscricoes-abertas-para-o-curso-lideranca-estrategica-com-ia-na-administracao-publica\/#primaryimage\"},\"thumbnailUrl\":\"https:\/\/institucional.ufrrj.br\/codep\/files\/2026\/03\/Lideranca-Estrategica-com-IA-na-Administracao-Publica.png\",\"articleSection\":[\"Noticias\"],\"inLanguage\":\"pt-BR\",\"potentialAction\":[{\"@type\":\"CommentAction\",\"name\":\"Comment\",\"target\":[\"https:\/\/institucional.ufrrj.br\/codep\/capacitacao-externa-inscricoes-abertas-para-o-curso-lideranca-estrategica-com-ia-na-administracao-publica\/#respond\"]}]},{\"@type\":\"WebPage\",\"@id\":\"https:\/\/institucional.ufrrj.br\/codep\/capacitacao-externa-inscricoes-abertas-para-o-curso-lideranca-estrategica-com-ia-na-administracao-publica\/\",\"url\":\"https:\/\/institucional.ufrrj.br\/codep\/capacitacao-externa-inscricoes-abertas-para-o-curso-lideranca-estrategica-com-ia-na-administracao-publica\/\",\"name\":\"Capacita\u00e7\u00e3o externa | Inscri\u00e7\u00f5es abertas para o curso: Lideran\u00e7a Estrat\u00e9gica com IA na Administra\u00e7\u00e3o P\u00fablica. - Coordena\u00e7\u00e3o de Desenvolvimento de Pessoas\",\"isPartOf\":{\"@id\":\"https:\/\/institucional.ufrrj.br\/codep\/#website\"},\"primaryImageOfPage\":{\"@id\":\"https:\/\/institucional.ufrrj.br\/codep\/capacitacao-externa-inscricoes-abertas-para-o-curso-lideranca-estrategica-com-ia-na-administracao-publica\/#primaryimage\"},\"image\":{\"@id\":\"https:\/\/institucional.ufrrj.br\/codep\/capacitacao-externa-inscricoes-abertas-para-o-curso-lideranca-estrategica-com-ia-na-administracao-publica\/#primaryimage\"},\"thumbnailUrl\":\"https:\/\/institucional.ufrrj.br\/codep\/files\/2026\/03\/Lideranca-Estrategica-com-IA-na-Administracao-Publica.png\",\"datePublished\":\"2026-03-09T13:34:37+00:00\",\"dateModified\":\"2026-03-09T13:34:49+00:00\",\"author\":{\"@id\":\"https:\/\/institucional.ufrrj.br\/codep\/#\/schema\/person\/9d668597d8c723cdf88e7576a2eb1efa\"},\"breadcrumb\":{\"@id\":\"https:\/\/institucional.ufrrj.br\/codep\/capacitacao-externa-inscricoes-abertas-para-o-curso-lideranca-estrategica-com-ia-na-administracao-publica\/#breadcrumb\"},\"inLanguage\":\"pt-BR\",\"potentialAction\":[{\"@type\":\"ReadAction\",\"target\":[\"https:\/\/institucional.ufrrj.br\/codep\/capacitacao-externa-inscricoes-abertas-para-o-curso-lideranca-estrategica-com-ia-na-administracao-publica\/\"]}]},{\"@type\":\"ImageObject\",\"inLanguage\":\"pt-BR\",\"@id\":\"https:\/\/institucional.ufrrj.br\/codep\/capacitacao-externa-inscricoes-abertas-para-o-curso-lideranca-estrategica-com-ia-na-administracao-publica\/#primaryimage\",\"url\":\"https:\/\/institucional.ufrrj.br\/codep\/files\/2026\/03\/Lideranca-Estrategica-com-IA-na-Administracao-Publica.png\",\"contentUrl\":\"https:\/\/institucional.ufrrj.br\/codep\/files\/2026\/03\/Lideranca-Estrategica-com-IA-na-Administracao-Publica.png\",\"width\":1280,\"height\":720},{\"@type\":\"BreadcrumbList\",\"@id\":\"https:\/\/institucional.ufrrj.br\/codep\/capacitacao-externa-inscricoes-abertas-para-o-curso-lideranca-estrategica-com-ia-na-administracao-publica\/#breadcrumb\",\"itemListElement\":[{\"@type\":\"ListItem\",\"position\":1,\"name\":\"In\u00edcio\",\"item\":\"https:\/\/institucional.ufrrj.br\/codep\/\"},{\"@type\":\"ListItem\",\"position\":2,\"name\":\"Capacita\u00e7\u00e3o externa | Inscri\u00e7\u00f5es abertas para o curso: Lideran\u00e7a Estrat\u00e9gica com IA na Administra\u00e7\u00e3o P\u00fablica.\"}]},{\"@type\":\"WebSite\",\"@id\":\"https:\/\/institucional.ufrrj.br\/codep\/#website\",\"url\":\"https:\/\/institucional.ufrrj.br\/codep\/\",\"name\":\"Coordena\u00e7\u00e3o de Desenvolvimento de Pessoas\",\"description\":\"S\u00f3 mais um site institucional.ufrrj.br\",\"potentialAction\":[{\"@type\":\"SearchAction\",\"target\":{\"@type\":\"EntryPoint\",\"urlTemplate\":\"https:\/\/institucional.ufrrj.br\/codep\/?s={search_term_string}\"},\"query-input\":{\"@type\":\"PropertyValueSpecification\",\"valueRequired\":true,\"valueName\":\"search_term_string\"}}],\"inLanguage\":\"pt-BR\"},{\"@type\":\"Person\",\"@id\":\"https:\/\/institucional.ufrrj.br\/codep\/#\/schema\/person\/9d668597d8c723cdf88e7576a2eb1efa\",\"name\":\"larissagralha\",\"image\":{\"@type\":\"ImageObject\",\"inLanguage\":\"pt-BR\",\"@id\":\"https:\/\/secure.gravatar.com\/avatar\/0f7612636260afb634001c932bfce20d1905d46ca976fe762cbb43192fa8f2d8?s=96&d=mm&r=g\",\"url\":\"https:\/\/secure.gravatar.com\/avatar\/0f7612636260afb634001c932bfce20d1905d46ca976fe762cbb43192fa8f2d8?s=96&d=mm&r=g\",\"contentUrl\":\"https:\/\/secure.gravatar.com\/avatar\/0f7612636260afb634001c932bfce20d1905d46ca976fe762cbb43192fa8f2d8?s=96&d=mm&r=g\",\"caption\":\"larissagralha\"},\"description\":\"Chamado - ID: 35529 (Rural - Seropedica), Chamado - ID: 37245 (Rural - Seropedica)\",\"url\":\"https:\/\/institucional.ufrrj.br\/codep\/author\/larissagralha1\/\"}]}<\/script>\n<!-- \/ Yoast SEO plugin. -->","yoast_head_json":{"title":"Capacita\u00e7\u00e3o externa | Inscri\u00e7\u00f5es abertas para o curso: Lideran\u00e7a Estrat\u00e9gica com IA na Administra\u00e7\u00e3o P\u00fablica. - Coordena\u00e7\u00e3o de Desenvolvimento de Pessoas","robots":{"index":"index","follow":"follow","max-snippet":"max-snippet:-1","max-image-preview":"max-image-preview:large","max-video-preview":"max-video-preview:-1"},"canonical":"https:\/\/institucional.ufrrj.br\/codep\/capacitacao-externa-inscricoes-abertas-para-o-curso-lideranca-estrategica-com-ia-na-administracao-publica\/","og_locale":"pt_BR","og_type":"article","og_title":"Capacita\u00e7\u00e3o externa | Inscri\u00e7\u00f5es abertas para o curso: Lideran\u00e7a Estrat\u00e9gica com IA na Administra\u00e7\u00e3o P\u00fablica. - Coordena\u00e7\u00e3o de Desenvolvimento de Pessoas","og_description":"A Escola Nacional de Administra\u00e7\u00e3o P\u00fablica (ENAP) est\u00e1 com inscri\u00e7\u00f5es abertas para o curso : Lideran\u00e7a Estrat\u00e9gica com IA na ... leia mais","og_url":"https:\/\/institucional.ufrrj.br\/codep\/capacitacao-externa-inscricoes-abertas-para-o-curso-lideranca-estrategica-com-ia-na-administracao-publica\/","og_site_name":"Coordena\u00e7\u00e3o de Desenvolvimento de Pessoas","article_published_time":"2026-03-09T13:34:37+00:00","article_modified_time":"2026-03-09T13:34:49+00:00","og_image":[{"width":1280,"height":720,"url":"https:\/\/institucional.ufrrj.br\/codep\/files\/2026\/03\/Lideranca-Estrategica-com-IA-na-Administracao-Publica.png","type":"image\/png"}],"author":"larissagralha","twitter_card":"summary_large_image","twitter_misc":{"Escrito por":"larissagralha","Est. tempo de leitura":"1 minuto"},"schema":{"@context":"https:\/\/schema.org","@graph":[{"@type":"Article","@id":"https:\/\/institucional.ufrrj.br\/codep\/capacitacao-externa-inscricoes-abertas-para-o-curso-lideranca-estrategica-com-ia-na-administracao-publica\/#article","isPartOf":{"@id":"https:\/\/institucional.ufrrj.br\/codep\/capacitacao-externa-inscricoes-abertas-para-o-curso-lideranca-estrategica-com-ia-na-administracao-publica\/"},"author":{"name":"larissagralha","@id":"https:\/\/institucional.ufrrj.br\/codep\/#\/schema\/person\/9d668597d8c723cdf88e7576a2eb1efa"},"headline":"Capacita\u00e7\u00e3o externa | Inscri\u00e7\u00f5es abertas para o curso: Lideran\u00e7a Estrat\u00e9gica com IA na Administra\u00e7\u00e3o P\u00fablica.","datePublished":"2026-03-09T13:34:37+00:00","dateModified":"2026-03-09T13:34:49+00:00","mainEntityOfPage":{"@id":"https:\/\/institucional.ufrrj.br\/codep\/capacitacao-externa-inscricoes-abertas-para-o-curso-lideranca-estrategica-com-ia-na-administracao-publica\/"},"wordCount":177,"commentCount":0,"image":{"@id":"https:\/\/institucional.ufrrj.br\/codep\/capacitacao-externa-inscricoes-abertas-para-o-curso-lideranca-estrategica-com-ia-na-administracao-publica\/#primaryimage"},"thumbnailUrl":"https:\/\/institucional.ufrrj.br\/codep\/files\/2026\/03\/Lideranca-Estrategica-com-IA-na-Administracao-Publica.png","articleSection":["Noticias"],"inLanguage":"pt-BR","potentialAction":[{"@type":"CommentAction","name":"Comment","target":["https:\/\/institucional.ufrrj.br\/codep\/capacitacao-externa-inscricoes-abertas-para-o-curso-lideranca-estrategica-com-ia-na-administracao-publica\/#respond"]}]},{"@type":"WebPage","@id":"https:\/\/institucional.ufrrj.br\/codep\/capacitacao-externa-inscricoes-abertas-para-o-curso-lideranca-estrategica-com-ia-na-administracao-publica\/","url":"https:\/\/institucional.ufrrj.br\/codep\/capacitacao-externa-inscricoes-abertas-para-o-curso-lideranca-estrategica-com-ia-na-administracao-publica\/","name":"Capacita\u00e7\u00e3o externa | Inscri\u00e7\u00f5es abertas para o curso: Lideran\u00e7a Estrat\u00e9gica com IA na Administra\u00e7\u00e3o P\u00fablica. - Coordena\u00e7\u00e3o de Desenvolvimento de Pessoas","isPartOf":{"@id":"https:\/\/institucional.ufrrj.br\/codep\/#website"},"primaryImageOfPage":{"@id":"https:\/\/institucional.ufrrj.br\/codep\/capacitacao-externa-inscricoes-abertas-para-o-curso-lideranca-estrategica-com-ia-na-administracao-publica\/#primaryimage"},"image":{"@id":"https:\/\/institucional.ufrrj.br\/codep\/capacitacao-externa-inscricoes-abertas-para-o-curso-lideranca-estrategica-com-ia-na-administracao-publica\/#primaryimage"},"thumbnailUrl":"https:\/\/institucional.ufrrj.br\/codep\/files\/2026\/03\/Lideranca-Estrategica-com-IA-na-Administracao-Publica.png","datePublished":"2026-03-09T13:34:37+00:00","dateModified":"2026-03-09T13:34:49+00:00","author":{"@id":"https:\/\/institucional.ufrrj.br\/codep\/#\/schema\/person\/9d668597d8c723cdf88e7576a2eb1efa"},"breadcrumb":{"@id":"https:\/\/institucional.ufrrj.br\/codep\/capacitacao-externa-inscricoes-abertas-para-o-curso-lideranca-estrategica-com-ia-na-administracao-publica\/#breadcrumb"},"inLanguage":"pt-BR","potentialAction":[{"@type":"ReadAction","target":["https:\/\/institucional.ufrrj.br\/codep\/capacitacao-externa-inscricoes-abertas-para-o-curso-lideranca-estrategica-com-ia-na-administracao-publica\/"]}]},{"@type":"ImageObject","inLanguage":"pt-BR","@id":"https:\/\/institucional.ufrrj.br\/codep\/capacitacao-externa-inscricoes-abertas-para-o-curso-lideranca-estrategica-com-ia-na-administracao-publica\/#primaryimage","url":"https:\/\/institucional.ufrrj.br\/codep\/files\/2026\/03\/Lideranca-Estrategica-com-IA-na-Administracao-Publica.png","contentUrl":"https:\/\/institucional.ufrrj.br\/codep\/files\/2026\/03\/Lideranca-Estrategica-com-IA-na-Administracao-Publica.png","width":1280,"height":720},{"@type":"BreadcrumbList","@id":"https:\/\/institucional.ufrrj.br\/codep\/capacitacao-externa-inscricoes-abertas-para-o-curso-lideranca-estrategica-com-ia-na-administracao-publica\/#breadcrumb","itemListElement":[{"@type":"ListItem","position":1,"name":"In\u00edcio","item":"https:\/\/institucional.ufrrj.br\/codep\/"},{"@type":"ListItem","position":2,"name":"Capacita\u00e7\u00e3o externa | Inscri\u00e7\u00f5es abertas para o curso: Lideran\u00e7a Estrat\u00e9gica com IA na Administra\u00e7\u00e3o P\u00fablica."}]},{"@type":"WebSite","@id":"https:\/\/institucional.ufrrj.br\/codep\/#website","url":"https:\/\/institucional.ufrrj.br\/codep\/","name":"Coordena\u00e7\u00e3o de Desenvolvimento de Pessoas","description":"S\u00f3 mais um site institucional.ufrrj.br","potentialAction":[{"@type":"SearchAction","target":{"@type":"EntryPoint","urlTemplate":"https:\/\/institucional.ufrrj.br\/codep\/?s={search_term_string}"},"query-input":{"@type":"PropertyValueSpecification","valueRequired":true,"valueName":"search_term_string"}}],"inLanguage":"pt-BR"},{"@type":"Person","@id":"https:\/\/institucional.ufrrj.br\/codep\/#\/schema\/person\/9d668597d8c723cdf88e7576a2eb1efa","name":"larissagralha","image":{"@type":"ImageObject","inLanguage":"pt-BR","@id":"https:\/\/secure.gravatar.com\/avatar\/0f7612636260afb634001c932bfce20d1905d46ca976fe762cbb43192fa8f2d8?s=96&d=mm&r=g","url":"https:\/\/secure.gravatar.com\/avatar\/0f7612636260afb634001c932bfce20d1905d46ca976fe762cbb43192fa8f2d8?s=96&d=mm&r=g","contentUrl":"https:\/\/secure.gravatar.com\/avatar\/0f7612636260afb634001c932bfce20d1905d46ca976fe762cbb43192fa8f2d8?s=96&d=mm&r=g","caption":"larissagralha"},"description":"Chamado - ID: 35529 (Rural - Seropedica), Chamado - ID: 37245 (Rural - Seropedica)","url":"https:\/\/institucional.ufrrj.br\/codep\/author\/larissagralha1\/"}]}},"acf":[],"_links":{"self":[{"href":"https:\/\/institucional.ufrrj.br\/codep\/wp-json\/wp\/v2\/posts\/8285","targetHints":{"allow":["GET"]}}],"collection":[{"href":"https:\/\/institucional.ufrrj.br\/codep\/wp-json\/wp\/v2\/posts"}],"about":[{"href":"https:\/\/institucional.ufrrj.br\/codep\/wp-json\/wp\/v2\/types\/post"}],"author":[{"embeddable":true,"href":"https:\/\/institucional.ufrrj.br\/codep\/wp-json\/wp\/v2\/users\/859"}],"replies":[{"embeddable":true,"href":"https:\/\/institucional.ufrrj.br\/codep\/wp-json\/wp\/v2\/comments?post=8285"}],"version-history":[{"count":2,"href":"https:\/\/institucional.ufrrj.br\/codep\/wp-json\/wp\/v2\/posts\/8285\/revisions"}],"predecessor-version":[{"id":8288,"href":"https:\/\/institucional.ufrrj.br\/codep\/wp-json\/wp\/v2\/posts\/8285\/revisions\/8288"}],"wp:featuredmedia":[{"embeddable":true,"href":"https:\/\/institucional.ufrrj.br\/codep\/wp-json\/wp\/v2\/media\/8286"}],"wp:attachment":[{"href":"https:\/\/institucional.ufrrj.br\/codep\/wp-json\/wp\/v2\/media?parent=8285"}],"wp:term":[{"taxonomy":"category","embeddable":true,"href":"https:\/\/institucional.ufrrj.br\/codep\/wp-json\/wp\/v2\/categories?post=8285"},{"taxonomy":"post_tag","embeddable":true,"href":"https:\/\/institucional.ufrrj.br\/codep\/wp-json\/wp\/v2\/tags?post=8285"}],"curies":[{"name":"wp","href":"https:\/\/api.w.org\/{rel}","templated":true}]}}