{"id":8164,"date":"2026-03-10T16:03:54","date_gmt":"2026-03-10T19:03:54","guid":{"rendered":"https:\/\/institucional.ufrrj.br\/codep\/?p=8164"},"modified":"2026-03-11T15:33:34","modified_gmt":"2026-03-11T18:33:34","slug":"divulgacaodoresultadofinal-do-edital-de-apoio-a-capacitacao-de-servidores-da-ufrrj-em-cursos-eventos-externos-2026","status":"publish","type":"post","link":"https:\/\/institucional.ufrrj.br\/codep\/divulgacaodoresultadofinal-do-edital-de-apoio-a-capacitacao-de-servidores-da-ufrrj-em-cursos-eventos-externos-2026\/","title":{"rendered":"Divulga\u00e7\u00e3o do resultado final do Edital De Apoio \u00e0 Capacita\u00e7\u00e3o De Servidores da UFRRJ em Cursos\/Eventos Externos &#8211; 2026"},"content":{"rendered":"\n<p>A Pr\u00f3-Reitoria de Gest\u00e3o de Pessoas-PROGEP da Universidade Federal Rural do Rio de Janeiro-UFRRJ, por meio da Coordena\u00e7\u00e3o de Desenvolvimento de Pessoas &#8211; CODEP\/DASDP\/PROGEP, no uso de suas atribui\u00e7\u00f5es legais e estatut\u00e1rias, torna p\u00fablica a<strong> abertura de inscri\u00e7\u00f5es no edital de apoio financeiro \u00e0 a\u00e7\u00f5es de desenvolvimento externas \u00e0 UFRRJ<\/strong>, destinado aos servidores t\u00e9cnico-administrativos em educa\u00e7\u00e3o e ao desenvolvimento de compet\u00eancias gerenciais de docentes em cargos de gest\u00e3o do quadro permanente desta Universidade.<\/p>\n\n\n\n<p><strong>OBJETIVO<\/strong><\/p>\n\n\n\n<p>O presente edital tem como objetivo identificar a necessidade de desenvolvimento a ser atendida externamente no ano de 2026, como o prop\u00f3sito de promover o desenvolvimento das compet\u00eancias profissionais e\/ou gerenciais, de servidores p\u00fablicos, t\u00e9cnico-administrativos em educa\u00e7\u00e3o e de servidores docentes em cargos de gest\u00e3o, fomentando a consecu\u00e7\u00e3o da excel\u00eancia dos servi\u00e7os p\u00fablicos prestados ao cidad\u00e3o, a partir de apoio financeiro para participa\u00e7\u00e3o em a\u00e7\u00f5es de desenvolvimento, de curta dura\u00e7\u00e3o, externas \u00e0 UFRRJ.&nbsp;<\/p>\n\n\n\n<p>Enquadram-se como necessidade de desenvolvimento de curta dura\u00e7\u00e3o: cursos, semin\u00e1rios, congressos, f\u00f3runs, encontros e outras a\u00e7\u00f5es, presenciais, \u00e0 dist\u00e2ncia ou h\u00edbridas, que estimulem as compet\u00eancias profissionais e\/ou gerenciais do servidor, realizados por institui\u00e7\u00f5es p\u00fablicas ou privadas com comprovada compet\u00eancia na \u00e1rea.<\/p>\n\n\n\n<p><strong>INSCRI\u00c7\u00d5ES<\/strong><\/p>\n\n\n\n<p>Para efetivar sua inscri\u00e7\u00e3o o candidato dever\u00e1 preencher correta e completamente o Formul\u00e1rio de Inscri\u00e7\u00e3o dispon\u00edvel no Anexo IV, salvar em formato PDF e anexar ao formul\u00e1rio eletr\u00f4nico at\u00e9 o per\u00edodo apresentado no ANEXO I. O link do formul\u00e1rio eletr\u00f4nico est\u00e1 presente no edital.&nbsp;<\/p>\n\n\n\n<p>O servidor poder\u00e1 realizar <strong>apenas<\/strong> <strong>uma inscri\u00e7\u00e3o<\/strong> para obter apoio financeiro para participa\u00e7\u00e3o em a\u00e7\u00e3o de desenvolvimento externa \u00e0 UFRRJ.<\/p>\n\n\n\n<p><strong>ATEN\u00c7\u00c3O: Ressaltamos que \u00e9 de extrema import\u00e2ncia a leitura do edital para o conhecimento e funcionamento de todas as regras de inscri\u00e7\u00f5es e de todos os requisitos necess\u00e1rios para contempla\u00e7\u00e3o.<\/strong><\/p>\n\n\n\n<p class=\"has-text-align-center\"><strong>CRONOGRAMA<\/strong><\/p>\n\n\n\n<p class=\"has-text-align-center\">O per\u00edodo de inscri\u00e7\u00f5es come\u00e7a no dia <strong>15\/01\/2026<\/strong> e ir\u00e1 at\u00e9 o dia&nbsp;<strong>23\/02\/2026<\/strong>.<\/p>\n\n\n\n<p class=\"has-text-align-center\">Confira o cronograma abaixo:<\/p>\n\n\n<div class=\"wp-block-image\">\n<figure class=\"aligncenter size-full is-resized\"><img loading=\"lazy\" decoding=\"async\" width=\"876\" height=\"488\" src=\"https:\/\/institucional.ufrrj.br\/codep\/files\/2026\/01\/WhatsApp-Image-2026-01-14-at-15.56.26.jpeg\" alt=\"\" class=\"wp-image-8166\" style=\"width:703px;height:auto\" srcset=\"https:\/\/institucional.ufrrj.br\/codep\/files\/2026\/01\/WhatsApp-Image-2026-01-14-at-15.56.26.jpeg 876w, https:\/\/institucional.ufrrj.br\/codep\/files\/2026\/01\/WhatsApp-Image-2026-01-14-at-15.56.26-300x167.jpeg 300w, https:\/\/institucional.ufrrj.br\/codep\/files\/2026\/01\/WhatsApp-Image-2026-01-14-at-15.56.26-768x428.jpeg 768w\" sizes=\"auto, (max-width: 876px) 100vw, 876px\" \/><\/figure>\n<\/div>\n\n\n<p><strong>ACESSE AQUI AS PUBLICA\u00c7\u00d5ES REFERENTES AO PROCESSO SELETIVO<\/strong><\/p>\n\n\n\n<p><a href=\"https:\/\/institucional.ufrrj.br\/codep\/files\/2026\/01\/EDITAL-N\u00b0.-012026-\u2013-CODEP-DASDPPROGEP.pdf\">14-01-2026: EDITAL N\u00b0. 01\/2026 \u2013 CODEP\/ DASDP\/PROGEP<\/a><\/p>\n\n\n\n<p><a href=\"https:\/\/institucional.ufrrj.br\/codep\/files\/2026\/03\/2-Homologao_das_inscries-Capacitao_externa_2026.pdf\">25-02-2026: Homologa\u00e7\u00e3o das inscri\u00e7\u00f5es<\/a><\/p>\n\n\n\n<p><a href=\"https:\/\/institucional.ufrrj.br\/codep\/files\/2026\/03\/2.2-06_03_Resultado_Preliminar_2026_Retificado.pdf\">05-03-2026: Resultado Preliminar Retificado<\/a><\/p>\n\n\n\n<p><a href=\"https:\/\/institucional.ufrrj.br\/codep\/files\/2026\/03\/2.3_Resultado_do_recurso.pdf\">10-03-2026: Resultado do Recurso<\/a><\/p>\n\n\n\n<p><a href=\"https:\/\/institucional.ufrrj.br\/codep\/files\/2026\/03\/2.4_Resultado_Final_2026.pdf\">10-03-2026: Resultado Final<\/a><\/p>\n\n\n\n<p><strong>ANEXOS EDIT\u00c1VEIS<\/strong><\/p>\n\n\n\n<p><a href=\"https:\/\/institucional.ufrrj.br\/codep\/files\/2025\/01\/ANEXO-IV-FORMULA%CC%81RIO-DE-INSCRIC%CC%A7A%CC%83O.odt\">Anexo IV \u2013 Formul\u00e1rio De Inscri\u00e7\u00e3o<\/a><\/p>\n\n\n\n<p><a href=\"https:\/\/institucional.ufrrj.br\/codep\/files\/2025\/01\/ANEXO-V.odt\">Anexo V \u2013 Formul\u00e1rio de Recurso<\/a><\/p>\n\n\n\n<p><strong>OUTRAS INFORMA\u00c7\u00d5ES<\/strong><\/p>\n\n\n\n<p><a href=\"https:\/\/institucional.ufrrj.br\/codep\/o-que-e-2\/\">Planos de Desenvolvimento de Pessoas da UFRRJ<\/a><\/p>\n\n\n\n<p>Em caso de d\u00favidas entrar em contato com a CODEP: codep@ufrrj.br e o&nbsp;<a href=\"https:\/\/api.whatsapp.com\/send?phone=552126814674\">WhatsApp Institucional.<\/a><br><\/p>\n","protected":false},"excerpt":{"rendered":"<p>A Pr\u00f3-Reitoria de Gest\u00e3o de Pessoas-PROGEP da Universidade Federal Rural do Rio de Janeiro-UFRRJ, por meio da Coordena\u00e7\u00e3o de Desenvolvimento <a class=\"read-more\" href=\"https:\/\/institucional.ufrrj.br\/codep\/divulgacaodoresultadofinal-do-edital-de-apoio-a-capacitacao-de-servidores-da-ufrrj-em-cursos-eventos-externos-2026\/ \" >&#8230; <span class=\"font-italic\">leia mais <i class=\"fas fa-angle-right\"><\/i><\/span><\/a><\/p>\n","protected":false},"author":859,"featured_media":8293,"comment_status":"open","ping_status":"open","sticky":false,"template":"","format":"standard","meta":{"_acf_changed":false,"footnotes":""},"categories":[15,4],"tags":[],"class_list":["post-8164","post","type-post","status-publish","format-standard","has-post-thumbnail","hentry","category-editais","category-noticias"],"yoast_head":"<!-- This site is optimized with the Yoast SEO plugin v27.2 - https:\/\/yoast.com\/product\/yoast-seo-wordpress\/ -->\n<title>Divulga\u00e7\u00e3o do resultado final do Edital De Apoio \u00e0 Capacita\u00e7\u00e3o De Servidores da UFRRJ em Cursos\/Eventos Externos - 2026 - Coordena\u00e7\u00e3o de Desenvolvimento de Pessoas<\/title>\n<meta name=\"robots\" content=\"index, follow, max-snippet:-1, max-image-preview:large, max-video-preview:-1\" \/>\n<link rel=\"canonical\" href=\"https:\/\/institucional.ufrrj.br\/codep\/divulgacaodoresultadofinal-do-edital-de-apoio-a-capacitacao-de-servidores-da-ufrrj-em-cursos-eventos-externos-2026\/\" \/>\n<meta property=\"og:locale\" content=\"pt_BR\" \/>\n<meta property=\"og:type\" content=\"article\" \/>\n<meta property=\"og:title\" content=\"Divulga\u00e7\u00e3o do resultado final do Edital De Apoio \u00e0 Capacita\u00e7\u00e3o De Servidores da UFRRJ em Cursos\/Eventos Externos - 2026 - Coordena\u00e7\u00e3o de Desenvolvimento de Pessoas\" \/>\n<meta property=\"og:description\" content=\"A Pr\u00f3-Reitoria de Gest\u00e3o de Pessoas-PROGEP da Universidade Federal Rural do Rio de Janeiro-UFRRJ, por meio da Coordena\u00e7\u00e3o de Desenvolvimento ... leia mais\" \/>\n<meta property=\"og:url\" content=\"https:\/\/institucional.ufrrj.br\/codep\/divulgacaodoresultadofinal-do-edital-de-apoio-a-capacitacao-de-servidores-da-ufrrj-em-cursos-eventos-externos-2026\/\" \/>\n<meta property=\"og:site_name\" content=\"Coordena\u00e7\u00e3o de Desenvolvimento de Pessoas\" \/>\n<meta property=\"article:published_time\" content=\"2026-03-10T19:03:54+00:00\" \/>\n<meta property=\"article:modified_time\" content=\"2026-03-11T18:33:34+00:00\" \/>\n<meta property=\"og:image\" content=\"https:\/\/institucional.ufrrj.br\/codep\/files\/2026\/03\/resultado-final-1-1.png\" \/>\n\t<meta property=\"og:image:width\" content=\"1280\" \/>\n\t<meta property=\"og:image:height\" content=\"720\" \/>\n\t<meta property=\"og:image:type\" content=\"image\/png\" \/>\n<meta name=\"author\" content=\"larissagralha\" \/>\n<meta name=\"twitter:card\" content=\"summary_large_image\" \/>\n<meta name=\"twitter:label1\" content=\"Escrito por\" \/>\n\t<meta name=\"twitter:data1\" content=\"larissagralha\" \/>\n\t<meta name=\"twitter:label2\" content=\"Est. tempo de leitura\" \/>\n\t<meta name=\"twitter:data2\" content=\"3 minutos\" \/>\n<script type=\"application\/ld+json\" class=\"yoast-schema-graph\">{\"@context\":\"https:\/\/schema.org\",\"@graph\":[{\"@type\":\"Article\",\"@id\":\"https:\/\/institucional.ufrrj.br\/codep\/divulgacaodoresultadofinal-do-edital-de-apoio-a-capacitacao-de-servidores-da-ufrrj-em-cursos-eventos-externos-2026\/#article\",\"isPartOf\":{\"@id\":\"https:\/\/institucional.ufrrj.br\/codep\/divulgacaodoresultadofinal-do-edital-de-apoio-a-capacitacao-de-servidores-da-ufrrj-em-cursos-eventos-externos-2026\/\"},\"author\":{\"name\":\"larissagralha\",\"@id\":\"https:\/\/institucional.ufrrj.br\/codep\/#\/schema\/person\/9d668597d8c723cdf88e7576a2eb1efa\"},\"headline\":\"Divulga\u00e7\u00e3o do resultado final do Edital De Apoio \u00e0 Capacita\u00e7\u00e3o De Servidores da UFRRJ em Cursos\/Eventos Externos &#8211; 2026\",\"datePublished\":\"2026-03-10T19:03:54+00:00\",\"dateModified\":\"2026-03-11T18:33:34+00:00\",\"mainEntityOfPage\":{\"@id\":\"https:\/\/institucional.ufrrj.br\/codep\/divulgacaodoresultadofinal-do-edital-de-apoio-a-capacitacao-de-servidores-da-ufrrj-em-cursos-eventos-externos-2026\/\"},\"wordCount\":459,\"commentCount\":0,\"image\":{\"@id\":\"https:\/\/institucional.ufrrj.br\/codep\/divulgacaodoresultadofinal-do-edital-de-apoio-a-capacitacao-de-servidores-da-ufrrj-em-cursos-eventos-externos-2026\/#primaryimage\"},\"thumbnailUrl\":\"https:\/\/institucional.ufrrj.br\/codep\/files\/2026\/03\/resultado-final-1-1.png\",\"articleSection\":[\"Editais\",\"Noticias\"],\"inLanguage\":\"pt-BR\",\"potentialAction\":[{\"@type\":\"CommentAction\",\"name\":\"Comment\",\"target\":[\"https:\/\/institucional.ufrrj.br\/codep\/divulgacaodoresultadofinal-do-edital-de-apoio-a-capacitacao-de-servidores-da-ufrrj-em-cursos-eventos-externos-2026\/#respond\"]}]},{\"@type\":\"WebPage\",\"@id\":\"https:\/\/institucional.ufrrj.br\/codep\/divulgacaodoresultadofinal-do-edital-de-apoio-a-capacitacao-de-servidores-da-ufrrj-em-cursos-eventos-externos-2026\/\",\"url\":\"https:\/\/institucional.ufrrj.br\/codep\/divulgacaodoresultadofinal-do-edital-de-apoio-a-capacitacao-de-servidores-da-ufrrj-em-cursos-eventos-externos-2026\/\",\"name\":\"Divulga\u00e7\u00e3o do resultado final do Edital De Apoio \u00e0 Capacita\u00e7\u00e3o De Servidores da UFRRJ em Cursos\/Eventos Externos - 2026 - Coordena\u00e7\u00e3o de Desenvolvimento de Pessoas\",\"isPartOf\":{\"@id\":\"https:\/\/institucional.ufrrj.br\/codep\/#website\"},\"primaryImageOfPage\":{\"@id\":\"https:\/\/institucional.ufrrj.br\/codep\/divulgacaodoresultadofinal-do-edital-de-apoio-a-capacitacao-de-servidores-da-ufrrj-em-cursos-eventos-externos-2026\/#primaryimage\"},\"image\":{\"@id\":\"https:\/\/institucional.ufrrj.br\/codep\/divulgacaodoresultadofinal-do-edital-de-apoio-a-capacitacao-de-servidores-da-ufrrj-em-cursos-eventos-externos-2026\/#primaryimage\"},\"thumbnailUrl\":\"https:\/\/institucional.ufrrj.br\/codep\/files\/2026\/03\/resultado-final-1-1.png\",\"datePublished\":\"2026-03-10T19:03:54+00:00\",\"dateModified\":\"2026-03-11T18:33:34+00:00\",\"author\":{\"@id\":\"https:\/\/institucional.ufrrj.br\/codep\/#\/schema\/person\/9d668597d8c723cdf88e7576a2eb1efa\"},\"breadcrumb\":{\"@id\":\"https:\/\/institucional.ufrrj.br\/codep\/divulgacaodoresultadofinal-do-edital-de-apoio-a-capacitacao-de-servidores-da-ufrrj-em-cursos-eventos-externos-2026\/#breadcrumb\"},\"inLanguage\":\"pt-BR\",\"potentialAction\":[{\"@type\":\"ReadAction\",\"target\":[\"https:\/\/institucional.ufrrj.br\/codep\/divulgacaodoresultadofinal-do-edital-de-apoio-a-capacitacao-de-servidores-da-ufrrj-em-cursos-eventos-externos-2026\/\"]}]},{\"@type\":\"ImageObject\",\"inLanguage\":\"pt-BR\",\"@id\":\"https:\/\/institucional.ufrrj.br\/codep\/divulgacaodoresultadofinal-do-edital-de-apoio-a-capacitacao-de-servidores-da-ufrrj-em-cursos-eventos-externos-2026\/#primaryimage\",\"url\":\"https:\/\/institucional.ufrrj.br\/codep\/files\/2026\/03\/resultado-final-1-1.png\",\"contentUrl\":\"https:\/\/institucional.ufrrj.br\/codep\/files\/2026\/03\/resultado-final-1-1.png\",\"width\":1280,\"height\":720},{\"@type\":\"BreadcrumbList\",\"@id\":\"https:\/\/institucional.ufrrj.br\/codep\/divulgacaodoresultadofinal-do-edital-de-apoio-a-capacitacao-de-servidores-da-ufrrj-em-cursos-eventos-externos-2026\/#breadcrumb\",\"itemListElement\":[{\"@type\":\"ListItem\",\"position\":1,\"name\":\"In\u00edcio\",\"item\":\"https:\/\/institucional.ufrrj.br\/codep\/\"},{\"@type\":\"ListItem\",\"position\":2,\"name\":\"Divulga\u00e7\u00e3o do resultado final do Edital De Apoio \u00e0 Capacita\u00e7\u00e3o De Servidores da UFRRJ em Cursos\/Eventos Externos &#8211; 2026\"}]},{\"@type\":\"WebSite\",\"@id\":\"https:\/\/institucional.ufrrj.br\/codep\/#website\",\"url\":\"https:\/\/institucional.ufrrj.br\/codep\/\",\"name\":\"Coordena\u00e7\u00e3o de Desenvolvimento de Pessoas\",\"description\":\"S\u00f3 mais um site institucional.ufrrj.br\",\"potentialAction\":[{\"@type\":\"SearchAction\",\"target\":{\"@type\":\"EntryPoint\",\"urlTemplate\":\"https:\/\/institucional.ufrrj.br\/codep\/?s={search_term_string}\"},\"query-input\":{\"@type\":\"PropertyValueSpecification\",\"valueRequired\":true,\"valueName\":\"search_term_string\"}}],\"inLanguage\":\"pt-BR\"},{\"@type\":\"Person\",\"@id\":\"https:\/\/institucional.ufrrj.br\/codep\/#\/schema\/person\/9d668597d8c723cdf88e7576a2eb1efa\",\"name\":\"larissagralha\",\"image\":{\"@type\":\"ImageObject\",\"inLanguage\":\"pt-BR\",\"@id\":\"https:\/\/secure.gravatar.com\/avatar\/0f7612636260afb634001c932bfce20d1905d46ca976fe762cbb43192fa8f2d8?s=96&d=mm&r=g\",\"url\":\"https:\/\/secure.gravatar.com\/avatar\/0f7612636260afb634001c932bfce20d1905d46ca976fe762cbb43192fa8f2d8?s=96&d=mm&r=g\",\"contentUrl\":\"https:\/\/secure.gravatar.com\/avatar\/0f7612636260afb634001c932bfce20d1905d46ca976fe762cbb43192fa8f2d8?s=96&d=mm&r=g\",\"caption\":\"larissagralha\"},\"description\":\"Chamado - ID: 35529 (Rural - Seropedica), Chamado - ID: 37245 (Rural - Seropedica)\",\"url\":\"https:\/\/institucional.ufrrj.br\/codep\/author\/larissagralha1\/\"}]}<\/script>\n<!-- \/ Yoast SEO plugin. -->","yoast_head_json":{"title":"Divulga\u00e7\u00e3o do resultado final do Edital De Apoio \u00e0 Capacita\u00e7\u00e3o De Servidores da UFRRJ em Cursos\/Eventos Externos - 2026 - Coordena\u00e7\u00e3o de Desenvolvimento de Pessoas","robots":{"index":"index","follow":"follow","max-snippet":"max-snippet:-1","max-image-preview":"max-image-preview:large","max-video-preview":"max-video-preview:-1"},"canonical":"https:\/\/institucional.ufrrj.br\/codep\/divulgacaodoresultadofinal-do-edital-de-apoio-a-capacitacao-de-servidores-da-ufrrj-em-cursos-eventos-externos-2026\/","og_locale":"pt_BR","og_type":"article","og_title":"Divulga\u00e7\u00e3o do resultado final do Edital De Apoio \u00e0 Capacita\u00e7\u00e3o De Servidores da UFRRJ em Cursos\/Eventos Externos - 2026 - Coordena\u00e7\u00e3o de Desenvolvimento de Pessoas","og_description":"A Pr\u00f3-Reitoria de Gest\u00e3o de Pessoas-PROGEP da Universidade Federal Rural do Rio de Janeiro-UFRRJ, por meio da Coordena\u00e7\u00e3o de Desenvolvimento ... leia mais","og_url":"https:\/\/institucional.ufrrj.br\/codep\/divulgacaodoresultadofinal-do-edital-de-apoio-a-capacitacao-de-servidores-da-ufrrj-em-cursos-eventos-externos-2026\/","og_site_name":"Coordena\u00e7\u00e3o de Desenvolvimento de Pessoas","article_published_time":"2026-03-10T19:03:54+00:00","article_modified_time":"2026-03-11T18:33:34+00:00","og_image":[{"width":1280,"height":720,"url":"https:\/\/institucional.ufrrj.br\/codep\/files\/2026\/03\/resultado-final-1-1.png","type":"image\/png"}],"author":"larissagralha","twitter_card":"summary_large_image","twitter_misc":{"Escrito por":"larissagralha","Est. tempo de leitura":"3 minutos"},"schema":{"@context":"https:\/\/schema.org","@graph":[{"@type":"Article","@id":"https:\/\/institucional.ufrrj.br\/codep\/divulgacaodoresultadofinal-do-edital-de-apoio-a-capacitacao-de-servidores-da-ufrrj-em-cursos-eventos-externos-2026\/#article","isPartOf":{"@id":"https:\/\/institucional.ufrrj.br\/codep\/divulgacaodoresultadofinal-do-edital-de-apoio-a-capacitacao-de-servidores-da-ufrrj-em-cursos-eventos-externos-2026\/"},"author":{"name":"larissagralha","@id":"https:\/\/institucional.ufrrj.br\/codep\/#\/schema\/person\/9d668597d8c723cdf88e7576a2eb1efa"},"headline":"Divulga\u00e7\u00e3o do resultado final do Edital De Apoio \u00e0 Capacita\u00e7\u00e3o De Servidores da UFRRJ em Cursos\/Eventos Externos &#8211; 2026","datePublished":"2026-03-10T19:03:54+00:00","dateModified":"2026-03-11T18:33:34+00:00","mainEntityOfPage":{"@id":"https:\/\/institucional.ufrrj.br\/codep\/divulgacaodoresultadofinal-do-edital-de-apoio-a-capacitacao-de-servidores-da-ufrrj-em-cursos-eventos-externos-2026\/"},"wordCount":459,"commentCount":0,"image":{"@id":"https:\/\/institucional.ufrrj.br\/codep\/divulgacaodoresultadofinal-do-edital-de-apoio-a-capacitacao-de-servidores-da-ufrrj-em-cursos-eventos-externos-2026\/#primaryimage"},"thumbnailUrl":"https:\/\/institucional.ufrrj.br\/codep\/files\/2026\/03\/resultado-final-1-1.png","articleSection":["Editais","Noticias"],"inLanguage":"pt-BR","potentialAction":[{"@type":"CommentAction","name":"Comment","target":["https:\/\/institucional.ufrrj.br\/codep\/divulgacaodoresultadofinal-do-edital-de-apoio-a-capacitacao-de-servidores-da-ufrrj-em-cursos-eventos-externos-2026\/#respond"]}]},{"@type":"WebPage","@id":"https:\/\/institucional.ufrrj.br\/codep\/divulgacaodoresultadofinal-do-edital-de-apoio-a-capacitacao-de-servidores-da-ufrrj-em-cursos-eventos-externos-2026\/","url":"https:\/\/institucional.ufrrj.br\/codep\/divulgacaodoresultadofinal-do-edital-de-apoio-a-capacitacao-de-servidores-da-ufrrj-em-cursos-eventos-externos-2026\/","name":"Divulga\u00e7\u00e3o do resultado final do Edital De Apoio \u00e0 Capacita\u00e7\u00e3o De Servidores da UFRRJ em Cursos\/Eventos Externos - 2026 - Coordena\u00e7\u00e3o de Desenvolvimento de Pessoas","isPartOf":{"@id":"https:\/\/institucional.ufrrj.br\/codep\/#website"},"primaryImageOfPage":{"@id":"https:\/\/institucional.ufrrj.br\/codep\/divulgacaodoresultadofinal-do-edital-de-apoio-a-capacitacao-de-servidores-da-ufrrj-em-cursos-eventos-externos-2026\/#primaryimage"},"image":{"@id":"https:\/\/institucional.ufrrj.br\/codep\/divulgacaodoresultadofinal-do-edital-de-apoio-a-capacitacao-de-servidores-da-ufrrj-em-cursos-eventos-externos-2026\/#primaryimage"},"thumbnailUrl":"https:\/\/institucional.ufrrj.br\/codep\/files\/2026\/03\/resultado-final-1-1.png","datePublished":"2026-03-10T19:03:54+00:00","dateModified":"2026-03-11T18:33:34+00:00","author":{"@id":"https:\/\/institucional.ufrrj.br\/codep\/#\/schema\/person\/9d668597d8c723cdf88e7576a2eb1efa"},"breadcrumb":{"@id":"https:\/\/institucional.ufrrj.br\/codep\/divulgacaodoresultadofinal-do-edital-de-apoio-a-capacitacao-de-servidores-da-ufrrj-em-cursos-eventos-externos-2026\/#breadcrumb"},"inLanguage":"pt-BR","potentialAction":[{"@type":"ReadAction","target":["https:\/\/institucional.ufrrj.br\/codep\/divulgacaodoresultadofinal-do-edital-de-apoio-a-capacitacao-de-servidores-da-ufrrj-em-cursos-eventos-externos-2026\/"]}]},{"@type":"ImageObject","inLanguage":"pt-BR","@id":"https:\/\/institucional.ufrrj.br\/codep\/divulgacaodoresultadofinal-do-edital-de-apoio-a-capacitacao-de-servidores-da-ufrrj-em-cursos-eventos-externos-2026\/#primaryimage","url":"https:\/\/institucional.ufrrj.br\/codep\/files\/2026\/03\/resultado-final-1-1.png","contentUrl":"https:\/\/institucional.ufrrj.br\/codep\/files\/2026\/03\/resultado-final-1-1.png","width":1280,"height":720},{"@type":"BreadcrumbList","@id":"https:\/\/institucional.ufrrj.br\/codep\/divulgacaodoresultadofinal-do-edital-de-apoio-a-capacitacao-de-servidores-da-ufrrj-em-cursos-eventos-externos-2026\/#breadcrumb","itemListElement":[{"@type":"ListItem","position":1,"name":"In\u00edcio","item":"https:\/\/institucional.ufrrj.br\/codep\/"},{"@type":"ListItem","position":2,"name":"Divulga\u00e7\u00e3o do resultado final do Edital De Apoio \u00e0 Capacita\u00e7\u00e3o De Servidores da UFRRJ em Cursos\/Eventos Externos &#8211; 2026"}]},{"@type":"WebSite","@id":"https:\/\/institucional.ufrrj.br\/codep\/#website","url":"https:\/\/institucional.ufrrj.br\/codep\/","name":"Coordena\u00e7\u00e3o de Desenvolvimento de Pessoas","description":"S\u00f3 mais um site institucional.ufrrj.br","potentialAction":[{"@type":"SearchAction","target":{"@type":"EntryPoint","urlTemplate":"https:\/\/institucional.ufrrj.br\/codep\/?s={search_term_string}"},"query-input":{"@type":"PropertyValueSpecification","valueRequired":true,"valueName":"search_term_string"}}],"inLanguage":"pt-BR"},{"@type":"Person","@id":"https:\/\/institucional.ufrrj.br\/codep\/#\/schema\/person\/9d668597d8c723cdf88e7576a2eb1efa","name":"larissagralha","image":{"@type":"ImageObject","inLanguage":"pt-BR","@id":"https:\/\/secure.gravatar.com\/avatar\/0f7612636260afb634001c932bfce20d1905d46ca976fe762cbb43192fa8f2d8?s=96&d=mm&r=g","url":"https:\/\/secure.gravatar.com\/avatar\/0f7612636260afb634001c932bfce20d1905d46ca976fe762cbb43192fa8f2d8?s=96&d=mm&r=g","contentUrl":"https:\/\/secure.gravatar.com\/avatar\/0f7612636260afb634001c932bfce20d1905d46ca976fe762cbb43192fa8f2d8?s=96&d=mm&r=g","caption":"larissagralha"},"description":"Chamado - ID: 35529 (Rural - Seropedica), Chamado - ID: 37245 (Rural - Seropedica)","url":"https:\/\/institucional.ufrrj.br\/codep\/author\/larissagralha1\/"}]}},"acf":[],"_links":{"self":[{"href":"https:\/\/institucional.ufrrj.br\/codep\/wp-json\/wp\/v2\/posts\/8164","targetHints":{"allow":["GET"]}}],"collection":[{"href":"https:\/\/institucional.ufrrj.br\/codep\/wp-json\/wp\/v2\/posts"}],"about":[{"href":"https:\/\/institucional.ufrrj.br\/codep\/wp-json\/wp\/v2\/types\/post"}],"author":[{"embeddable":true,"href":"https:\/\/institucional.ufrrj.br\/codep\/wp-json\/wp\/v2\/users\/859"}],"replies":[{"embeddable":true,"href":"https:\/\/institucional.ufrrj.br\/codep\/wp-json\/wp\/v2\/comments?post=8164"}],"version-history":[{"count":1,"href":"https:\/\/institucional.ufrrj.br\/codep\/wp-json\/wp\/v2\/posts\/8164\/revisions"}],"predecessor-version":[{"id":8300,"href":"https:\/\/institucional.ufrrj.br\/codep\/wp-json\/wp\/v2\/posts\/8164\/revisions\/8300"}],"wp:featuredmedia":[{"embeddable":true,"href":"https:\/\/institucional.ufrrj.br\/codep\/wp-json\/wp\/v2\/media\/8293"}],"wp:attachment":[{"href":"https:\/\/institucional.ufrrj.br\/codep\/wp-json\/wp\/v2\/media?parent=8164"}],"wp:term":[{"taxonomy":"category","embeddable":true,"href":"https:\/\/institucional.ufrrj.br\/codep\/wp-json\/wp\/v2\/categories?post=8164"},{"taxonomy":"post_tag","embeddable":true,"href":"https:\/\/institucional.ufrrj.br\/codep\/wp-json\/wp\/v2\/tags?post=8164"}],"curies":[{"name":"wp","href":"https:\/\/api.w.org\/{rel}","templated":true}]}}