{"id":1726,"date":"2019-03-22T15:52:49","date_gmt":"2019-03-22T18:52:49","guid":{"rendered":"http:\/\/institucional.ufrrj.br\/codep\/?p=1726"},"modified":"2019-07-02T13:47:32","modified_gmt":"2019-07-02T16:47:32","slug":"1726-2","status":"publish","type":"post","link":"https:\/\/institucional.ufrrj.br\/codep\/1726-2\/","title":{"rendered":"I Semana Interna de Preven\u00e7\u00e3o de Acidentes do Trabalho"},"content":{"rendered":"<h4>A <strong>Semana Interna de Preven\u00e7\u00e3o de Acidentes do Trabalho (SIPAT)<\/strong> ter\u00e1 sua primeira edi\u00e7\u00e3o na Universidade Federal Rural do Rio de Janeiro (UFRRJ) em abril deste ano. \u00c9 um evento\u00a0 anual, previsto em legisla\u00e7\u00e3o (Norma Regulamentadora n.\u00ba 05 \u2013 Portaria GM n.\u00ba 3.214, de 8 de junho de 1978), com a finalidade de promover o conhecimento sobre sa\u00fade e seguran\u00e7a no trabalho, atrav\u00e9s de palestras, debates e atividades afins.<\/h4>\n<h4><\/h4>\n<p>&nbsp;<\/p>\n<h4>A SIPAT UFRRJ 2019 tem a proposta de alcan\u00e7ar toda a comunidade universit\u00e1ria: servidores, anistiados, terceirizados e alunos. A inten\u00e7\u00e3o \u00e9 que todos reflitam sobre as quest\u00f5es de sa\u00fade e seguran\u00e7a no trabalho, a fim de iniciar na universidade uma cultura voltada a esta tem\u00e1tica.<\/h4>\n<h4><\/h4>\n<p>&nbsp;<\/p>\n<h4><strong>O evento ocorrer\u00e1 sempre no m\u00eas de abril de cada ano e nos quatro c\u00e2mpus da UFRRJ: Serop\u00e9dica (16\/05), Tr\u00eas Rios (15\/04), Nova Igua\u00e7u (17\/04) e Campos dos Goytacazes (29 e 30\/04)<\/strong>.<\/h4>\n<h4><\/h4>\n<p>&nbsp;<\/p>\n<h4>Para acessar a programa\u00e7\u00e3o <span style=\"color: #3366ff\"><a style=\"color: #3366ff\" href=\"https:\/\/institucional.ufrrj.br\/codep\/files\/2019\/03\/Cartaz-Completo.pdf\" target=\"_blank\" rel=\"noopener noreferrer\">clique aqui<\/a><\/span>.<\/h4>\n<h4><\/h4>\n<p>&nbsp;<\/p>\n<h4><strong><span style=\"color: #ff0000\">Para acessar os certificados:<\/span><\/strong>\u00a0<a href=\"http:\/\/graduacao.im.ufrrj.br\/\" target=\"_blank\" rel=\"noopener noreferrer\"><strong><span style=\"color: #3366ff\">http:\/\/graduacao.im.ufrrj.br<\/span>\u00a0<\/strong><\/a>(Clicar em &#8216;Emita\/Valide seu certificado&#8217;)<\/h4>\n<h4><\/h4>\n<p>&nbsp;<\/p>\n<h4>Fonte: http:\/\/portal.ufrrj.br\/i-semana-interna-de-prevencao-de-acidentes-do-trabalho-na-ufrrj-2019\/<\/h4>\n<h4><\/h4>\n","protected":false},"excerpt":{"rendered":"<p>A Semana Interna de Preven\u00e7\u00e3o de Acidentes do Trabalho (SIPAT) ter\u00e1 sua primeira edi\u00e7\u00e3o na Universidade Federal Rural do Rio <a class=\"read-more\" href=\"https:\/\/institucional.ufrrj.br\/codep\/1726-2\/ \" >&#8230; <span class=\"font-italic\">leia mais <i class=\"fas fa-angle-right\"><\/i><\/span><\/a><\/p>\n","protected":false},"author":546,"featured_media":0,"comment_status":"open","ping_status":"open","sticky":false,"template":"","format":"standard","meta":{"_acf_changed":false,"footnotes":""},"categories":[1],"tags":[],"class_list":["post-1726","post","type-post","status-publish","format-standard","hentry","category-sem-categoria"],"yoast_head":"<!-- This site is optimized with the Yoast SEO plugin v27.2 - https:\/\/yoast.com\/product\/yoast-seo-wordpress\/ -->\n<title>I Semana Interna de Preven\u00e7\u00e3o de Acidentes do Trabalho - Coordena\u00e7\u00e3o de Desenvolvimento de Pessoas<\/title>\n<meta name=\"robots\" content=\"index, follow, max-snippet:-1, max-image-preview:large, max-video-preview:-1\" \/>\n<link rel=\"canonical\" href=\"https:\/\/institucional.ufrrj.br\/codep\/1726-2\/\" \/>\n<meta property=\"og:locale\" content=\"pt_BR\" \/>\n<meta property=\"og:type\" content=\"article\" \/>\n<meta property=\"og:title\" content=\"I Semana Interna de Preven\u00e7\u00e3o de Acidentes do Trabalho - Coordena\u00e7\u00e3o de Desenvolvimento de Pessoas\" \/>\n<meta property=\"og:description\" content=\"A Semana Interna de Preven\u00e7\u00e3o de Acidentes do Trabalho (SIPAT) ter\u00e1 sua primeira edi\u00e7\u00e3o na Universidade Federal Rural do Rio ... leia mais\" \/>\n<meta property=\"og:url\" content=\"https:\/\/institucional.ufrrj.br\/codep\/1726-2\/\" \/>\n<meta property=\"og:site_name\" content=\"Coordena\u00e7\u00e3o de Desenvolvimento de Pessoas\" \/>\n<meta property=\"article:published_time\" content=\"2019-03-22T18:52:49+00:00\" \/>\n<meta property=\"article:modified_time\" content=\"2019-07-02T16:47:32+00:00\" \/>\n<meta name=\"author\" content=\"Ana Cristina de Albuquerque Lima\" \/>\n<meta name=\"twitter:card\" content=\"summary_large_image\" \/>\n<meta name=\"twitter:label1\" content=\"Escrito por\" \/>\n\t<meta name=\"twitter:data1\" content=\"Ana Cristina de Albuquerque Lima\" \/>\n\t<meta name=\"twitter:label2\" content=\"Est. tempo de leitura\" \/>\n\t<meta name=\"twitter:data2\" content=\"1 minuto\" \/>\n<script type=\"application\/ld+json\" class=\"yoast-schema-graph\">{\"@context\":\"https:\/\/schema.org\",\"@graph\":[{\"@type\":\"Article\",\"@id\":\"https:\/\/institucional.ufrrj.br\/codep\/1726-2\/#article\",\"isPartOf\":{\"@id\":\"https:\/\/institucional.ufrrj.br\/codep\/1726-2\/\"},\"author\":{\"name\":\"Ana Cristina de Albuquerque Lima\",\"@id\":\"https:\/\/institucional.ufrrj.br\/codep\/#\/schema\/person\/f9341e247d1ce0b7cc541ffbbf1de42b\"},\"headline\":\"I Semana Interna de Preven\u00e7\u00e3o de Acidentes do Trabalho\",\"datePublished\":\"2019-03-22T18:52:49+00:00\",\"dateModified\":\"2019-07-02T16:47:32+00:00\",\"mainEntityOfPage\":{\"@id\":\"https:\/\/institucional.ufrrj.br\/codep\/1726-2\/\"},\"wordCount\":194,\"commentCount\":0,\"inLanguage\":\"pt-BR\",\"potentialAction\":[{\"@type\":\"CommentAction\",\"name\":\"Comment\",\"target\":[\"https:\/\/institucional.ufrrj.br\/codep\/1726-2\/#respond\"]}]},{\"@type\":\"WebPage\",\"@id\":\"https:\/\/institucional.ufrrj.br\/codep\/1726-2\/\",\"url\":\"https:\/\/institucional.ufrrj.br\/codep\/1726-2\/\",\"name\":\"I Semana Interna de Preven\u00e7\u00e3o de Acidentes do Trabalho - Coordena\u00e7\u00e3o de Desenvolvimento de Pessoas\",\"isPartOf\":{\"@id\":\"https:\/\/institucional.ufrrj.br\/codep\/#website\"},\"datePublished\":\"2019-03-22T18:52:49+00:00\",\"dateModified\":\"2019-07-02T16:47:32+00:00\",\"author\":{\"@id\":\"https:\/\/institucional.ufrrj.br\/codep\/#\/schema\/person\/f9341e247d1ce0b7cc541ffbbf1de42b\"},\"breadcrumb\":{\"@id\":\"https:\/\/institucional.ufrrj.br\/codep\/1726-2\/#breadcrumb\"},\"inLanguage\":\"pt-BR\",\"potentialAction\":[{\"@type\":\"ReadAction\",\"target\":[\"https:\/\/institucional.ufrrj.br\/codep\/1726-2\/\"]}]},{\"@type\":\"BreadcrumbList\",\"@id\":\"https:\/\/institucional.ufrrj.br\/codep\/1726-2\/#breadcrumb\",\"itemListElement\":[{\"@type\":\"ListItem\",\"position\":1,\"name\":\"In\u00edcio\",\"item\":\"https:\/\/institucional.ufrrj.br\/codep\/\"},{\"@type\":\"ListItem\",\"position\":2,\"name\":\"I Semana Interna de Preven\u00e7\u00e3o de Acidentes do Trabalho\"}]},{\"@type\":\"WebSite\",\"@id\":\"https:\/\/institucional.ufrrj.br\/codep\/#website\",\"url\":\"https:\/\/institucional.ufrrj.br\/codep\/\",\"name\":\"Coordena\u00e7\u00e3o de Desenvolvimento de Pessoas\",\"description\":\"S\u00f3 mais um site institucional.ufrrj.br\",\"potentialAction\":[{\"@type\":\"SearchAction\",\"target\":{\"@type\":\"EntryPoint\",\"urlTemplate\":\"https:\/\/institucional.ufrrj.br\/codep\/?s={search_term_string}\"},\"query-input\":{\"@type\":\"PropertyValueSpecification\",\"valueRequired\":true,\"valueName\":\"search_term_string\"}}],\"inLanguage\":\"pt-BR\"},{\"@type\":\"Person\",\"@id\":\"https:\/\/institucional.ufrrj.br\/codep\/#\/schema\/person\/f9341e247d1ce0b7cc541ffbbf1de42b\",\"name\":\"Ana Cristina de Albuquerque Lima\",\"image\":{\"@type\":\"ImageObject\",\"inLanguage\":\"pt-BR\",\"@id\":\"https:\/\/secure.gravatar.com\/avatar\/4f116eb60e040d81d4186c8237116dab3e80e2aaa5cdcaf0c5561d34a501a17f?s=96&d=mm&r=g\",\"url\":\"https:\/\/secure.gravatar.com\/avatar\/4f116eb60e040d81d4186c8237116dab3e80e2aaa5cdcaf0c5561d34a501a17f?s=96&d=mm&r=g\",\"contentUrl\":\"https:\/\/secure.gravatar.com\/avatar\/4f116eb60e040d81d4186c8237116dab3e80e2aaa5cdcaf0c5561d34a501a17f?s=96&d=mm&r=g\",\"caption\":\"Ana Cristina de Albuquerque Lima\"},\"url\":\"https:\/\/institucional.ufrrj.br\/codep\/author\/anac\/\"}]}<\/script>\n<!-- \/ Yoast SEO plugin. -->","yoast_head_json":{"title":"I Semana Interna de Preven\u00e7\u00e3o de Acidentes do Trabalho - Coordena\u00e7\u00e3o de Desenvolvimento de Pessoas","robots":{"index":"index","follow":"follow","max-snippet":"max-snippet:-1","max-image-preview":"max-image-preview:large","max-video-preview":"max-video-preview:-1"},"canonical":"https:\/\/institucional.ufrrj.br\/codep\/1726-2\/","og_locale":"pt_BR","og_type":"article","og_title":"I Semana Interna de Preven\u00e7\u00e3o de Acidentes do Trabalho - Coordena\u00e7\u00e3o de Desenvolvimento de Pessoas","og_description":"A Semana Interna de Preven\u00e7\u00e3o de Acidentes do Trabalho (SIPAT) ter\u00e1 sua primeira edi\u00e7\u00e3o na Universidade Federal Rural do Rio ... leia mais","og_url":"https:\/\/institucional.ufrrj.br\/codep\/1726-2\/","og_site_name":"Coordena\u00e7\u00e3o de Desenvolvimento de Pessoas","article_published_time":"2019-03-22T18:52:49+00:00","article_modified_time":"2019-07-02T16:47:32+00:00","author":"Ana Cristina de Albuquerque Lima","twitter_card":"summary_large_image","twitter_misc":{"Escrito por":"Ana Cristina de Albuquerque Lima","Est. tempo de leitura":"1 minuto"},"schema":{"@context":"https:\/\/schema.org","@graph":[{"@type":"Article","@id":"https:\/\/institucional.ufrrj.br\/codep\/1726-2\/#article","isPartOf":{"@id":"https:\/\/institucional.ufrrj.br\/codep\/1726-2\/"},"author":{"name":"Ana Cristina de Albuquerque Lima","@id":"https:\/\/institucional.ufrrj.br\/codep\/#\/schema\/person\/f9341e247d1ce0b7cc541ffbbf1de42b"},"headline":"I Semana Interna de Preven\u00e7\u00e3o de Acidentes do Trabalho","datePublished":"2019-03-22T18:52:49+00:00","dateModified":"2019-07-02T16:47:32+00:00","mainEntityOfPage":{"@id":"https:\/\/institucional.ufrrj.br\/codep\/1726-2\/"},"wordCount":194,"commentCount":0,"inLanguage":"pt-BR","potentialAction":[{"@type":"CommentAction","name":"Comment","target":["https:\/\/institucional.ufrrj.br\/codep\/1726-2\/#respond"]}]},{"@type":"WebPage","@id":"https:\/\/institucional.ufrrj.br\/codep\/1726-2\/","url":"https:\/\/institucional.ufrrj.br\/codep\/1726-2\/","name":"I Semana Interna de Preven\u00e7\u00e3o de Acidentes do Trabalho - Coordena\u00e7\u00e3o de Desenvolvimento de Pessoas","isPartOf":{"@id":"https:\/\/institucional.ufrrj.br\/codep\/#website"},"datePublished":"2019-03-22T18:52:49+00:00","dateModified":"2019-07-02T16:47:32+00:00","author":{"@id":"https:\/\/institucional.ufrrj.br\/codep\/#\/schema\/person\/f9341e247d1ce0b7cc541ffbbf1de42b"},"breadcrumb":{"@id":"https:\/\/institucional.ufrrj.br\/codep\/1726-2\/#breadcrumb"},"inLanguage":"pt-BR","potentialAction":[{"@type":"ReadAction","target":["https:\/\/institucional.ufrrj.br\/codep\/1726-2\/"]}]},{"@type":"BreadcrumbList","@id":"https:\/\/institucional.ufrrj.br\/codep\/1726-2\/#breadcrumb","itemListElement":[{"@type":"ListItem","position":1,"name":"In\u00edcio","item":"https:\/\/institucional.ufrrj.br\/codep\/"},{"@type":"ListItem","position":2,"name":"I Semana Interna de Preven\u00e7\u00e3o de Acidentes do Trabalho"}]},{"@type":"WebSite","@id":"https:\/\/institucional.ufrrj.br\/codep\/#website","url":"https:\/\/institucional.ufrrj.br\/codep\/","name":"Coordena\u00e7\u00e3o de Desenvolvimento de Pessoas","description":"S\u00f3 mais um site institucional.ufrrj.br","potentialAction":[{"@type":"SearchAction","target":{"@type":"EntryPoint","urlTemplate":"https:\/\/institucional.ufrrj.br\/codep\/?s={search_term_string}"},"query-input":{"@type":"PropertyValueSpecification","valueRequired":true,"valueName":"search_term_string"}}],"inLanguage":"pt-BR"},{"@type":"Person","@id":"https:\/\/institucional.ufrrj.br\/codep\/#\/schema\/person\/f9341e247d1ce0b7cc541ffbbf1de42b","name":"Ana Cristina de Albuquerque Lima","image":{"@type":"ImageObject","inLanguage":"pt-BR","@id":"https:\/\/secure.gravatar.com\/avatar\/4f116eb60e040d81d4186c8237116dab3e80e2aaa5cdcaf0c5561d34a501a17f?s=96&d=mm&r=g","url":"https:\/\/secure.gravatar.com\/avatar\/4f116eb60e040d81d4186c8237116dab3e80e2aaa5cdcaf0c5561d34a501a17f?s=96&d=mm&r=g","contentUrl":"https:\/\/secure.gravatar.com\/avatar\/4f116eb60e040d81d4186c8237116dab3e80e2aaa5cdcaf0c5561d34a501a17f?s=96&d=mm&r=g","caption":"Ana Cristina de Albuquerque Lima"},"url":"https:\/\/institucional.ufrrj.br\/codep\/author\/anac\/"}]}},"acf":[],"_links":{"self":[{"href":"https:\/\/institucional.ufrrj.br\/codep\/wp-json\/wp\/v2\/posts\/1726","targetHints":{"allow":["GET"]}}],"collection":[{"href":"https:\/\/institucional.ufrrj.br\/codep\/wp-json\/wp\/v2\/posts"}],"about":[{"href":"https:\/\/institucional.ufrrj.br\/codep\/wp-json\/wp\/v2\/types\/post"}],"author":[{"embeddable":true,"href":"https:\/\/institucional.ufrrj.br\/codep\/wp-json\/wp\/v2\/users\/546"}],"replies":[{"embeddable":true,"href":"https:\/\/institucional.ufrrj.br\/codep\/wp-json\/wp\/v2\/comments?post=1726"}],"version-history":[{"count":14,"href":"https:\/\/institucional.ufrrj.br\/codep\/wp-json\/wp\/v2\/posts\/1726\/revisions"}],"predecessor-version":[{"id":2108,"href":"https:\/\/institucional.ufrrj.br\/codep\/wp-json\/wp\/v2\/posts\/1726\/revisions\/2108"}],"wp:attachment":[{"href":"https:\/\/institucional.ufrrj.br\/codep\/wp-json\/wp\/v2\/media?parent=1726"}],"wp:term":[{"taxonomy":"category","embeddable":true,"href":"https:\/\/institucional.ufrrj.br\/codep\/wp-json\/wp\/v2\/categories?post=1726"},{"taxonomy":"post_tag","embeddable":true,"href":"https:\/\/institucional.ufrrj.br\/codep\/wp-json\/wp\/v2\/tags?post=1726"}],"curies":[{"name":"wp","href":"https:\/\/api.w.org\/{rel}","templated":true}]}}