{"id":48,"date":"2022-01-05T13:51:50","date_gmt":"2022-01-05T16:51:50","guid":{"rendered":"http:\/\/institucional.ufrrj.br\/ccs\/?p=48"},"modified":"2025-12-23T12:28:21","modified_gmt":"2025-12-23T15:28:21","slug":"manual-da-marca","status":"publish","type":"post","link":"https:\/\/institucional.ufrrj.br\/ccs\/manual-da-marca\/","title":{"rendered":"Manual de Identidade Visual da UFRRJ"},"content":{"rendered":"\n<div class=\"wp-block-image\"><figure class=\"alignleft is-resized\"><a href=\"https:\/\/institucional.ufrrj.br\/ccs\/files\/2019\/06\/Manual-de-Identidade-Visual-da-UFRRJ_V1.2_21.pdf\"><img loading=\"lazy\" decoding=\"async\" src=\"https:\/\/institucional.ufrrj.br\/ccs\/files\/2019\/06\/manual-idendentidade-visual-722x1024.jpeg\" alt=\"\" class=\"wp-image-994\" width=\"269\" height=\"381\" srcset=\"https:\/\/institucional.ufrrj.br\/ccs\/files\/2019\/06\/manual-idendentidade-visual-722x1024.jpeg 722w, https:\/\/institucional.ufrrj.br\/ccs\/files\/2019\/06\/manual-idendentidade-visual-212x300.jpeg 212w, https:\/\/institucional.ufrrj.br\/ccs\/files\/2019\/06\/manual-idendentidade-visual-768x1089.jpeg 768w, https:\/\/institucional.ufrrj.br\/ccs\/files\/2019\/06\/manual-idendentidade-visual.jpeg 903w\" sizes=\"auto, (max-width: 269px) 100vw, 269px\" \/><\/a><\/figure><\/div>\n\n\n\n<p>O <strong>Manual de Identidade Visual da Universidade Federal Rural do Rio de Janeiro (UFRRJ)<\/strong> foi concebido para ser parte fundamental da imagem da institui\u00e7\u00e3o. Este guia cont\u00e9m os padr\u00f5es gr\u00e1ficos e as especifica\u00e7\u00f5es necess\u00e1rias para a cria\u00e7\u00e3o de novos elementos e para atualiza\u00e7\u00e3o dos elementos existentes.<\/p>\n\n\n\n<p>O sucesso de um programa de identidade visual depende do uso cont\u00ednuo e da rigorosa aplica\u00e7\u00e3o das regras estabelecidas neste manual. Em 2016, verificamos a necessidade de expans\u00e3o da nossa Identidade Visual (IDV), contemplando elementos que pudessem proporcionar uma experi\u00eancia completa para o p\u00fablico e a para a comunidade universit\u00e1ria. Assim, a nova Identidade Visual traz outras possibilidades de aplica\u00e7\u00e3o e versatilidade de cria\u00e7\u00e3o nos projetos de comunica\u00e7\u00e3o da Universidade.<\/p>\n\n\n\n<p>Para baixar, clique no link a seguir:\u00a0<a href=\"https:\/\/institucional.ufrrj.br\/ccs\/files\/2019\/06\/Manual-de-Identidade-Visual-da-UFRRJ_V1.2_21.pdf\">Manual de Identidade Visual da UFRRJ <\/a><\/p>\n\n\n\n<p>Para baixar <strong>templates da logomarca da Rural<\/strong>, clique em &#8220;Logomarcas da UFRRJ para download&#8221;, em Servi\u00e7os, na home da CCS.<\/p>\n\n\n\n<div class=\"wp-block-columns has-2-columns is-layout-flex wp-container-core-columns-is-layout-9d6595d7 wp-block-columns-is-layout-flex\">\n<div class=\"wp-block-column is-layout-flow wp-block-column-is-layout-flow\"><\/div>\n\n\n\n<div class=\"wp-block-column is-layout-flow wp-block-column-is-layout-flow\">\n<p><\/p>\n<\/div>\n<\/div>\n\n\n\n<div class=\"wp-block-columns has-2-columns is-layout-flex wp-container-core-columns-is-layout-9d6595d7 wp-block-columns-is-layout-flex\">\n<div class=\"wp-block-column is-layout-flow wp-block-column-is-layout-flow\"><\/div>\n\n\n\n<div class=\"wp-block-column is-layout-flow wp-block-column-is-layout-flow\"><\/div>\n<\/div>\n\n\n\n<div class=\"wp-block-columns has-2-columns is-layout-flex wp-container-core-columns-is-layout-9d6595d7 wp-block-columns-is-layout-flex\">\n<div class=\"wp-block-column is-layout-flow wp-block-column-is-layout-flow\"><\/div>\n\n\n\n<div class=\"wp-block-column is-layout-flow wp-block-column-is-layout-flow\"><\/div>\n<\/div>\n\n\n\n<div class=\"wp-block-columns has-2-columns is-layout-flex wp-container-core-columns-is-layout-9d6595d7 wp-block-columns-is-layout-flex\">\n<div class=\"wp-block-column is-layout-flow wp-block-column-is-layout-flow\"><\/div>\n\n\n\n<div class=\"wp-block-column is-layout-flow wp-block-column-is-layout-flow\"><\/div>\n<\/div>\n\n\n\n<p><\/p>\n","protected":false},"excerpt":{"rendered":"<p>O Manual de Identidade Visual da Universidade Federal Rural do Rio de Janeiro (UFRRJ) foi concebido para ser parte fundamental <a class=\"read-more\" href=\"https:\/\/institucional.ufrrj.br\/ccs\/manual-da-marca\/ \" >&#8230; <span class=\"font-italic\">leia mais <i class=\"fas fa-angle-right\"><\/i><\/span><\/a><\/p>\n","protected":false},"author":634,"featured_media":994,"comment_status":"open","ping_status":"open","sticky":false,"template":"","format":"standard","meta":{"_acf_changed":false,"footnotes":""},"categories":[59,5],"tags":[],"class_list":["post-48","post","type-post","status-publish","format-standard","has-post-thumbnail","hentry","category-manuais","category-publicacoes"],"yoast_head":"<!-- This site is optimized with the Yoast SEO plugin v27.2 - https:\/\/yoast.com\/product\/yoast-seo-wordpress\/ -->\n<title>Manual de Identidade Visual da UFRRJ - Coordenadoria de Comunica\u00e7\u00e3o Social - CCS<\/title>\n<meta name=\"robots\" content=\"index, follow, max-snippet:-1, max-image-preview:large, max-video-preview:-1\" \/>\n<link rel=\"canonical\" href=\"https:\/\/institucional.ufrrj.br\/ccs\/manual-da-marca\/\" \/>\n<meta property=\"og:locale\" content=\"pt_BR\" \/>\n<meta property=\"og:type\" content=\"article\" \/>\n<meta property=\"og:title\" content=\"Manual de Identidade Visual da UFRRJ - Coordenadoria de Comunica\u00e7\u00e3o Social - CCS\" \/>\n<meta property=\"og:description\" content=\"O Manual de Identidade Visual da Universidade Federal Rural do Rio de Janeiro (UFRRJ) foi concebido para ser parte fundamental ... leia mais\" \/>\n<meta property=\"og:url\" content=\"https:\/\/institucional.ufrrj.br\/ccs\/manual-da-marca\/\" \/>\n<meta property=\"og:site_name\" content=\"Coordenadoria de Comunica\u00e7\u00e3o Social - CCS\" \/>\n<meta property=\"article:publisher\" content=\"https:\/\/www.facebook.com\/universidadefederalrural\" \/>\n<meta property=\"article:published_time\" content=\"2022-01-05T16:51:50+00:00\" \/>\n<meta property=\"article:modified_time\" content=\"2025-12-23T15:28:21+00:00\" \/>\n<meta property=\"og:image\" content=\"https:\/\/institucional.ufrrj.br\/ccs\/files\/2019\/06\/manual-idendentidade-visual.jpeg\" \/>\n\t<meta property=\"og:image:width\" content=\"903\" \/>\n\t<meta property=\"og:image:height\" content=\"1280\" \/>\n\t<meta property=\"og:image:type\" content=\"image\/jpeg\" \/>\n<meta name=\"author\" content=\"admin\" \/>\n<meta name=\"twitter:card\" content=\"summary_large_image\" \/>\n<meta name=\"twitter:creator\" content=\"@ufrrjbr\" \/>\n<meta name=\"twitter:site\" content=\"@ufrrjbr\" \/>\n<meta name=\"twitter:label1\" content=\"Escrito por\" \/>\n\t<meta name=\"twitter:data1\" content=\"admin\" \/>\n\t<meta name=\"twitter:label2\" content=\"Est. tempo de leitura\" \/>\n\t<meta name=\"twitter:data2\" content=\"1 minuto\" \/>\n<script type=\"application\/ld+json\" class=\"yoast-schema-graph\">{\"@context\":\"https:\/\/schema.org\",\"@graph\":[{\"@type\":\"Article\",\"@id\":\"https:\/\/institucional.ufrrj.br\/ccs\/manual-da-marca\/#article\",\"isPartOf\":{\"@id\":\"https:\/\/institucional.ufrrj.br\/ccs\/manual-da-marca\/\"},\"author\":{\"name\":\"admin\",\"@id\":\"https:\/\/institucional.ufrrj.br\/ccs\/#\/schema\/person\/fdf8548cd8566148efb17b2b65f2c7b8\"},\"headline\":\"Manual de Identidade Visual da UFRRJ\",\"datePublished\":\"2022-01-05T16:51:50+00:00\",\"dateModified\":\"2025-12-23T15:28:21+00:00\",\"mainEntityOfPage\":{\"@id\":\"https:\/\/institucional.ufrrj.br\/ccs\/manual-da-marca\/\"},\"wordCount\":172,\"commentCount\":0,\"image\":{\"@id\":\"https:\/\/institucional.ufrrj.br\/ccs\/manual-da-marca\/#primaryimage\"},\"thumbnailUrl\":\"https:\/\/institucional.ufrrj.br\/ccs\/files\/2019\/06\/manual-idendentidade-visual.jpeg\",\"articleSection\":[\"Manuais\",\"Publica\u00e7\u00f5es\"],\"inLanguage\":\"pt-BR\",\"potentialAction\":[{\"@type\":\"CommentAction\",\"name\":\"Comment\",\"target\":[\"https:\/\/institucional.ufrrj.br\/ccs\/manual-da-marca\/#respond\"]}]},{\"@type\":\"WebPage\",\"@id\":\"https:\/\/institucional.ufrrj.br\/ccs\/manual-da-marca\/\",\"url\":\"https:\/\/institucional.ufrrj.br\/ccs\/manual-da-marca\/\",\"name\":\"Manual de Identidade Visual da UFRRJ - Coordenadoria de Comunica\u00e7\u00e3o Social - CCS\",\"isPartOf\":{\"@id\":\"https:\/\/institucional.ufrrj.br\/ccs\/#website\"},\"primaryImageOfPage\":{\"@id\":\"https:\/\/institucional.ufrrj.br\/ccs\/manual-da-marca\/#primaryimage\"},\"image\":{\"@id\":\"https:\/\/institucional.ufrrj.br\/ccs\/manual-da-marca\/#primaryimage\"},\"thumbnailUrl\":\"https:\/\/institucional.ufrrj.br\/ccs\/files\/2019\/06\/manual-idendentidade-visual.jpeg\",\"datePublished\":\"2022-01-05T16:51:50+00:00\",\"dateModified\":\"2025-12-23T15:28:21+00:00\",\"author\":{\"@id\":\"https:\/\/institucional.ufrrj.br\/ccs\/#\/schema\/person\/fdf8548cd8566148efb17b2b65f2c7b8\"},\"breadcrumb\":{\"@id\":\"https:\/\/institucional.ufrrj.br\/ccs\/manual-da-marca\/#breadcrumb\"},\"inLanguage\":\"pt-BR\",\"potentialAction\":[{\"@type\":\"ReadAction\",\"target\":[\"https:\/\/institucional.ufrrj.br\/ccs\/manual-da-marca\/\"]}]},{\"@type\":\"ImageObject\",\"inLanguage\":\"pt-BR\",\"@id\":\"https:\/\/institucional.ufrrj.br\/ccs\/manual-da-marca\/#primaryimage\",\"url\":\"https:\/\/institucional.ufrrj.br\/ccs\/files\/2019\/06\/manual-idendentidade-visual.jpeg\",\"contentUrl\":\"https:\/\/institucional.ufrrj.br\/ccs\/files\/2019\/06\/manual-idendentidade-visual.jpeg\",\"width\":903,\"height\":1280},{\"@type\":\"BreadcrumbList\",\"@id\":\"https:\/\/institucional.ufrrj.br\/ccs\/manual-da-marca\/#breadcrumb\",\"itemListElement\":[{\"@type\":\"ListItem\",\"position\":1,\"name\":\"In\u00edcio\",\"item\":\"https:\/\/institucional.ufrrj.br\/ccs\/\"},{\"@type\":\"ListItem\",\"position\":2,\"name\":\"Manual de Identidade Visual da UFRRJ\"}]},{\"@type\":\"WebSite\",\"@id\":\"https:\/\/institucional.ufrrj.br\/ccs\/#website\",\"url\":\"https:\/\/institucional.ufrrj.br\/ccs\/\",\"name\":\"Coordenadoria de Comunica\u00e7\u00e3o Social - CCS\",\"description\":\"Coordenadoria de Comunica\u00e7\u00e3o Social - CCS\",\"potentialAction\":[{\"@type\":\"SearchAction\",\"target\":{\"@type\":\"EntryPoint\",\"urlTemplate\":\"https:\/\/institucional.ufrrj.br\/ccs\/?s={search_term_string}\"},\"query-input\":{\"@type\":\"PropertyValueSpecification\",\"valueRequired\":true,\"valueName\":\"search_term_string\"}}],\"inLanguage\":\"pt-BR\"},{\"@type\":\"Person\",\"@id\":\"https:\/\/institucional.ufrrj.br\/ccs\/#\/schema\/person\/fdf8548cd8566148efb17b2b65f2c7b8\",\"name\":\"admin\",\"image\":{\"@type\":\"ImageObject\",\"inLanguage\":\"pt-BR\",\"@id\":\"https:\/\/secure.gravatar.com\/avatar\/f193e07796826f6166a442020f4f314b432bae257aad4de7199dd1c314007c3d?s=96&d=mm&r=g\",\"url\":\"https:\/\/secure.gravatar.com\/avatar\/f193e07796826f6166a442020f4f314b432bae257aad4de7199dd1c314007c3d?s=96&d=mm&r=g\",\"contentUrl\":\"https:\/\/secure.gravatar.com\/avatar\/f193e07796826f6166a442020f4f314b432bae257aad4de7199dd1c314007c3d?s=96&d=mm&r=g\",\"caption\":\"admin\"},\"url\":\"https:\/\/institucional.ufrrj.br\/ccs\/author\/admin\/\"}]}<\/script>\n<!-- \/ Yoast SEO plugin. -->","yoast_head_json":{"title":"Manual de Identidade Visual da UFRRJ - Coordenadoria de Comunica\u00e7\u00e3o Social - CCS","robots":{"index":"index","follow":"follow","max-snippet":"max-snippet:-1","max-image-preview":"max-image-preview:large","max-video-preview":"max-video-preview:-1"},"canonical":"https:\/\/institucional.ufrrj.br\/ccs\/manual-da-marca\/","og_locale":"pt_BR","og_type":"article","og_title":"Manual de Identidade Visual da UFRRJ - Coordenadoria de Comunica\u00e7\u00e3o Social - CCS","og_description":"O Manual de Identidade Visual da Universidade Federal Rural do Rio de Janeiro (UFRRJ) foi concebido para ser parte fundamental ... leia mais","og_url":"https:\/\/institucional.ufrrj.br\/ccs\/manual-da-marca\/","og_site_name":"Coordenadoria de Comunica\u00e7\u00e3o Social - CCS","article_publisher":"https:\/\/www.facebook.com\/universidadefederalrural","article_published_time":"2022-01-05T16:51:50+00:00","article_modified_time":"2025-12-23T15:28:21+00:00","og_image":[{"width":903,"height":1280,"url":"https:\/\/institucional.ufrrj.br\/ccs\/files\/2019\/06\/manual-idendentidade-visual.jpeg","type":"image\/jpeg"}],"author":"admin","twitter_card":"summary_large_image","twitter_creator":"@ufrrjbr","twitter_site":"@ufrrjbr","twitter_misc":{"Escrito por":"admin","Est. tempo de leitura":"1 minuto"},"schema":{"@context":"https:\/\/schema.org","@graph":[{"@type":"Article","@id":"https:\/\/institucional.ufrrj.br\/ccs\/manual-da-marca\/#article","isPartOf":{"@id":"https:\/\/institucional.ufrrj.br\/ccs\/manual-da-marca\/"},"author":{"name":"admin","@id":"https:\/\/institucional.ufrrj.br\/ccs\/#\/schema\/person\/fdf8548cd8566148efb17b2b65f2c7b8"},"headline":"Manual de Identidade Visual da UFRRJ","datePublished":"2022-01-05T16:51:50+00:00","dateModified":"2025-12-23T15:28:21+00:00","mainEntityOfPage":{"@id":"https:\/\/institucional.ufrrj.br\/ccs\/manual-da-marca\/"},"wordCount":172,"commentCount":0,"image":{"@id":"https:\/\/institucional.ufrrj.br\/ccs\/manual-da-marca\/#primaryimage"},"thumbnailUrl":"https:\/\/institucional.ufrrj.br\/ccs\/files\/2019\/06\/manual-idendentidade-visual.jpeg","articleSection":["Manuais","Publica\u00e7\u00f5es"],"inLanguage":"pt-BR","potentialAction":[{"@type":"CommentAction","name":"Comment","target":["https:\/\/institucional.ufrrj.br\/ccs\/manual-da-marca\/#respond"]}]},{"@type":"WebPage","@id":"https:\/\/institucional.ufrrj.br\/ccs\/manual-da-marca\/","url":"https:\/\/institucional.ufrrj.br\/ccs\/manual-da-marca\/","name":"Manual de Identidade Visual da UFRRJ - Coordenadoria de Comunica\u00e7\u00e3o Social - CCS","isPartOf":{"@id":"https:\/\/institucional.ufrrj.br\/ccs\/#website"},"primaryImageOfPage":{"@id":"https:\/\/institucional.ufrrj.br\/ccs\/manual-da-marca\/#primaryimage"},"image":{"@id":"https:\/\/institucional.ufrrj.br\/ccs\/manual-da-marca\/#primaryimage"},"thumbnailUrl":"https:\/\/institucional.ufrrj.br\/ccs\/files\/2019\/06\/manual-idendentidade-visual.jpeg","datePublished":"2022-01-05T16:51:50+00:00","dateModified":"2025-12-23T15:28:21+00:00","author":{"@id":"https:\/\/institucional.ufrrj.br\/ccs\/#\/schema\/person\/fdf8548cd8566148efb17b2b65f2c7b8"},"breadcrumb":{"@id":"https:\/\/institucional.ufrrj.br\/ccs\/manual-da-marca\/#breadcrumb"},"inLanguage":"pt-BR","potentialAction":[{"@type":"ReadAction","target":["https:\/\/institucional.ufrrj.br\/ccs\/manual-da-marca\/"]}]},{"@type":"ImageObject","inLanguage":"pt-BR","@id":"https:\/\/institucional.ufrrj.br\/ccs\/manual-da-marca\/#primaryimage","url":"https:\/\/institucional.ufrrj.br\/ccs\/files\/2019\/06\/manual-idendentidade-visual.jpeg","contentUrl":"https:\/\/institucional.ufrrj.br\/ccs\/files\/2019\/06\/manual-idendentidade-visual.jpeg","width":903,"height":1280},{"@type":"BreadcrumbList","@id":"https:\/\/institucional.ufrrj.br\/ccs\/manual-da-marca\/#breadcrumb","itemListElement":[{"@type":"ListItem","position":1,"name":"In\u00edcio","item":"https:\/\/institucional.ufrrj.br\/ccs\/"},{"@type":"ListItem","position":2,"name":"Manual de Identidade Visual da UFRRJ"}]},{"@type":"WebSite","@id":"https:\/\/institucional.ufrrj.br\/ccs\/#website","url":"https:\/\/institucional.ufrrj.br\/ccs\/","name":"Coordenadoria de Comunica\u00e7\u00e3o Social - CCS","description":"Coordenadoria de Comunica\u00e7\u00e3o Social - CCS","potentialAction":[{"@type":"SearchAction","target":{"@type":"EntryPoint","urlTemplate":"https:\/\/institucional.ufrrj.br\/ccs\/?s={search_term_string}"},"query-input":{"@type":"PropertyValueSpecification","valueRequired":true,"valueName":"search_term_string"}}],"inLanguage":"pt-BR"},{"@type":"Person","@id":"https:\/\/institucional.ufrrj.br\/ccs\/#\/schema\/person\/fdf8548cd8566148efb17b2b65f2c7b8","name":"admin","image":{"@type":"ImageObject","inLanguage":"pt-BR","@id":"https:\/\/secure.gravatar.com\/avatar\/f193e07796826f6166a442020f4f314b432bae257aad4de7199dd1c314007c3d?s=96&d=mm&r=g","url":"https:\/\/secure.gravatar.com\/avatar\/f193e07796826f6166a442020f4f314b432bae257aad4de7199dd1c314007c3d?s=96&d=mm&r=g","contentUrl":"https:\/\/secure.gravatar.com\/avatar\/f193e07796826f6166a442020f4f314b432bae257aad4de7199dd1c314007c3d?s=96&d=mm&r=g","caption":"admin"},"url":"https:\/\/institucional.ufrrj.br\/ccs\/author\/admin\/"}]}},"acf":[],"_links":{"self":[{"href":"https:\/\/institucional.ufrrj.br\/ccs\/wp-json\/wp\/v2\/posts\/48","targetHints":{"allow":["GET"]}}],"collection":[{"href":"https:\/\/institucional.ufrrj.br\/ccs\/wp-json\/wp\/v2\/posts"}],"about":[{"href":"https:\/\/institucional.ufrrj.br\/ccs\/wp-json\/wp\/v2\/types\/post"}],"author":[{"embeddable":true,"href":"https:\/\/institucional.ufrrj.br\/ccs\/wp-json\/wp\/v2\/users\/634"}],"replies":[{"embeddable":true,"href":"https:\/\/institucional.ufrrj.br\/ccs\/wp-json\/wp\/v2\/comments?post=48"}],"version-history":[{"count":140,"href":"https:\/\/institucional.ufrrj.br\/ccs\/wp-json\/wp\/v2\/posts\/48\/revisions"}],"predecessor-version":[{"id":1282,"href":"https:\/\/institucional.ufrrj.br\/ccs\/wp-json\/wp\/v2\/posts\/48\/revisions\/1282"}],"wp:featuredmedia":[{"embeddable":true,"href":"https:\/\/institucional.ufrrj.br\/ccs\/wp-json\/wp\/v2\/media\/994"}],"wp:attachment":[{"href":"https:\/\/institucional.ufrrj.br\/ccs\/wp-json\/wp\/v2\/media?parent=48"}],"wp:term":[{"taxonomy":"category","embeddable":true,"href":"https:\/\/institucional.ufrrj.br\/ccs\/wp-json\/wp\/v2\/categories?post=48"},{"taxonomy":"post_tag","embeddable":true,"href":"https:\/\/institucional.ufrrj.br\/ccs\/wp-json\/wp\/v2\/tags?post=48"}],"curies":[{"name":"wp","href":"https:\/\/api.w.org\/{rel}","templated":true}]}}