{"id":2582,"date":"2026-08-31T13:50:01","date_gmt":"2026-08-31T16:50:01","guid":{"rendered":"https:\/\/institucional.ufrrj.br\/ccs\/?p=2582"},"modified":"2026-09-01T10:23:04","modified_gmt":"2026-09-01T13:23:04","slug":"ccs-entrega-ao-centro-de-memoria-publicacao-sobre-os-115-anos-da-ufrrj","status":"publish","type":"post","link":"https:\/\/institucional.ufrrj.br\/ccs\/ccs-entrega-ao-centro-de-memoria-publicacao-sobre-os-115-anos-da-ufrrj\/","title":{"rendered":"CCS entrega ao Centro de Mem\u00f3ria publica\u00e7\u00e3o sobre os 115 anos da UFRRJ"},"content":{"rendered":"<div class=\"wp-block-image\">\n<figure class=\"aligncenter size-large\"><a href=\"https:\/\/institucional.ufrrj.br\/ccs\/files\/2026\/08\/115-anos_doacao-da-publicacao-ao-Centro-de-Memoria_1-scaled.jpg\"><img loading=\"lazy\" decoding=\"async\" width=\"1024\" height=\"681\" src=\"https:\/\/institucional.ufrrj.br\/ccs\/files\/2026\/08\/115-anos_doacao-da-publicacao-ao-Centro-de-Memoria_1-1024x681.jpg\" alt=\"\" class=\"wp-image-2583\" srcset=\"https:\/\/institucional.ufrrj.br\/ccs\/files\/2026\/08\/115-anos_doacao-da-publicacao-ao-Centro-de-Memoria_1-1024x681.jpg 1024w, https:\/\/institucional.ufrrj.br\/ccs\/files\/2026\/08\/115-anos_doacao-da-publicacao-ao-Centro-de-Memoria_1-300x199.jpg 300w, https:\/\/institucional.ufrrj.br\/ccs\/files\/2026\/08\/115-anos_doacao-da-publicacao-ao-Centro-de-Memoria_1-768x511.jpg 768w, https:\/\/institucional.ufrrj.br\/ccs\/files\/2026\/08\/115-anos_doacao-da-publicacao-ao-Centro-de-Memoria_1-1536x1021.jpg 1536w, https:\/\/institucional.ufrrj.br\/ccs\/files\/2026\/08\/115-anos_doacao-da-publicacao-ao-Centro-de-Memoria_1-2048x1362.jpg 2048w\" sizes=\"auto, (max-width: 1024px) 100vw, 1024px\" \/><\/a><figcaption class=\"wp-element-caption\">A coordenadora de Comunica\u00e7\u00e3o Fernanda Barbosa entrega a publica\u00e7\u00e3o &#8216;UFRRJ 115 anos&#8217; a Thalles Yvson, curador do Centro de Mem\u00f3ria <em>(Foto: Miriam Braz &#8212; CCS\/UFRRJ)<\/em><\/figcaption><\/figure>\n<\/div>\n\n\n<div style=\"height:100px\" aria-hidden=\"true\" class=\"wp-block-spacer\"><\/div>\n\n\n\n<p class=\"wp-block-paragraph\">Entre julho e outubro de 2025, a <strong><a href=\"https:\/\/institucional.ufrrj.br\/ccs\" target=\"_blank\" rel=\"noreferrer noopener\">Coordenadoria de Comunica\u00e7\u00e3o Social (CCS)<\/a><\/strong> publicou uma s\u00e9rie no Portal e em suas redes sociais para celebrar os 115 anos de origem da Universidade Federal Rural do Rio de Janeiro (UFRRJ). Os \u2018posts\u2019 foram muito bem recebidos pelos leitores, o que motivou a CCS a reuni-los numa \u00fanica <strong><a href=\"https:\/\/institucional.ufrrj.br\/ccs\/coordenadoria-de-comunicacao-lanca-edicao-especial-sobre-os-115-anos-da-ufrrj\/\" target=\"_blank\" rel=\"noreferrer noopener\">edi\u00e7\u00e3o em formato PDF, lan\u00e7ada em dezembro passado<\/a><\/strong>. <\/p>\n\n\n\n<div style=\"height:100px\" aria-hidden=\"true\" class=\"wp-block-spacer\"><\/div>\n\n\n\n<p class=\"wp-block-paragraph\">No dia 25 de agosto de 2026, uma vers\u00e3o impressa desta publica\u00e7\u00e3o foi doada ao <strong><a href=\"https:\/\/institucional.ufrrj.br\/cmemoria\/\" target=\"_blank\" rel=\"noreferrer noopener\">Centro de Mem\u00f3ria e Museu Casa do Reitor<\/a><\/strong>. Trata-se de um agradecimento e um reconhecimento de toda a equipe da Comunica\u00e7\u00e3o pelo papel fundamental que o Centro desempenhou na constru\u00e7\u00e3o do conte\u00fado da s\u00e9rie, especialmente na cess\u00e3o das fotografias hist\u00f3ricas que ilustraram boa parte do trabalho.<\/p>\n\n\n\n<div style=\"height:100px\" aria-hidden=\"true\" class=\"wp-block-spacer\"><\/div>\n\n\n\n<p class=\"wp-block-paragraph\">A doa\u00e7\u00e3o foi realizada na pr\u00f3pria sede do Centro de Mem\u00f3ria (CM), c\u00e2mpus Serop\u00e9dica, pela coordenadora de Comunica\u00e7\u00e3o Fernanda Barbosa, idealizadora do projeto. Ela entregou o exemplar a Thalles Yvson, curador do Centro e vice-coordenador do N\u00facleo de Articula\u00e7\u00e3o de Acervos e Cole\u00e7\u00f5es (Naac\/UFRRJ).&nbsp;<\/p>\n\n\n\n<div style=\"height:100px\" aria-hidden=\"true\" class=\"wp-block-spacer\"><\/div>\n\n\n\n<p class=\"wp-block-paragraph\">Tamb\u00e9m participaram os integrantes da CCS envolvidos na edi\u00e7\u00e3o: o <em>designer<\/em> Samuel Tavares Coelho (respons\u00e1vel pelo projeto gr\u00e1fico), a jornalista Miriam Braz (autora de parte das fotografias) e o jornalista Jo\u00e3o Henrique Oliveira (pesquisa e texto final). A impress\u00e3o do material ficou sob responsabilidade de outro membro da equipe: o <em>designer<\/em> Alexandre de Souza Souto.<\/p>\n\n\n\n<div style=\"height:100px\" aria-hidden=\"true\" class=\"wp-block-spacer\"><\/div>\n\n\n<div class=\"wp-block-image\">\n<figure class=\"aligncenter size-large\"><a href=\"https:\/\/institucional.ufrrj.br\/ccs\/files\/2026\/08\/115-anos_doacao-da-publicacao-ao-Centro-de-Memoria_4-scaled.jpg\"><img loading=\"lazy\" decoding=\"async\" width=\"1024\" height=\"678\" src=\"https:\/\/institucional.ufrrj.br\/ccs\/files\/2026\/08\/115-anos_doacao-da-publicacao-ao-Centro-de-Memoria_4-1024x678.jpg\" alt=\"\" class=\"wp-image-2584\" srcset=\"https:\/\/institucional.ufrrj.br\/ccs\/files\/2026\/08\/115-anos_doacao-da-publicacao-ao-Centro-de-Memoria_4-1024x678.jpg 1024w, https:\/\/institucional.ufrrj.br\/ccs\/files\/2026\/08\/115-anos_doacao-da-publicacao-ao-Centro-de-Memoria_4-300x199.jpg 300w, https:\/\/institucional.ufrrj.br\/ccs\/files\/2026\/08\/115-anos_doacao-da-publicacao-ao-Centro-de-Memoria_4-768x509.jpg 768w, https:\/\/institucional.ufrrj.br\/ccs\/files\/2026\/08\/115-anos_doacao-da-publicacao-ao-Centro-de-Memoria_4-1536x1017.jpg 1536w, https:\/\/institucional.ufrrj.br\/ccs\/files\/2026\/08\/115-anos_doacao-da-publicacao-ao-Centro-de-Memoria_4-2048x1356.jpg 2048w\" sizes=\"auto, (max-width: 1024px) 100vw, 1024px\" \/><\/a><figcaption class=\"wp-element-caption\">Thalles Yvson, com o exemplar na m\u00e3o, ao lado da equipe que elaborou a edi\u00e7\u00e3o (<em>da esq. \u00e0 dir.<\/em>): Samuel Tavares Coelho, Miriam Braz e Jo\u00e3o Henrique Oliveira (<em>Foto: Fernanda Barbosa &#8212; CCS\/UFRRJ<\/em>) <\/figcaption><\/figure>\n<\/div>\n\n\n<div style=\"height:100px\" aria-hidden=\"true\" class=\"wp-block-spacer\"><\/div>\n\n\n\n<h5 class=\"wp-block-heading\"><strong>Parceria fundamental<\/strong><\/h5>\n\n\n\n<div style=\"height:100px\" aria-hidden=\"true\" class=\"wp-block-spacer\"><\/div>\n\n\n\n<p class=\"wp-block-paragraph\">Desde a fase inicial do projeto, o CM foi um parceiro fundamental da CCS, possibilitando a cria\u00e7\u00e3o de uma edi\u00e7\u00e3o ricamente ilustrada. Se n\u00e3o fossem as imagens de seu acervo, gentilmente cedidas, tr\u00eas ter\u00e7os da s\u00e9rie seriam somente um amontoado de texto e informa\u00e7\u00f5es hist\u00f3ricas. Al\u00e9m disso, o Centro tamb\u00e9m foi um aliado na divulga\u00e7\u00e3o da s\u00e9rie, atuando como colaborador das postagens em sua <strong><a href=\"https:\/\/www.instagram.com\/cm.ufrrj\/\" target=\"_blank\" rel=\"noreferrer noopener\">p\u00e1gina no Instagram<\/a><\/strong>. <\/p>\n\n\n\n<div style=\"height:100px\" aria-hidden=\"true\" class=\"wp-block-spacer\"><\/div>\n\n\n\n<p class=\"wp-block-paragraph\">As fotografias do CM serviram como verdadeiras \u201cm\u00e1quinas do tempo\u201d que viajaram pelas primeiras d\u00e9cadas da institui\u00e7\u00e3o (de 1910 a 1948); por sua instala\u00e7\u00e3o em Serop\u00e9dica (a partir do final dos anos 40); pelos tempos de resist\u00eancia \u00e0 ditadura (anos 60 a 80); e pelos primeiros passos na consolida\u00e7\u00e3o de sua democracia interna (a partir da d\u00e9cada de 90). Desde pr\u00e9dios em constru\u00e7\u00e3o at\u00e9 cenas do cotidiano dos estudantes, as imagens ilustram como a Universidade passou por desafios e transforma\u00e7\u00f5es que foram vividos em compasso com as mudan\u00e7as na sociedade brasileira e no mundo.<\/p>\n\n\n\n<div style=\"height:100px\" aria-hidden=\"true\" class=\"wp-block-spacer\"><\/div>\n\n\n\n<p class=\"wp-block-paragraph\">Na visita ao Centro de Mem\u00f3ria\/Museu Casa do Reitor, a equipe da CCS p\u00f4de experimentar igualmente um \u201cefeito m\u00e1quina do tempo\u201d, proporcionado tanto pela arquitetura da resid\u00eancia \u2013 que no passado hospedava os reitores \u2013 quanto pelos objetos que comp\u00f5em a exposi\u00e7\u00e3o permanente realizada no local. De acordo com o curador, a configura\u00e7\u00e3o do espa\u00e7o foi pensada exatamente para refazer o percurso da institui\u00e7\u00e3o, desde suas ra\u00edzes em 1910 \u2013 com a cria\u00e7\u00e3o da Escola Superior de Agricultura e Medicina Veterin\u00e1ria (Esamv) \u2013 at\u00e9 os momentos vividos a partir da inaugura\u00e7\u00e3o do c\u00e2mpus de Serop\u00e9dica.&nbsp;<\/p>\n\n\n\n<div style=\"height:100px\" aria-hidden=\"true\" class=\"wp-block-spacer\"><\/div>\n\n\n\n<figure class=\"wp-block-gallery has-nested-images columns-default is-cropped wp-block-gallery-1 is-layout-flex wp-block-gallery-is-layout-flex\">\n<figure class=\"wp-block-image size-large\"><a href=\"https:\/\/institucional.ufrrj.br\/ccs\/files\/2026\/08\/115-anos_doacao-da-publicacao-ao-Centro-de-Memoria_2-scaled.jpg\"><img loading=\"lazy\" decoding=\"async\" width=\"1024\" height=\"738\" data-id=\"2585\" src=\"https:\/\/institucional.ufrrj.br\/ccs\/files\/2026\/08\/115-anos_doacao-da-publicacao-ao-Centro-de-Memoria_2-1024x738.jpg\" alt=\"\" class=\"wp-image-2585\" srcset=\"https:\/\/institucional.ufrrj.br\/ccs\/files\/2026\/08\/115-anos_doacao-da-publicacao-ao-Centro-de-Memoria_2-1024x738.jpg 1024w, https:\/\/institucional.ufrrj.br\/ccs\/files\/2026\/08\/115-anos_doacao-da-publicacao-ao-Centro-de-Memoria_2-300x216.jpg 300w, https:\/\/institucional.ufrrj.br\/ccs\/files\/2026\/08\/115-anos_doacao-da-publicacao-ao-Centro-de-Memoria_2-768x553.jpg 768w, https:\/\/institucional.ufrrj.br\/ccs\/files\/2026\/08\/115-anos_doacao-da-publicacao-ao-Centro-de-Memoria_2-1536x1107.jpg 1536w, https:\/\/institucional.ufrrj.br\/ccs\/files\/2026\/08\/115-anos_doacao-da-publicacao-ao-Centro-de-Memoria_2-2048x1475.jpg 2048w\" sizes=\"auto, (max-width: 1024px) 100vw, 1024px\" \/><\/a><figcaption class=\"wp-element-caption\">O Centro de Mem\u00f3ria foi um parceiro fundamental da CCS, possibilitando a cria\u00e7\u00e3o de uma edi\u00e7\u00e3o ricamente ilustrada<\/figcaption><\/figure>\n\n\n\n<figure class=\"wp-block-image size-large\"><a href=\"https:\/\/institucional.ufrrj.br\/ccs\/files\/2026\/08\/115-anos_doacao-da-publicacao-ao-Centro-de-Memoria_3-scaled.jpg\"><img loading=\"lazy\" decoding=\"async\" width=\"1024\" height=\"951\" data-id=\"2587\" src=\"https:\/\/institucional.ufrrj.br\/ccs\/files\/2026\/08\/115-anos_doacao-da-publicacao-ao-Centro-de-Memoria_3-1024x951.jpg\" alt=\"\" class=\"wp-image-2587\" srcset=\"https:\/\/institucional.ufrrj.br\/ccs\/files\/2026\/08\/115-anos_doacao-da-publicacao-ao-Centro-de-Memoria_3-1024x951.jpg 1024w, https:\/\/institucional.ufrrj.br\/ccs\/files\/2026\/08\/115-anos_doacao-da-publicacao-ao-Centro-de-Memoria_3-300x279.jpg 300w, https:\/\/institucional.ufrrj.br\/ccs\/files\/2026\/08\/115-anos_doacao-da-publicacao-ao-Centro-de-Memoria_3-768x713.jpg 768w, https:\/\/institucional.ufrrj.br\/ccs\/files\/2026\/08\/115-anos_doacao-da-publicacao-ao-Centro-de-Memoria_3-1536x1426.jpg 1536w, https:\/\/institucional.ufrrj.br\/ccs\/files\/2026\/08\/115-anos_doacao-da-publicacao-ao-Centro-de-Memoria_3-2048x1902.jpg 2048w\" sizes=\"auto, (max-width: 1024px) 100vw, 1024px\" \/><\/a><figcaption class=\"wp-element-caption\">Al\u00e9m de curador do CM, Thalles Yvson \u00e9 vice-coordenador do N\u00facleo de Articula\u00e7\u00e3o de Acervos e Cole\u00e7\u00f5es (Naac\/UFRRJ)<\/figcaption><\/figure>\n\n\n\n<figure class=\"wp-block-image size-large\"><a href=\"https:\/\/institucional.ufrrj.br\/ccs\/files\/2026\/08\/115-anos_doacao-da-publicacao-ao-Centro-de-Memoria_5-scaled.jpg\"><img loading=\"lazy\" decoding=\"async\" width=\"777\" height=\"1024\" data-id=\"2586\" src=\"https:\/\/institucional.ufrrj.br\/ccs\/files\/2026\/08\/115-anos_doacao-da-publicacao-ao-Centro-de-Memoria_5-777x1024.jpg\" alt=\"\" class=\"wp-image-2586\" srcset=\"https:\/\/institucional.ufrrj.br\/ccs\/files\/2026\/08\/115-anos_doacao-da-publicacao-ao-Centro-de-Memoria_5-777x1024.jpg 777w, https:\/\/institucional.ufrrj.br\/ccs\/files\/2026\/08\/115-anos_doacao-da-publicacao-ao-Centro-de-Memoria_5-228x300.jpg 228w, https:\/\/institucional.ufrrj.br\/ccs\/files\/2026\/08\/115-anos_doacao-da-publicacao-ao-Centro-de-Memoria_5-768x1012.jpg 768w, https:\/\/institucional.ufrrj.br\/ccs\/files\/2026\/08\/115-anos_doacao-da-publicacao-ao-Centro-de-Memoria_5-1165x1536.jpg 1165w, https:\/\/institucional.ufrrj.br\/ccs\/files\/2026\/08\/115-anos_doacao-da-publicacao-ao-Centro-de-Memoria_5-1554x2048.jpg 1554w, https:\/\/institucional.ufrrj.br\/ccs\/files\/2026\/08\/115-anos_doacao-da-publicacao-ao-Centro-de-Memoria_5-160x210.jpg 160w, https:\/\/institucional.ufrrj.br\/ccs\/files\/2026\/08\/115-anos_doacao-da-publicacao-ao-Centro-de-Memoria_5-scaled.jpg 1942w\" sizes=\"auto, (max-width: 777px) 100vw, 777px\" \/><\/a><figcaption class=\"wp-element-caption\">Duas das volunt\u00e1rias do CM tamb\u00e9m participaram do momento (<em>\u00e0 esq<\/em>.): Camille Lima e Pamela Souza <em>(Fotos: Miriam Braz &#8212; CCS\/UFRRJ)<\/em><\/figcaption><\/figure>\n<\/figure>\n\n\n\n<div style=\"height:100px\" aria-hidden=\"true\" class=\"wp-block-spacer\"><\/div>\n\n\n\n<h5 class=\"wp-block-heading\"><strong>Passado elitista, resist\u00eancias e transforma\u00e7\u00f5es<\/strong><\/h5>\n\n\n\n<div style=\"height:100px\" aria-hidden=\"true\" class=\"wp-block-spacer\"><\/div>\n\n\n\n<p class=\"wp-block-paragraph\">Um dos pontos mais significativos da mostra se encontra na sala que simula um gabinete de reitor. Em cima da antiga mesa, pode-se ver uma galeria com todos os reitores do s\u00e9culo XX. As imagens ali confirmam o passado patriarcal da institui\u00e7\u00e3o, criada para atender aos interesses das elites agr\u00e1rias da Primeira Rep\u00fablica: todos os retratados s\u00e3o homens brancos.&nbsp;<\/p>\n\n\n\n<div style=\"height:100px\" aria-hidden=\"true\" class=\"wp-block-spacer\"><\/div>\n\n\n\n<p class=\"wp-block-paragraph\">\u00c0 esquerda da galeria, uma pilha de fichas remete a um per\u00edodo de desigualdade e racismo estrutural. Os documentos s\u00e3o registros de empregados contratados pelos estudantes da \u00e9poca \u2013&nbsp; filhos das mesmas elites, eles contavam com cozinheiros e gar\u00e7ons para servi-los no restaurante universit\u00e1rio.<\/p>\n\n\n\n<div style=\"height:100px\" aria-hidden=\"true\" class=\"wp-block-spacer\"><\/div>\n\n\n\n<p class=\"wp-block-paragraph\">A primeira ficha \u00e9 de Waldir Santos Silva. Um homem negro nascido em 1921, contratado para ser cozinheiro e tendo conclu\u00eddo apenas o ensino prim\u00e1rio. Um cidad\u00e3o que, no passado da Rural elitista, era um invis\u00edvel da hist\u00f3ria oficial. Hoje, Waldir tem direito a ocupar um expressivo lugar de mem\u00f3ria na exposi\u00e7\u00e3o do CM.<\/p>\n\n\n\n<div style=\"height:100px\" aria-hidden=\"true\" class=\"wp-block-spacer\"><\/div>\n\n\n\n<p class=\"wp-block-paragraph\">Outros detalhes sobre a mesa saltam aos olhos como signos da resist\u00eancia e da transforma\u00e7\u00e3o. Uma aus\u00eancia proposital \u00e9 um sutil (mas eloquente) protesto contra o arb\u00edtrio sofrido nos tempos da ditadura: a foto do interventor nomeado pelo governo militar n\u00e3o foi colocada na moldura. Esse vazio do porta-retrato fala em alto e bom som: ditadura nunca mais!<\/p>\n\n\n\n<div style=\"height:100px\" aria-hidden=\"true\" class=\"wp-block-spacer\"><\/div>\n\n\n\n<p class=\"wp-block-paragraph\">E para demarcar o caminho que a UFRRJ trilhou rumo \u00e0 democracia, outro porta-retrato est\u00e1 de p\u00e9, como se estivesse confrontando altivamente o elitismo e o autoritarismo que j\u00e1 passaram por aqui. A foto \u00e9 do educador Paulo Freire recebendo, em 1993, o t\u00edtulo de Doutor Honoris Causa. Uma imagem que a CCS tamb\u00e9m fez quest\u00e3o de reproduzir em sua edi\u00e7\u00e3o comemorativa dos 115 anos.<\/p>\n\n\n\n<div style=\"height:100px\" aria-hidden=\"true\" class=\"wp-block-spacer\"><\/div>\n\n\n\n<h5 class=\"wp-block-heading\"><strong>A import\u00e2ncia das cole\u00e7\u00f5es cient\u00edficas<\/strong><\/h5>\n\n\n\n<div style=\"height:100px\" aria-hidden=\"true\" class=\"wp-block-spacer\"><\/div>\n\n\n\n<p class=\"wp-block-paragraph\">O Centro de Mem\u00f3ria\/Museu Casa do Reitor \u00e9 um dos sete museus da UFRRJ, reunidos no N\u00facleo de Articula\u00e7\u00e3o de Acervos e Cole\u00e7\u00f5es (Naac), vinculado \u00e0 Pr\u00f3-Reitoria de Extens\u00e3o (Proext). Criado em 2020, o Naac tem como objetivo promover um espa\u00e7o de discuss\u00e3o sobre a import\u00e2ncia das cole\u00e7\u00f5es cient\u00edficas. Al\u00e9m dos museus, o N\u00facleo ainda articula sete cole\u00e7\u00f5es biol\u00f3gicas, tr\u00eas cole\u00e7\u00f5es hist\u00f3ricas\/documentais e tr\u00eas cole\u00e7\u00f5es did\u00e1ticas. O Naac conta com a coordena\u00e7\u00e3o de Andressa Esteves e, como citado anteriormente, com a vice-coordena\u00e7\u00e3o de Thalles Yvson (<em>saiba mais lendo a mat\u00e9ria que publicamos sobre o 5\u00ba anivers\u00e1rio do setor: <a href=\"https:\/\/portal.ufrrj.br\/naac-ufrrj-celebra-5-anos-fortalecendo-a-preservacao-e-difusao-do-patrimonio-cultural\/\" target=\"_blank\" rel=\"noreferrer noopener\">https:\/\/portal.ufrrj.br\/naac-ufrrj-celebra-5-anos-fortalecendo-a-preservacao-e-difusao-do-patrimonio-cultural\/<\/a><\/em> ).<\/p>\n\n\n\n<div style=\"height:100px\" aria-hidden=\"true\" class=\"wp-block-spacer\"><\/div>\n\n\n\n<p class=\"wp-block-paragraph\">Sempre de portas abertas para a visita\u00e7\u00e3o da comunidade, o CM recebe seu maior p\u00fablico especialmente nos momentos de realiza\u00e7\u00e3o de dois grandes eventos da agenda ruralina: a Semanal Rural e a Semana Nacional de Ci\u00eancia e Tecnologia (SNCT). Segundo Yvson, o espa\u00e7o contabilizou 1.200 visitas durante a \u00faltima Semana Rural, realizada de 25 a 31 de maio deste ano. O Centro conta ainda com o apoio de dois bolsistas e 18 volunt\u00e1rios. Duas das volunt\u00e1rias estavam presentes no momento da entrega do exemplar: as estudantes Camille Santos de Lima (Hist\u00f3ria) e Pamela Cristina Souza (Ci\u00eancias Sociais).<\/p>\n\n\n\n<div style=\"height:100px\" aria-hidden=\"true\" class=\"wp-block-spacer\"><\/div>\n\n\n\n<p class=\"wp-block-paragraph\">Com a miss\u00e3o de preservar e salvaguardar acervos que remetem \u00e0 hist\u00f3ria e mem\u00f3ria da UFRRJ, o CM tamb\u00e9m est\u00e1 de bra\u00e7os abertos para receber doa\u00e7\u00f5es de objetos e arquivos &#8212; que podem se transformar em m\u00e1quinas do tempo para nos fazer viajar pelo passado ruralino.<\/p>\n\n\n\n<div style=\"height:100px\" aria-hidden=\"true\" class=\"wp-block-spacer\"><\/div>\n\n\n\n<p class=\"wp-block-paragraph\"><strong>Servi\u00e7o<\/strong><\/p>\n\n\n\n<p class=\"wp-block-paragraph\"><strong><em>Centro de Mem\u00f3ria e Museu Casa do Reitor<\/em><\/strong><\/p>\n\n\n\n<p class=\"wp-block-paragraph\">Instagram: <a href=\"https:\/\/www.instagram.com\/cm.ufrrj\/\" target=\"_blank\" rel=\"noreferrer noopener\">@cm.ufrrj&nbsp;<\/a> &nbsp;&nbsp;<\/p>\n\n\n\n<p class=\"wp-block-paragraph\">Informa\u00e7\u00f5es e agendamento para visita\u00e7\u00e3o: <a href=\"mailto:centrodememoria@ufrrj.br\">centrodememoria@ufrrj.br<\/a><\/p>\n\n\n\n<p class=\"wp-block-paragraph\">Site: <a href=\"https:\/\/institucional.ufrrj.br\/cmemoria\" target=\"_blank\" rel=\"noreferrer noopener\">https:\/\/institucional.ufrrj.br\/cmemoria<\/a>&nbsp;<\/p>\n\n\n\n<div style=\"height:100px\" aria-hidden=\"true\" class=\"wp-block-spacer\"><\/div>\n\n\n\n<p class=\"wp-block-paragraph\"><strong><em>UFRRJ 115 anos<\/em><\/strong><\/p>\n\n\n\n<p class=\"wp-block-paragraph\"><em>S\u00e9rie<\/em><\/p>\n\n\n\n<p class=\"wp-block-paragraph\"><\/p>\n\n\n\n<figure class=\"wp-block-embed is-type-wp-embed is-provider-coordenadoria-de-comunica-o-social-ccs wp-block-embed-coordenadoria-de-comunica-o-social-ccs\"><div class=\"wp-block-embed__wrapper\">\n<blockquote class=\"wp-embedded-content\" data-secret=\"4Mv4g78Gui\"><a href=\"https:\/\/institucional.ufrrj.br\/ccs\/ufrrj-115-anos-do-passado-ao-futuro-uma-universidade-que-se-transforma\/\">UFRRJ 115 anos: do passado ao futuro, uma universidade que se transforma<\/a><\/blockquote><iframe loading=\"lazy\" class=\"wp-embedded-content\" sandbox=\"allow-scripts\" security=\"restricted\" style=\"position: absolute; visibility: hidden;\" title=\"\u201cUFRRJ 115 anos: do passado ao futuro, uma universidade que se transforma\u201d \u2014 Coordenadoria de Comunica\u00e7\u00e3o Social - CCS\" src=\"https:\/\/institucional.ufrrj.br\/ccs\/ufrrj-115-anos-do-passado-ao-futuro-uma-universidade-que-se-transforma\/embed\/#?secret=xtrZKlX4mS#?secret=4Mv4g78Gui\" data-secret=\"4Mv4g78Gui\" width=\"500\" height=\"282\" frameborder=\"0\" marginwidth=\"0\" marginheight=\"0\" scrolling=\"no\"><\/iframe>\n<\/div><\/figure>\n\n\n\n<div style=\"height:100px\" aria-hidden=\"true\" class=\"wp-block-spacer\"><\/div>\n\n\n\n<figure class=\"wp-block-embed is-type-wp-embed is-provider-coordenadoria-de-comunica-o-social-ccs wp-block-embed-coordenadoria-de-comunica-o-social-ccs\"><div class=\"wp-block-embed__wrapper\">\n<blockquote class=\"wp-embedded-content\" data-secret=\"mLkl4nwxad\"><a href=\"https:\/\/institucional.ufrrj.br\/ccs\/ufrrj-115-anos-parte-2-nasce-uma-universidade\/\">UFRRJ 115 anos \u2013 parte 2: nasce uma universidade<\/a><\/blockquote><iframe loading=\"lazy\" class=\"wp-embedded-content\" sandbox=\"allow-scripts\" security=\"restricted\" style=\"position: absolute; visibility: hidden;\" title=\"\u201cUFRRJ 115 anos \u2013 parte 2: nasce uma universidade\u201d \u2014 Coordenadoria de Comunica\u00e7\u00e3o Social - CCS\" src=\"https:\/\/institucional.ufrrj.br\/ccs\/ufrrj-115-anos-parte-2-nasce-uma-universidade\/embed\/#?secret=r41fheRxpP#?secret=mLkl4nwxad\" data-secret=\"mLkl4nwxad\" width=\"500\" height=\"282\" frameborder=\"0\" marginwidth=\"0\" marginheight=\"0\" scrolling=\"no\"><\/iframe>\n<\/div><\/figure>\n\n\n\n<div style=\"height:100px\" aria-hidden=\"true\" class=\"wp-block-spacer\"><\/div>\n\n\n\n<figure class=\"wp-block-embed is-type-wp-embed is-provider-coordenadoria-de-comunica-o-social-ccs wp-block-embed-coordenadoria-de-comunica-o-social-ccs\"><div class=\"wp-block-embed__wrapper\">\n<blockquote class=\"wp-embedded-content\" data-secret=\"1Ub2qfYiIe\"><a href=\"https:\/\/institucional.ufrrj.br\/ccs\/ufrrj-115-anos-parte-3-da-ditadura-a-redemocratizacao\/\">UFRRJ 115 anos \u2013 parte 3: da ditadura \u00e0 redemocratiza\u00e7\u00e3o<\/a><\/blockquote><iframe loading=\"lazy\" class=\"wp-embedded-content\" sandbox=\"allow-scripts\" security=\"restricted\" style=\"position: absolute; visibility: hidden;\" title=\"\u201cUFRRJ 115 anos \u2013 parte 3: da ditadura \u00e0 redemocratiza\u00e7\u00e3o\u201d \u2014 Coordenadoria de Comunica\u00e7\u00e3o Social - CCS\" src=\"https:\/\/institucional.ufrrj.br\/ccs\/ufrrj-115-anos-parte-3-da-ditadura-a-redemocratizacao\/embed\/#?secret=4g9IxlSdyi#?secret=1Ub2qfYiIe\" data-secret=\"1Ub2qfYiIe\" width=\"500\" height=\"282\" frameborder=\"0\" marginwidth=\"0\" marginheight=\"0\" scrolling=\"no\"><\/iframe>\n<\/div><\/figure>\n\n\n\n<div style=\"height:100px\" aria-hidden=\"true\" class=\"wp-block-spacer\"><\/div>\n\n\n\n<figure class=\"wp-block-embed is-type-wp-embed is-provider-coordenadoria-de-comunica-o-social-ccs wp-block-embed-coordenadoria-de-comunica-o-social-ccs\"><div class=\"wp-block-embed__wrapper\">\n<blockquote class=\"wp-embedded-content\" data-secret=\"HSzHSI4P0n\"><a href=\"https:\/\/institucional.ufrrj.br\/ccs\/ufrrj-115-anos-parte-4-a-rural-no-seculo-xxi\/\">UFRRJ 115 anos \u2013 parte 4: a Rural no s\u00e9culo XXI<\/a><\/blockquote><iframe loading=\"lazy\" class=\"wp-embedded-content\" sandbox=\"allow-scripts\" security=\"restricted\" style=\"position: absolute; visibility: hidden;\" title=\"\u201cUFRRJ 115 anos \u2013 parte 4: a Rural no s\u00e9culo XXI\u201d \u2014 Coordenadoria de Comunica\u00e7\u00e3o Social - CCS\" src=\"https:\/\/institucional.ufrrj.br\/ccs\/ufrrj-115-anos-parte-4-a-rural-no-seculo-xxi\/embed\/#?secret=GSuOErsXde#?secret=HSzHSI4P0n\" data-secret=\"HSzHSI4P0n\" width=\"500\" height=\"282\" frameborder=\"0\" marginwidth=\"0\" marginheight=\"0\" scrolling=\"no\"><\/iframe>\n<\/div><\/figure>\n\n\n\n<div style=\"height:100px\" aria-hidden=\"true\" class=\"wp-block-spacer\"><\/div>\n\n\n\n<p class=\"wp-block-paragraph\"><strong>Publica\u00e7\u00e3o especial<\/strong><\/p>\n\n\n\n<figure class=\"wp-block-embed is-type-wp-embed is-provider-coordenadoria-de-comunica-o-social-ccs wp-block-embed-coordenadoria-de-comunica-o-social-ccs\"><div class=\"wp-block-embed__wrapper\">\n<blockquote class=\"wp-embedded-content\" data-secret=\"iL7teQwTUQ\"><a href=\"https:\/\/institucional.ufrrj.br\/ccs\/coordenadoria-de-comunicacao-lanca-edicao-especial-sobre-os-115-anos-da-ufrrj\/\">Coordenadoria de Comunica\u00e7\u00e3o lan\u00e7a edi\u00e7\u00e3o especial sobre os 115 anos da UFRRJ<\/a><\/blockquote><iframe loading=\"lazy\" class=\"wp-embedded-content\" sandbox=\"allow-scripts\" security=\"restricted\" style=\"position: absolute; visibility: hidden;\" title=\"\u201cCoordenadoria de Comunica\u00e7\u00e3o lan\u00e7a edi\u00e7\u00e3o especial sobre os 115 anos da UFRRJ\u201d \u2014 Coordenadoria de Comunica\u00e7\u00e3o Social - CCS\" src=\"https:\/\/institucional.ufrrj.br\/ccs\/coordenadoria-de-comunicacao-lanca-edicao-especial-sobre-os-115-anos-da-ufrrj\/embed\/#?secret=hPkjWSlxq4#?secret=iL7teQwTUQ\" data-secret=\"iL7teQwTUQ\" width=\"500\" height=\"282\" frameborder=\"0\" marginwidth=\"0\" marginheight=\"0\" scrolling=\"no\"><\/iframe>\n<\/div><\/figure>\n\n\n\n<div style=\"height:100px\" aria-hidden=\"true\" class=\"wp-block-spacer\"><\/div>\n\n\n\n<p class=\"wp-block-paragraph\"><strong><em>Texto: Jo\u00e3o Henrique Oliveira (CCS\/UFRRJ)<\/em><\/strong><\/p>\n\n\n\n<p class=\"wp-block-paragraph\"><strong><em>Fotos: Miriam Braz e Fernanda Barbosa (CCS\/UFRRJ)<\/em><\/strong><\/p>\n","protected":false},"excerpt":{"rendered":"<p>Entre julho e outubro de 2025, a Coordenadoria de Comunica\u00e7\u00e3o Social (CCS) publicou uma s\u00e9rie no Portal e em suas <a class=\"read-more\" href=\"https:\/\/institucional.ufrrj.br\/ccs\/ccs-entrega-ao-centro-de-memoria-publicacao-sobre-os-115-anos-da-ufrrj\/ \" >&#8230; <span class=\"font-italic\">leia mais <i class=\"fas fa-angle-right\"><\/i><\/span><\/a><\/p>\n","protected":false},"author":756,"featured_media":2583,"comment_status":"closed","ping_status":"open","sticky":false,"template":"","format":"standard","meta":{"_acf_changed":false,"footnotes":""},"categories":[3],"tags":[91],"class_list":["post-2582","post","type-post","status-publish","format-standard","has-post-thumbnail","hentry","category-noticias","tag-institucional"],"acf":[],"_links":{"self":[{"href":"https:\/\/institucional.ufrrj.br\/ccs\/wp-json\/wp\/v2\/posts\/2582","targetHints":{"allow":["GET"]}}],"collection":[{"href":"https:\/\/institucional.ufrrj.br\/ccs\/wp-json\/wp\/v2\/posts"}],"about":[{"href":"https:\/\/institucional.ufrrj.br\/ccs\/wp-json\/wp\/v2\/types\/post"}],"author":[{"embeddable":true,"href":"https:\/\/institucional.ufrrj.br\/ccs\/wp-json\/wp\/v2\/users\/756"}],"replies":[{"embeddable":true,"href":"https:\/\/institucional.ufrrj.br\/ccs\/wp-json\/wp\/v2\/comments?post=2582"}],"version-history":[{"count":2,"href":"https:\/\/institucional.ufrrj.br\/ccs\/wp-json\/wp\/v2\/posts\/2582\/revisions"}],"predecessor-version":[{"id":2597,"href":"https:\/\/institucional.ufrrj.br\/ccs\/wp-json\/wp\/v2\/posts\/2582\/revisions\/2597"}],"wp:featuredmedia":[{"embeddable":true,"href":"https:\/\/institucional.ufrrj.br\/ccs\/wp-json\/wp\/v2\/media\/2583"}],"wp:attachment":[{"href":"https:\/\/institucional.ufrrj.br\/ccs\/wp-json\/wp\/v2\/media?parent=2582"}],"wp:term":[{"taxonomy":"category","embeddable":true,"href":"https:\/\/institucional.ufrrj.br\/ccs\/wp-json\/wp\/v2\/categories?post=2582"},{"taxonomy":"post_tag","embeddable":true,"href":"https:\/\/institucional.ufrrj.br\/ccs\/wp-json\/wp\/v2\/tags?post=2582"}],"curies":[{"name":"wp","href":"https:\/\/api.w.org\/{rel}","templated":true}]}}