{"id":2576,"date":"2026-08-28T10:43:15","date_gmt":"2026-08-28T13:43:15","guid":{"rendered":"https:\/\/institucional.ufrrj.br\/ccs\/?p=2576"},"modified":"2026-08-28T10:43:16","modified_gmt":"2026-08-28T13:43:16","slug":"abertas-as-inscricoes-do-edital-de-selecao-de-bolsistas-para-atuar-na-area-de-comunicacao-da-ufrrj","status":"publish","type":"post","link":"https:\/\/institucional.ufrrj.br\/ccs\/abertas-as-inscricoes-do-edital-de-selecao-de-bolsistas-para-atuar-na-area-de-comunicacao-da-ufrrj\/","title":{"rendered":"Abertas as inscri\u00e7\u00f5es do edital de sele\u00e7\u00e3o de bolsistas para atuar na \u00e1rea de comunica\u00e7\u00e3o da UFRRJ"},"content":{"rendered":"<div class=\"wp-block-image\">\n<figure class=\"aligncenter size-full is-resized\"><a href=\"https:\/\/institucional.ufrrj.br\/ccs\/files\/2026\/08\/Captura-de-tela-de-2026-08-28-11-00-30.png\"><img loading=\"lazy\" decoding=\"async\" width=\"765\" height=\"401\" src=\"https:\/\/institucional.ufrrj.br\/ccs\/files\/2026\/08\/Captura-de-tela-de-2026-08-28-11-00-30.png\" alt=\"\" class=\"wp-image-2577\" style=\"width:447px;height:auto\" srcset=\"https:\/\/institucional.ufrrj.br\/ccs\/files\/2026\/08\/Captura-de-tela-de-2026-08-28-11-00-30.png 765w, https:\/\/institucional.ufrrj.br\/ccs\/files\/2026\/08\/Captura-de-tela-de-2026-08-28-11-00-30-300x157.png 300w\" sizes=\"auto, (max-width: 765px) 100vw, 765px\" \/><\/a><\/figure>\n<\/div>\n\n\n<div style=\"height:28px\" aria-hidden=\"true\" class=\"wp-block-spacer\"><\/div>\n\n\n\n<p class=\"wp-block-paragraph\">Est\u00e3o abertas as inscri\u00e7\u00f5es, at\u00e9 2 de setembro de 2026, para o <strong>Edital n\u00ba 62\/2026 \u2013 CCS\/PROEXT\/PROGRAD<\/strong> \u2013 Bolsas de Treinamento e Capacita\u00e7\u00e3o em Apoio T\u00e9cnico a Projetos Acad\u00eamicos, que selecionar\u00e1 bolsistas para atuar na \u00e1rea de Comunica\u00e7\u00e3o da Universidade Federal Rural do Rio de Janeiro (UFRRJ).<br><br><br>S\u00e3o 3 (tr\u00eas) vagas para estudantes de gradua\u00e7\u00e3o da UFRRJ matriculados no curso de Jornalismo, a partir do 6\u00ba per\u00edodo \u2013 uma vaga para atua\u00e7\u00e3o na Coordenadoria de Comunica\u00e7\u00e3o Social (CCS), uma vaga para atua\u00e7\u00e3o na Pr\u00f3-reitoria de Gradua\u00e7\u00e3o (Prograd) e uma vaga para atua\u00e7\u00e3o na Pr\u00f3-reitoria de Extens\u00e3o (Proext).<br><br><br>Acesse o edital em: <a href=\"https:\/\/portal.ufrrj.br\/edital-bolsista-comunicacao\/\">https:\/\/portal.ufrrj.br\/edital-bolsista-comunicacao\/<\/a><\/p>\n","protected":false},"excerpt":{"rendered":"<p>Est\u00e3o abertas as inscri\u00e7\u00f5es, at\u00e9 2 de setembro de 2026, para o Edital n\u00ba 62\/2026 \u2013 CCS\/PROEXT\/PROGRAD \u2013 Bolsas de <a class=\"read-more\" href=\"https:\/\/institucional.ufrrj.br\/ccs\/abertas-as-inscricoes-do-edital-de-selecao-de-bolsistas-para-atuar-na-area-de-comunicacao-da-ufrrj\/ \" >&#8230; <span class=\"font-italic\">leia mais <i class=\"fas fa-angle-right\"><\/i><\/span><\/a><\/p>\n","protected":false},"author":774,"featured_media":2577,"comment_status":"closed","ping_status":"open","sticky":false,"template":"","format":"standard","meta":{"_acf_changed":false,"footnotes":""},"categories":[3],"tags":[93],"class_list":["post-2576","post","type-post","status-publish","format-standard","has-post-thumbnail","hentry","category-noticias","tag-academico"],"acf":[],"_links":{"self":[{"href":"https:\/\/institucional.ufrrj.br\/ccs\/wp-json\/wp\/v2\/posts\/2576","targetHints":{"allow":["GET"]}}],"collection":[{"href":"https:\/\/institucional.ufrrj.br\/ccs\/wp-json\/wp\/v2\/posts"}],"about":[{"href":"https:\/\/institucional.ufrrj.br\/ccs\/wp-json\/wp\/v2\/types\/post"}],"author":[{"embeddable":true,"href":"https:\/\/institucional.ufrrj.br\/ccs\/wp-json\/wp\/v2\/users\/774"}],"replies":[{"embeddable":true,"href":"https:\/\/institucional.ufrrj.br\/ccs\/wp-json\/wp\/v2\/comments?post=2576"}],"version-history":[{"count":1,"href":"https:\/\/institucional.ufrrj.br\/ccs\/wp-json\/wp\/v2\/posts\/2576\/revisions"}],"predecessor-version":[{"id":2578,"href":"https:\/\/institucional.ufrrj.br\/ccs\/wp-json\/wp\/v2\/posts\/2576\/revisions\/2578"}],"wp:featuredmedia":[{"embeddable":true,"href":"https:\/\/institucional.ufrrj.br\/ccs\/wp-json\/wp\/v2\/media\/2577"}],"wp:attachment":[{"href":"https:\/\/institucional.ufrrj.br\/ccs\/wp-json\/wp\/v2\/media?parent=2576"}],"wp:term":[{"taxonomy":"category","embeddable":true,"href":"https:\/\/institucional.ufrrj.br\/ccs\/wp-json\/wp\/v2\/categories?post=2576"},{"taxonomy":"post_tag","embeddable":true,"href":"https:\/\/institucional.ufrrj.br\/ccs\/wp-json\/wp\/v2\/tags?post=2576"}],"curies":[{"name":"wp","href":"https:\/\/api.w.org\/{rel}","templated":true}]}}