{"id":2315,"date":"2025-12-11T14:54:10","date_gmt":"2025-12-11T17:54:10","guid":{"rendered":"https:\/\/institucional.ufrrj.br\/ccs\/?p=2315"},"modified":"2025-12-16T16:37:11","modified_gmt":"2025-12-16T19:37:11","slug":"coordenadoria-de-comunicacao-lanca-edicao-especial-sobre-os-115-anos-da-ufrrj","status":"publish","type":"post","link":"https:\/\/institucional.ufrrj.br\/ccs\/coordenadoria-de-comunicacao-lanca-edicao-especial-sobre-os-115-anos-da-ufrrj\/","title":{"rendered":"Coordenadoria de Comunica\u00e7\u00e3o lan\u00e7a edi\u00e7\u00e3o especial sobre os 115 anos da UFRRJ"},"content":{"rendered":"\n<p>Em 2025, a Universidade Federal Rural do Rio de Janeiro (UFRRJ) completou 115 anos de origem. As ra\u00edzes de sua hist\u00f3ria se encontram na cria\u00e7\u00e3o da Escola Superior de Agricultura e Medicina Veterin\u00e1ria (Esamv), em 20 de outubro de 1910, a partir da assinatura de um decreto presidencial que tamb\u00e9m lan\u00e7ava as bases do ensino agropecu\u00e1rio no Brasil.&nbsp;<\/p>\n\n\n\n<div style=\"height:100px\" aria-hidden=\"true\" class=\"wp-block-spacer\"><\/div>\n\n\n\n<p>Para comemorar e valorizar o legado de nossa Universidade, a <strong>Coordenadoria de Comunica\u00e7\u00e3o Social (CCS)<\/strong> publicou, de julho a outubro deste ano, uma s\u00e9rie de \u2018posts\u2019 no Portal da UFRRJ e nas redes sociais institucionais. As postagens trouxeram epis\u00f3dios e imagens que marcaram a hist\u00f3ria de mais de um s\u00e9culo da Rural.&nbsp;<\/p>\n\n\n\n<div style=\"height:100px\" aria-hidden=\"true\" class=\"wp-block-spacer\"><\/div>\n\n\n\n<p>Agora, \u00e9 poss\u00edvel ler os textos e ver todas as fotos hist\u00f3ricas numa \u00fanica edi\u00e7\u00e3o especial, em formato PDF. Confira abaixo:<\/p>\n\n\n\n<div style=\"height:100px\" aria-hidden=\"true\" class=\"wp-block-spacer\"><\/div>\n\n\n\n<div data-wp-interactive=\"core\/file\" class=\"wp-block-file\"><object data-wp-bind--hidden=\"!state.hasPdfPreview\" hidden class=\"wp-block-file__embed\" data=\"https:\/\/institucional.ufrrj.br\/ccs\/files\/2025\/12\/apresentacao_115anos_final_otimizada.pdf\" type=\"application\/pdf\" style=\"width:100%;height:600px\" aria-label=\"Incorporado de apresentacao_115anos_final_otimizada.\"><\/object><a id=\"wp-block-file--media-2d2edf86-0aa6-4dba-91cc-71d93be34fa4\" href=\"https:\/\/institucional.ufrrj.br\/ccs\/files\/2025\/12\/apresentacao_115anos_final_otimizada.pdf\">apresentacao_115anos_final_otimizada<\/a><a href=\"https:\/\/institucional.ufrrj.br\/ccs\/files\/2025\/12\/apresentacao_115anos_final_otimizada.pdf\" class=\"wp-block-file__button wp-element-button\" download aria-describedby=\"wp-block-file--media-2d2edf86-0aa6-4dba-91cc-71d93be34fa4\">Baixar<\/a><\/div>\n\n\n\n<p><\/p>\n","protected":false},"excerpt":{"rendered":"<p>Em 2025, a Universidade Federal Rural do Rio de Janeiro (UFRRJ) completou 115 anos de origem. As ra\u00edzes de sua <a class=\"read-more\" href=\"https:\/\/institucional.ufrrj.br\/ccs\/coordenadoria-de-comunicacao-lanca-edicao-especial-sobre-os-115-anos-da-ufrrj\/ \" >&#8230; <span class=\"font-italic\">leia mais <i class=\"fas fa-angle-right\"><\/i><\/span><\/a><\/p>\n","protected":false},"author":756,"featured_media":2317,"comment_status":"closed","ping_status":"open","sticky":false,"template":"","format":"standard","meta":{"_acf_changed":false,"footnotes":""},"categories":[3,5],"tags":[91],"class_list":["post-2315","post","type-post","status-publish","format-standard","has-post-thumbnail","hentry","category-noticias","category-publicacoes","tag-institucional"],"yoast_head":"<!-- This site is optimized with the Yoast SEO plugin v27.2 - https:\/\/yoast.com\/product\/yoast-seo-wordpress\/ -->\n<title>Coordenadoria de Comunica\u00e7\u00e3o lan\u00e7a edi\u00e7\u00e3o especial sobre os 115 anos da UFRRJ - Coordenadoria de Comunica\u00e7\u00e3o Social - CCS<\/title>\n<meta name=\"robots\" content=\"index, follow, max-snippet:-1, max-image-preview:large, max-video-preview:-1\" \/>\n<link rel=\"canonical\" href=\"https:\/\/institucional.ufrrj.br\/ccs\/coordenadoria-de-comunicacao-lanca-edicao-especial-sobre-os-115-anos-da-ufrrj\/\" \/>\n<meta property=\"og:locale\" content=\"pt_BR\" \/>\n<meta property=\"og:type\" content=\"article\" \/>\n<meta property=\"og:title\" content=\"Coordenadoria de Comunica\u00e7\u00e3o lan\u00e7a edi\u00e7\u00e3o especial sobre os 115 anos da UFRRJ - Coordenadoria de Comunica\u00e7\u00e3o Social - CCS\" \/>\n<meta property=\"og:description\" content=\"Em 2025, a Universidade Federal Rural do Rio de Janeiro (UFRRJ) completou 115 anos de origem. As ra\u00edzes de sua ... leia mais\" \/>\n<meta property=\"og:url\" content=\"https:\/\/institucional.ufrrj.br\/ccs\/coordenadoria-de-comunicacao-lanca-edicao-especial-sobre-os-115-anos-da-ufrrj\/\" \/>\n<meta property=\"og:site_name\" content=\"Coordenadoria de Comunica\u00e7\u00e3o Social - CCS\" \/>\n<meta property=\"article:publisher\" content=\"https:\/\/www.facebook.com\/universidadefederalrural\" \/>\n<meta property=\"article:published_time\" content=\"2025-12-11T17:54:10+00:00\" \/>\n<meta property=\"article:modified_time\" content=\"2025-12-16T19:37:11+00:00\" \/>\n<meta property=\"og:image\" content=\"https:\/\/institucional.ufrrj.br\/ccs\/files\/2025\/12\/imagem_noticia_home.jpg\" \/>\n\t<meta property=\"og:image:width\" content=\"1150\" \/>\n\t<meta property=\"og:image:height\" content=\"600\" \/>\n\t<meta property=\"og:image:type\" content=\"image\/jpeg\" \/>\n<meta name=\"author\" content=\"jholiveira\" \/>\n<meta name=\"twitter:card\" content=\"summary_large_image\" \/>\n<meta name=\"twitter:creator\" content=\"@ufrrjbr\" \/>\n<meta name=\"twitter:site\" content=\"@ufrrjbr\" \/>\n<meta name=\"twitter:label1\" content=\"Escrito por\" \/>\n\t<meta name=\"twitter:data1\" content=\"jholiveira\" \/>\n\t<meta name=\"twitter:label2\" content=\"Est. tempo de leitura\" \/>\n\t<meta name=\"twitter:data2\" content=\"1 minuto\" \/>\n<script type=\"application\/ld+json\" class=\"yoast-schema-graph\">{\"@context\":\"https:\/\/schema.org\",\"@graph\":[{\"@type\":\"Article\",\"@id\":\"https:\/\/institucional.ufrrj.br\/ccs\/coordenadoria-de-comunicacao-lanca-edicao-especial-sobre-os-115-anos-da-ufrrj\/#article\",\"isPartOf\":{\"@id\":\"https:\/\/institucional.ufrrj.br\/ccs\/coordenadoria-de-comunicacao-lanca-edicao-especial-sobre-os-115-anos-da-ufrrj\/\"},\"author\":{\"name\":\"jholiveira\",\"@id\":\"https:\/\/institucional.ufrrj.br\/ccs\/#\/schema\/person\/4d75084565dd6113b0432e3d9aaa9697\"},\"headline\":\"Coordenadoria de Comunica\u00e7\u00e3o lan\u00e7a edi\u00e7\u00e3o especial sobre os 115 anos da UFRRJ\",\"datePublished\":\"2025-12-11T17:54:10+00:00\",\"dateModified\":\"2025-12-16T19:37:11+00:00\",\"mainEntityOfPage\":{\"@id\":\"https:\/\/institucional.ufrrj.br\/ccs\/coordenadoria-de-comunicacao-lanca-edicao-especial-sobre-os-115-anos-da-ufrrj\/\"},\"wordCount\":162,\"image\":{\"@id\":\"https:\/\/institucional.ufrrj.br\/ccs\/coordenadoria-de-comunicacao-lanca-edicao-especial-sobre-os-115-anos-da-ufrrj\/#primaryimage\"},\"thumbnailUrl\":\"https:\/\/institucional.ufrrj.br\/ccs\/files\/2025\/12\/imagem_noticia_home.jpg\",\"keywords\":[\"Institucional\"],\"articleSection\":[\"Not\u00edcias em Destaque\",\"Publica\u00e7\u00f5es\"],\"inLanguage\":\"pt-BR\"},{\"@type\":\"WebPage\",\"@id\":\"https:\/\/institucional.ufrrj.br\/ccs\/coordenadoria-de-comunicacao-lanca-edicao-especial-sobre-os-115-anos-da-ufrrj\/\",\"url\":\"https:\/\/institucional.ufrrj.br\/ccs\/coordenadoria-de-comunicacao-lanca-edicao-especial-sobre-os-115-anos-da-ufrrj\/\",\"name\":\"Coordenadoria de Comunica\u00e7\u00e3o lan\u00e7a edi\u00e7\u00e3o especial sobre os 115 anos da UFRRJ - Coordenadoria de Comunica\u00e7\u00e3o Social - CCS\",\"isPartOf\":{\"@id\":\"https:\/\/institucional.ufrrj.br\/ccs\/#website\"},\"primaryImageOfPage\":{\"@id\":\"https:\/\/institucional.ufrrj.br\/ccs\/coordenadoria-de-comunicacao-lanca-edicao-especial-sobre-os-115-anos-da-ufrrj\/#primaryimage\"},\"image\":{\"@id\":\"https:\/\/institucional.ufrrj.br\/ccs\/coordenadoria-de-comunicacao-lanca-edicao-especial-sobre-os-115-anos-da-ufrrj\/#primaryimage\"},\"thumbnailUrl\":\"https:\/\/institucional.ufrrj.br\/ccs\/files\/2025\/12\/imagem_noticia_home.jpg\",\"datePublished\":\"2025-12-11T17:54:10+00:00\",\"dateModified\":\"2025-12-16T19:37:11+00:00\",\"author\":{\"@id\":\"https:\/\/institucional.ufrrj.br\/ccs\/#\/schema\/person\/4d75084565dd6113b0432e3d9aaa9697\"},\"breadcrumb\":{\"@id\":\"https:\/\/institucional.ufrrj.br\/ccs\/coordenadoria-de-comunicacao-lanca-edicao-especial-sobre-os-115-anos-da-ufrrj\/#breadcrumb\"},\"inLanguage\":\"pt-BR\",\"potentialAction\":[{\"@type\":\"ReadAction\",\"target\":[\"https:\/\/institucional.ufrrj.br\/ccs\/coordenadoria-de-comunicacao-lanca-edicao-especial-sobre-os-115-anos-da-ufrrj\/\"]}]},{\"@type\":\"ImageObject\",\"inLanguage\":\"pt-BR\",\"@id\":\"https:\/\/institucional.ufrrj.br\/ccs\/coordenadoria-de-comunicacao-lanca-edicao-especial-sobre-os-115-anos-da-ufrrj\/#primaryimage\",\"url\":\"https:\/\/institucional.ufrrj.br\/ccs\/files\/2025\/12\/imagem_noticia_home.jpg\",\"contentUrl\":\"https:\/\/institucional.ufrrj.br\/ccs\/files\/2025\/12\/imagem_noticia_home.jpg\",\"width\":1150,\"height\":600},{\"@type\":\"BreadcrumbList\",\"@id\":\"https:\/\/institucional.ufrrj.br\/ccs\/coordenadoria-de-comunicacao-lanca-edicao-especial-sobre-os-115-anos-da-ufrrj\/#breadcrumb\",\"itemListElement\":[{\"@type\":\"ListItem\",\"position\":1,\"name\":\"In\u00edcio\",\"item\":\"https:\/\/institucional.ufrrj.br\/ccs\/\"},{\"@type\":\"ListItem\",\"position\":2,\"name\":\"Coordenadoria de Comunica\u00e7\u00e3o lan\u00e7a edi\u00e7\u00e3o especial sobre os 115 anos da UFRRJ\"}]},{\"@type\":\"WebSite\",\"@id\":\"https:\/\/institucional.ufrrj.br\/ccs\/#website\",\"url\":\"https:\/\/institucional.ufrrj.br\/ccs\/\",\"name\":\"Coordenadoria de Comunica\u00e7\u00e3o Social - CCS\",\"description\":\"Coordenadoria de Comunica\u00e7\u00e3o Social - CCS\",\"potentialAction\":[{\"@type\":\"SearchAction\",\"target\":{\"@type\":\"EntryPoint\",\"urlTemplate\":\"https:\/\/institucional.ufrrj.br\/ccs\/?s={search_term_string}\"},\"query-input\":{\"@type\":\"PropertyValueSpecification\",\"valueRequired\":true,\"valueName\":\"search_term_string\"}}],\"inLanguage\":\"pt-BR\"},{\"@type\":\"Person\",\"@id\":\"https:\/\/institucional.ufrrj.br\/ccs\/#\/schema\/person\/4d75084565dd6113b0432e3d9aaa9697\",\"name\":\"jholiveira\",\"image\":{\"@type\":\"ImageObject\",\"inLanguage\":\"pt-BR\",\"@id\":\"https:\/\/secure.gravatar.com\/avatar\/fdb4b1ca7def89471a3d346314c7ddb414b6e7bf857fd36de0d15ba07733b0a4?s=96&d=mm&r=g\",\"url\":\"https:\/\/secure.gravatar.com\/avatar\/fdb4b1ca7def89471a3d346314c7ddb414b6e7bf857fd36de0d15ba07733b0a4?s=96&d=mm&r=g\",\"contentUrl\":\"https:\/\/secure.gravatar.com\/avatar\/fdb4b1ca7def89471a3d346314c7ddb414b6e7bf857fd36de0d15ba07733b0a4?s=96&d=mm&r=g\",\"caption\":\"jholiveira\"},\"url\":\"https:\/\/institucional.ufrrj.br\/ccs\/author\/jholiveira1\/\"}]}<\/script>\n<!-- \/ Yoast SEO plugin. -->","yoast_head_json":{"title":"Coordenadoria de Comunica\u00e7\u00e3o lan\u00e7a edi\u00e7\u00e3o especial sobre os 115 anos da UFRRJ - Coordenadoria de Comunica\u00e7\u00e3o Social - CCS","robots":{"index":"index","follow":"follow","max-snippet":"max-snippet:-1","max-image-preview":"max-image-preview:large","max-video-preview":"max-video-preview:-1"},"canonical":"https:\/\/institucional.ufrrj.br\/ccs\/coordenadoria-de-comunicacao-lanca-edicao-especial-sobre-os-115-anos-da-ufrrj\/","og_locale":"pt_BR","og_type":"article","og_title":"Coordenadoria de Comunica\u00e7\u00e3o lan\u00e7a edi\u00e7\u00e3o especial sobre os 115 anos da UFRRJ - Coordenadoria de Comunica\u00e7\u00e3o Social - CCS","og_description":"Em 2025, a Universidade Federal Rural do Rio de Janeiro (UFRRJ) completou 115 anos de origem. As ra\u00edzes de sua ... leia mais","og_url":"https:\/\/institucional.ufrrj.br\/ccs\/coordenadoria-de-comunicacao-lanca-edicao-especial-sobre-os-115-anos-da-ufrrj\/","og_site_name":"Coordenadoria de Comunica\u00e7\u00e3o Social - CCS","article_publisher":"https:\/\/www.facebook.com\/universidadefederalrural","article_published_time":"2025-12-11T17:54:10+00:00","article_modified_time":"2025-12-16T19:37:11+00:00","og_image":[{"width":1150,"height":600,"url":"https:\/\/institucional.ufrrj.br\/ccs\/files\/2025\/12\/imagem_noticia_home.jpg","type":"image\/jpeg"}],"author":"jholiveira","twitter_card":"summary_large_image","twitter_creator":"@ufrrjbr","twitter_site":"@ufrrjbr","twitter_misc":{"Escrito por":"jholiveira","Est. tempo de leitura":"1 minuto"},"schema":{"@context":"https:\/\/schema.org","@graph":[{"@type":"Article","@id":"https:\/\/institucional.ufrrj.br\/ccs\/coordenadoria-de-comunicacao-lanca-edicao-especial-sobre-os-115-anos-da-ufrrj\/#article","isPartOf":{"@id":"https:\/\/institucional.ufrrj.br\/ccs\/coordenadoria-de-comunicacao-lanca-edicao-especial-sobre-os-115-anos-da-ufrrj\/"},"author":{"name":"jholiveira","@id":"https:\/\/institucional.ufrrj.br\/ccs\/#\/schema\/person\/4d75084565dd6113b0432e3d9aaa9697"},"headline":"Coordenadoria de Comunica\u00e7\u00e3o lan\u00e7a edi\u00e7\u00e3o especial sobre os 115 anos da UFRRJ","datePublished":"2025-12-11T17:54:10+00:00","dateModified":"2025-12-16T19:37:11+00:00","mainEntityOfPage":{"@id":"https:\/\/institucional.ufrrj.br\/ccs\/coordenadoria-de-comunicacao-lanca-edicao-especial-sobre-os-115-anos-da-ufrrj\/"},"wordCount":162,"image":{"@id":"https:\/\/institucional.ufrrj.br\/ccs\/coordenadoria-de-comunicacao-lanca-edicao-especial-sobre-os-115-anos-da-ufrrj\/#primaryimage"},"thumbnailUrl":"https:\/\/institucional.ufrrj.br\/ccs\/files\/2025\/12\/imagem_noticia_home.jpg","keywords":["Institucional"],"articleSection":["Not\u00edcias em Destaque","Publica\u00e7\u00f5es"],"inLanguage":"pt-BR"},{"@type":"WebPage","@id":"https:\/\/institucional.ufrrj.br\/ccs\/coordenadoria-de-comunicacao-lanca-edicao-especial-sobre-os-115-anos-da-ufrrj\/","url":"https:\/\/institucional.ufrrj.br\/ccs\/coordenadoria-de-comunicacao-lanca-edicao-especial-sobre-os-115-anos-da-ufrrj\/","name":"Coordenadoria de Comunica\u00e7\u00e3o lan\u00e7a edi\u00e7\u00e3o especial sobre os 115 anos da UFRRJ - Coordenadoria de Comunica\u00e7\u00e3o Social - CCS","isPartOf":{"@id":"https:\/\/institucional.ufrrj.br\/ccs\/#website"},"primaryImageOfPage":{"@id":"https:\/\/institucional.ufrrj.br\/ccs\/coordenadoria-de-comunicacao-lanca-edicao-especial-sobre-os-115-anos-da-ufrrj\/#primaryimage"},"image":{"@id":"https:\/\/institucional.ufrrj.br\/ccs\/coordenadoria-de-comunicacao-lanca-edicao-especial-sobre-os-115-anos-da-ufrrj\/#primaryimage"},"thumbnailUrl":"https:\/\/institucional.ufrrj.br\/ccs\/files\/2025\/12\/imagem_noticia_home.jpg","datePublished":"2025-12-11T17:54:10+00:00","dateModified":"2025-12-16T19:37:11+00:00","author":{"@id":"https:\/\/institucional.ufrrj.br\/ccs\/#\/schema\/person\/4d75084565dd6113b0432e3d9aaa9697"},"breadcrumb":{"@id":"https:\/\/institucional.ufrrj.br\/ccs\/coordenadoria-de-comunicacao-lanca-edicao-especial-sobre-os-115-anos-da-ufrrj\/#breadcrumb"},"inLanguage":"pt-BR","potentialAction":[{"@type":"ReadAction","target":["https:\/\/institucional.ufrrj.br\/ccs\/coordenadoria-de-comunicacao-lanca-edicao-especial-sobre-os-115-anos-da-ufrrj\/"]}]},{"@type":"ImageObject","inLanguage":"pt-BR","@id":"https:\/\/institucional.ufrrj.br\/ccs\/coordenadoria-de-comunicacao-lanca-edicao-especial-sobre-os-115-anos-da-ufrrj\/#primaryimage","url":"https:\/\/institucional.ufrrj.br\/ccs\/files\/2025\/12\/imagem_noticia_home.jpg","contentUrl":"https:\/\/institucional.ufrrj.br\/ccs\/files\/2025\/12\/imagem_noticia_home.jpg","width":1150,"height":600},{"@type":"BreadcrumbList","@id":"https:\/\/institucional.ufrrj.br\/ccs\/coordenadoria-de-comunicacao-lanca-edicao-especial-sobre-os-115-anos-da-ufrrj\/#breadcrumb","itemListElement":[{"@type":"ListItem","position":1,"name":"In\u00edcio","item":"https:\/\/institucional.ufrrj.br\/ccs\/"},{"@type":"ListItem","position":2,"name":"Coordenadoria de Comunica\u00e7\u00e3o lan\u00e7a edi\u00e7\u00e3o especial sobre os 115 anos da UFRRJ"}]},{"@type":"WebSite","@id":"https:\/\/institucional.ufrrj.br\/ccs\/#website","url":"https:\/\/institucional.ufrrj.br\/ccs\/","name":"Coordenadoria de Comunica\u00e7\u00e3o Social - CCS","description":"Coordenadoria de Comunica\u00e7\u00e3o Social - CCS","potentialAction":[{"@type":"SearchAction","target":{"@type":"EntryPoint","urlTemplate":"https:\/\/institucional.ufrrj.br\/ccs\/?s={search_term_string}"},"query-input":{"@type":"PropertyValueSpecification","valueRequired":true,"valueName":"search_term_string"}}],"inLanguage":"pt-BR"},{"@type":"Person","@id":"https:\/\/institucional.ufrrj.br\/ccs\/#\/schema\/person\/4d75084565dd6113b0432e3d9aaa9697","name":"jholiveira","image":{"@type":"ImageObject","inLanguage":"pt-BR","@id":"https:\/\/secure.gravatar.com\/avatar\/fdb4b1ca7def89471a3d346314c7ddb414b6e7bf857fd36de0d15ba07733b0a4?s=96&d=mm&r=g","url":"https:\/\/secure.gravatar.com\/avatar\/fdb4b1ca7def89471a3d346314c7ddb414b6e7bf857fd36de0d15ba07733b0a4?s=96&d=mm&r=g","contentUrl":"https:\/\/secure.gravatar.com\/avatar\/fdb4b1ca7def89471a3d346314c7ddb414b6e7bf857fd36de0d15ba07733b0a4?s=96&d=mm&r=g","caption":"jholiveira"},"url":"https:\/\/institucional.ufrrj.br\/ccs\/author\/jholiveira1\/"}]}},"acf":[],"_links":{"self":[{"href":"https:\/\/institucional.ufrrj.br\/ccs\/wp-json\/wp\/v2\/posts\/2315","targetHints":{"allow":["GET"]}}],"collection":[{"href":"https:\/\/institucional.ufrrj.br\/ccs\/wp-json\/wp\/v2\/posts"}],"about":[{"href":"https:\/\/institucional.ufrrj.br\/ccs\/wp-json\/wp\/v2\/types\/post"}],"author":[{"embeddable":true,"href":"https:\/\/institucional.ufrrj.br\/ccs\/wp-json\/wp\/v2\/users\/756"}],"replies":[{"embeddable":true,"href":"https:\/\/institucional.ufrrj.br\/ccs\/wp-json\/wp\/v2\/comments?post=2315"}],"version-history":[{"count":1,"href":"https:\/\/institucional.ufrrj.br\/ccs\/wp-json\/wp\/v2\/posts\/2315\/revisions"}],"predecessor-version":[{"id":2316,"href":"https:\/\/institucional.ufrrj.br\/ccs\/wp-json\/wp\/v2\/posts\/2315\/revisions\/2316"}],"wp:featuredmedia":[{"embeddable":true,"href":"https:\/\/institucional.ufrrj.br\/ccs\/wp-json\/wp\/v2\/media\/2317"}],"wp:attachment":[{"href":"https:\/\/institucional.ufrrj.br\/ccs\/wp-json\/wp\/v2\/media?parent=2315"}],"wp:term":[{"taxonomy":"category","embeddable":true,"href":"https:\/\/institucional.ufrrj.br\/ccs\/wp-json\/wp\/v2\/categories?post=2315"},{"taxonomy":"post_tag","embeddable":true,"href":"https:\/\/institucional.ufrrj.br\/ccs\/wp-json\/wp\/v2\/tags?post=2315"}],"curies":[{"name":"wp","href":"https:\/\/api.w.org\/{rel}","templated":true}]}}