{"id":1387,"date":"2021-03-04T10:23:42","date_gmt":"2021-03-04T13:23:42","guid":{"rendered":"http:\/\/institucional.ufrrj.br\/ccs\/?p=1387"},"modified":"2025-12-23T12:30:02","modified_gmt":"2025-12-23T15:30:02","slug":"manual-do-colaborador","status":"publish","type":"post","link":"https:\/\/institucional.ufrrj.br\/ccs\/manual-do-colaborador\/","title":{"rendered":"Manual do Colaborador"},"content":{"rendered":"\n<div class=\"wp-block-image\"><figure class=\"aligncenter is-resized\"><img loading=\"lazy\" decoding=\"async\" src=\"https:\/\/institucional.ufrrj.br\/ccs\/files\/2021\/12\/manualdocolaborador_edicao2021_V4_page-0001-DESTAQUE-1024x682.jpg\" alt=\"\" class=\"wp-image-1396\" width=\"305\" height=\"203\" srcset=\"https:\/\/institucional.ufrrj.br\/ccs\/files\/2021\/12\/manualdocolaborador_edicao2021_V4_page-0001-DESTAQUE-1024x682.jpg 1024w, https:\/\/institucional.ufrrj.br\/ccs\/files\/2021\/12\/manualdocolaborador_edicao2021_V4_page-0001-DESTAQUE-300x200.jpg 300w, https:\/\/institucional.ufrrj.br\/ccs\/files\/2021\/12\/manualdocolaborador_edicao2021_V4_page-0001-DESTAQUE-768x511.jpg 768w, https:\/\/institucional.ufrrj.br\/ccs\/files\/2021\/12\/manualdocolaborador_edicao2021_V4_page-0001-DESTAQUE.jpg 1241w\" sizes=\"auto, (max-width: 305px) 100vw, 305px\" \/><\/figure><\/div>\n\n\n\n<p>O <strong>Manual do Colaborador <\/strong>da Coordenadoria de Comunica\u00e7\u00e3o Social (CCS) da\u00a0<strong>Universidade Federal Rural do Rio de Janeiro (UFRRJ)<\/strong> apresenta algumas diretrizes para tornar mais eficiente a produ\u00e7\u00e3o de conte\u00fado para sites e m\u00eddias sociais institucionais. <\/p>\n\n\n\n<p>Para acessar o documento na \u00edntegra no formato pdf, visite o link: <strong><em><a href=\"https:\/\/institucional.ufrrj.br\/ccs\/files\/2021\/12\/manualdocolaborador_edicao2021_V4.pdf\">Manual do Colaborador<\/a><\/em><\/strong><\/p>\n","protected":false},"excerpt":{"rendered":"<p>O Manual do Colaborador da Coordenadoria de Comunica\u00e7\u00e3o Social (CCS) da\u00a0Universidade Federal Rural do Rio de Janeiro (UFRRJ) apresenta algumas <a class=\"read-more\" href=\"https:\/\/institucional.ufrrj.br\/ccs\/manual-do-colaborador\/ \" >&#8230; <span class=\"font-italic\">leia mais <i class=\"fas fa-angle-right\"><\/i><\/span><\/a><\/p>\n","protected":false},"author":774,"featured_media":1388,"comment_status":"closed","ping_status":"open","sticky":false,"template":"","format":"standard","meta":{"_acf_changed":false,"footnotes":""},"categories":[59,5],"tags":[],"class_list":["post-1387","post","type-post","status-publish","format-standard","has-post-thumbnail","hentry","category-manuais","category-publicacoes"],"yoast_head":"<!-- This site is optimized with the Yoast SEO plugin v27.2 - https:\/\/yoast.com\/product\/yoast-seo-wordpress\/ -->\n<title>Manual do Colaborador - Coordenadoria de Comunica\u00e7\u00e3o Social - CCS<\/title>\n<meta name=\"robots\" content=\"index, follow, max-snippet:-1, max-image-preview:large, max-video-preview:-1\" \/>\n<link rel=\"canonical\" href=\"https:\/\/institucional.ufrrj.br\/ccs\/manual-do-colaborador\/\" \/>\n<meta property=\"og:locale\" content=\"pt_BR\" \/>\n<meta property=\"og:type\" content=\"article\" \/>\n<meta property=\"og:title\" content=\"Manual do Colaborador - Coordenadoria de Comunica\u00e7\u00e3o Social - CCS\" \/>\n<meta property=\"og:description\" content=\"O Manual do Colaborador da Coordenadoria de Comunica\u00e7\u00e3o Social (CCS) da\u00a0Universidade Federal Rural do Rio de Janeiro (UFRRJ) apresenta algumas ... leia mais\" \/>\n<meta property=\"og:url\" content=\"https:\/\/institucional.ufrrj.br\/ccs\/manual-do-colaborador\/\" \/>\n<meta property=\"og:site_name\" content=\"Coordenadoria de Comunica\u00e7\u00e3o Social - CCS\" \/>\n<meta property=\"article:publisher\" content=\"https:\/\/www.facebook.com\/universidadefederalrural\" \/>\n<meta property=\"article:published_time\" content=\"2021-03-04T13:23:42+00:00\" \/>\n<meta property=\"article:modified_time\" content=\"2025-12-23T15:30:02+00:00\" \/>\n<meta property=\"og:image\" content=\"https:\/\/institucional.ufrrj.br\/ccs\/files\/2021\/12\/manualdocolaborador_edicao2021_V4_page-0001.jpg\" \/>\n\t<meta property=\"og:image:width\" content=\"1241\" \/>\n\t<meta property=\"og:image:height\" content=\"1754\" \/>\n\t<meta property=\"og:image:type\" content=\"image\/jpeg\" \/>\n<meta name=\"author\" content=\"MICHELLE DA COSTA\" \/>\n<meta name=\"twitter:card\" content=\"summary_large_image\" \/>\n<meta name=\"twitter:creator\" content=\"@ufrrjbr\" \/>\n<meta name=\"twitter:site\" content=\"@ufrrjbr\" \/>\n<meta name=\"twitter:label1\" content=\"Escrito por\" \/>\n\t<meta name=\"twitter:data1\" content=\"MICHELLE DA COSTA\" \/>\n<script type=\"application\/ld+json\" class=\"yoast-schema-graph\">{\"@context\":\"https:\/\/schema.org\",\"@graph\":[{\"@type\":\"Article\",\"@id\":\"https:\/\/institucional.ufrrj.br\/ccs\/manual-do-colaborador\/#article\",\"isPartOf\":{\"@id\":\"https:\/\/institucional.ufrrj.br\/ccs\/manual-do-colaborador\/\"},\"author\":{\"name\":\"MICHELLE DA COSTA\",\"@id\":\"https:\/\/institucional.ufrrj.br\/ccs\/#\/schema\/person\/5d31fc598c4dd6a46c9de710c58100eb\"},\"headline\":\"Manual do Colaborador\",\"datePublished\":\"2021-03-04T13:23:42+00:00\",\"dateModified\":\"2025-12-23T15:30:02+00:00\",\"mainEntityOfPage\":{\"@id\":\"https:\/\/institucional.ufrrj.br\/ccs\/manual-do-colaborador\/\"},\"wordCount\":58,\"image\":{\"@id\":\"https:\/\/institucional.ufrrj.br\/ccs\/manual-do-colaborador\/#primaryimage\"},\"thumbnailUrl\":\"https:\/\/institucional.ufrrj.br\/ccs\/files\/2021\/12\/manualdocolaborador_edicao2021_V4_page-0001.jpg\",\"articleSection\":[\"Manuais\",\"Publica\u00e7\u00f5es\"],\"inLanguage\":\"pt-BR\"},{\"@type\":\"WebPage\",\"@id\":\"https:\/\/institucional.ufrrj.br\/ccs\/manual-do-colaborador\/\",\"url\":\"https:\/\/institucional.ufrrj.br\/ccs\/manual-do-colaborador\/\",\"name\":\"Manual do Colaborador - Coordenadoria de Comunica\u00e7\u00e3o Social - CCS\",\"isPartOf\":{\"@id\":\"https:\/\/institucional.ufrrj.br\/ccs\/#website\"},\"primaryImageOfPage\":{\"@id\":\"https:\/\/institucional.ufrrj.br\/ccs\/manual-do-colaborador\/#primaryimage\"},\"image\":{\"@id\":\"https:\/\/institucional.ufrrj.br\/ccs\/manual-do-colaborador\/#primaryimage\"},\"thumbnailUrl\":\"https:\/\/institucional.ufrrj.br\/ccs\/files\/2021\/12\/manualdocolaborador_edicao2021_V4_page-0001.jpg\",\"datePublished\":\"2021-03-04T13:23:42+00:00\",\"dateModified\":\"2025-12-23T15:30:02+00:00\",\"author\":{\"@id\":\"https:\/\/institucional.ufrrj.br\/ccs\/#\/schema\/person\/5d31fc598c4dd6a46c9de710c58100eb\"},\"breadcrumb\":{\"@id\":\"https:\/\/institucional.ufrrj.br\/ccs\/manual-do-colaborador\/#breadcrumb\"},\"inLanguage\":\"pt-BR\",\"potentialAction\":[{\"@type\":\"ReadAction\",\"target\":[\"https:\/\/institucional.ufrrj.br\/ccs\/manual-do-colaborador\/\"]}]},{\"@type\":\"ImageObject\",\"inLanguage\":\"pt-BR\",\"@id\":\"https:\/\/institucional.ufrrj.br\/ccs\/manual-do-colaborador\/#primaryimage\",\"url\":\"https:\/\/institucional.ufrrj.br\/ccs\/files\/2021\/12\/manualdocolaborador_edicao2021_V4_page-0001.jpg\",\"contentUrl\":\"https:\/\/institucional.ufrrj.br\/ccs\/files\/2021\/12\/manualdocolaborador_edicao2021_V4_page-0001.jpg\",\"width\":1241,\"height\":1754},{\"@type\":\"BreadcrumbList\",\"@id\":\"https:\/\/institucional.ufrrj.br\/ccs\/manual-do-colaborador\/#breadcrumb\",\"itemListElement\":[{\"@type\":\"ListItem\",\"position\":1,\"name\":\"In\u00edcio\",\"item\":\"https:\/\/institucional.ufrrj.br\/ccs\/\"},{\"@type\":\"ListItem\",\"position\":2,\"name\":\"Manual do Colaborador\"}]},{\"@type\":\"WebSite\",\"@id\":\"https:\/\/institucional.ufrrj.br\/ccs\/#website\",\"url\":\"https:\/\/institucional.ufrrj.br\/ccs\/\",\"name\":\"Coordenadoria de Comunica\u00e7\u00e3o Social - CCS\",\"description\":\"Coordenadoria de Comunica\u00e7\u00e3o Social - CCS\",\"potentialAction\":[{\"@type\":\"SearchAction\",\"target\":{\"@type\":\"EntryPoint\",\"urlTemplate\":\"https:\/\/institucional.ufrrj.br\/ccs\/?s={search_term_string}\"},\"query-input\":{\"@type\":\"PropertyValueSpecification\",\"valueRequired\":true,\"valueName\":\"search_term_string\"}}],\"inLanguage\":\"pt-BR\"},{\"@type\":\"Person\",\"@id\":\"https:\/\/institucional.ufrrj.br\/ccs\/#\/schema\/person\/5d31fc598c4dd6a46c9de710c58100eb\",\"name\":\"MICHELLE DA COSTA\",\"image\":{\"@type\":\"ImageObject\",\"inLanguage\":\"pt-BR\",\"@id\":\"https:\/\/secure.gravatar.com\/avatar\/a55e3b7452443fcac88efbe0d8c357f4f79c8feb02f07ddabd5e375d43d2b3ac?s=96&d=mm&r=g\",\"url\":\"https:\/\/secure.gravatar.com\/avatar\/a55e3b7452443fcac88efbe0d8c357f4f79c8feb02f07ddabd5e375d43d2b3ac?s=96&d=mm&r=g\",\"contentUrl\":\"https:\/\/secure.gravatar.com\/avatar\/a55e3b7452443fcac88efbe0d8c357f4f79c8feb02f07ddabd5e375d43d2b3ac?s=96&d=mm&r=g\",\"caption\":\"MICHELLE DA COSTA\"},\"description\":\"GLPI 37723\",\"url\":\"https:\/\/institucional.ufrrj.br\/ccs\/author\/michelle1\/\"}]}<\/script>\n<!-- \/ Yoast SEO plugin. -->","yoast_head_json":{"title":"Manual do Colaborador - Coordenadoria de Comunica\u00e7\u00e3o Social - CCS","robots":{"index":"index","follow":"follow","max-snippet":"max-snippet:-1","max-image-preview":"max-image-preview:large","max-video-preview":"max-video-preview:-1"},"canonical":"https:\/\/institucional.ufrrj.br\/ccs\/manual-do-colaborador\/","og_locale":"pt_BR","og_type":"article","og_title":"Manual do Colaborador - Coordenadoria de Comunica\u00e7\u00e3o Social - CCS","og_description":"O Manual do Colaborador da Coordenadoria de Comunica\u00e7\u00e3o Social (CCS) da\u00a0Universidade Federal Rural do Rio de Janeiro (UFRRJ) apresenta algumas ... leia mais","og_url":"https:\/\/institucional.ufrrj.br\/ccs\/manual-do-colaborador\/","og_site_name":"Coordenadoria de Comunica\u00e7\u00e3o Social - CCS","article_publisher":"https:\/\/www.facebook.com\/universidadefederalrural","article_published_time":"2021-03-04T13:23:42+00:00","article_modified_time":"2025-12-23T15:30:02+00:00","og_image":[{"width":1241,"height":1754,"url":"https:\/\/institucional.ufrrj.br\/ccs\/files\/2021\/12\/manualdocolaborador_edicao2021_V4_page-0001.jpg","type":"image\/jpeg"}],"author":"MICHELLE DA COSTA","twitter_card":"summary_large_image","twitter_creator":"@ufrrjbr","twitter_site":"@ufrrjbr","twitter_misc":{"Escrito por":"MICHELLE DA COSTA"},"schema":{"@context":"https:\/\/schema.org","@graph":[{"@type":"Article","@id":"https:\/\/institucional.ufrrj.br\/ccs\/manual-do-colaborador\/#article","isPartOf":{"@id":"https:\/\/institucional.ufrrj.br\/ccs\/manual-do-colaborador\/"},"author":{"name":"MICHELLE DA COSTA","@id":"https:\/\/institucional.ufrrj.br\/ccs\/#\/schema\/person\/5d31fc598c4dd6a46c9de710c58100eb"},"headline":"Manual do Colaborador","datePublished":"2021-03-04T13:23:42+00:00","dateModified":"2025-12-23T15:30:02+00:00","mainEntityOfPage":{"@id":"https:\/\/institucional.ufrrj.br\/ccs\/manual-do-colaborador\/"},"wordCount":58,"image":{"@id":"https:\/\/institucional.ufrrj.br\/ccs\/manual-do-colaborador\/#primaryimage"},"thumbnailUrl":"https:\/\/institucional.ufrrj.br\/ccs\/files\/2021\/12\/manualdocolaborador_edicao2021_V4_page-0001.jpg","articleSection":["Manuais","Publica\u00e7\u00f5es"],"inLanguage":"pt-BR"},{"@type":"WebPage","@id":"https:\/\/institucional.ufrrj.br\/ccs\/manual-do-colaborador\/","url":"https:\/\/institucional.ufrrj.br\/ccs\/manual-do-colaborador\/","name":"Manual do Colaborador - Coordenadoria de Comunica\u00e7\u00e3o Social - CCS","isPartOf":{"@id":"https:\/\/institucional.ufrrj.br\/ccs\/#website"},"primaryImageOfPage":{"@id":"https:\/\/institucional.ufrrj.br\/ccs\/manual-do-colaborador\/#primaryimage"},"image":{"@id":"https:\/\/institucional.ufrrj.br\/ccs\/manual-do-colaborador\/#primaryimage"},"thumbnailUrl":"https:\/\/institucional.ufrrj.br\/ccs\/files\/2021\/12\/manualdocolaborador_edicao2021_V4_page-0001.jpg","datePublished":"2021-03-04T13:23:42+00:00","dateModified":"2025-12-23T15:30:02+00:00","author":{"@id":"https:\/\/institucional.ufrrj.br\/ccs\/#\/schema\/person\/5d31fc598c4dd6a46c9de710c58100eb"},"breadcrumb":{"@id":"https:\/\/institucional.ufrrj.br\/ccs\/manual-do-colaborador\/#breadcrumb"},"inLanguage":"pt-BR","potentialAction":[{"@type":"ReadAction","target":["https:\/\/institucional.ufrrj.br\/ccs\/manual-do-colaborador\/"]}]},{"@type":"ImageObject","inLanguage":"pt-BR","@id":"https:\/\/institucional.ufrrj.br\/ccs\/manual-do-colaborador\/#primaryimage","url":"https:\/\/institucional.ufrrj.br\/ccs\/files\/2021\/12\/manualdocolaborador_edicao2021_V4_page-0001.jpg","contentUrl":"https:\/\/institucional.ufrrj.br\/ccs\/files\/2021\/12\/manualdocolaborador_edicao2021_V4_page-0001.jpg","width":1241,"height":1754},{"@type":"BreadcrumbList","@id":"https:\/\/institucional.ufrrj.br\/ccs\/manual-do-colaborador\/#breadcrumb","itemListElement":[{"@type":"ListItem","position":1,"name":"In\u00edcio","item":"https:\/\/institucional.ufrrj.br\/ccs\/"},{"@type":"ListItem","position":2,"name":"Manual do Colaborador"}]},{"@type":"WebSite","@id":"https:\/\/institucional.ufrrj.br\/ccs\/#website","url":"https:\/\/institucional.ufrrj.br\/ccs\/","name":"Coordenadoria de Comunica\u00e7\u00e3o Social - CCS","description":"Coordenadoria de Comunica\u00e7\u00e3o Social - CCS","potentialAction":[{"@type":"SearchAction","target":{"@type":"EntryPoint","urlTemplate":"https:\/\/institucional.ufrrj.br\/ccs\/?s={search_term_string}"},"query-input":{"@type":"PropertyValueSpecification","valueRequired":true,"valueName":"search_term_string"}}],"inLanguage":"pt-BR"},{"@type":"Person","@id":"https:\/\/institucional.ufrrj.br\/ccs\/#\/schema\/person\/5d31fc598c4dd6a46c9de710c58100eb","name":"MICHELLE DA COSTA","image":{"@type":"ImageObject","inLanguage":"pt-BR","@id":"https:\/\/secure.gravatar.com\/avatar\/a55e3b7452443fcac88efbe0d8c357f4f79c8feb02f07ddabd5e375d43d2b3ac?s=96&d=mm&r=g","url":"https:\/\/secure.gravatar.com\/avatar\/a55e3b7452443fcac88efbe0d8c357f4f79c8feb02f07ddabd5e375d43d2b3ac?s=96&d=mm&r=g","contentUrl":"https:\/\/secure.gravatar.com\/avatar\/a55e3b7452443fcac88efbe0d8c357f4f79c8feb02f07ddabd5e375d43d2b3ac?s=96&d=mm&r=g","caption":"MICHELLE DA COSTA"},"description":"GLPI 37723","url":"https:\/\/institucional.ufrrj.br\/ccs\/author\/michelle1\/"}]}},"acf":[],"_links":{"self":[{"href":"https:\/\/institucional.ufrrj.br\/ccs\/wp-json\/wp\/v2\/posts\/1387","targetHints":{"allow":["GET"]}}],"collection":[{"href":"https:\/\/institucional.ufrrj.br\/ccs\/wp-json\/wp\/v2\/posts"}],"about":[{"href":"https:\/\/institucional.ufrrj.br\/ccs\/wp-json\/wp\/v2\/types\/post"}],"author":[{"embeddable":true,"href":"https:\/\/institucional.ufrrj.br\/ccs\/wp-json\/wp\/v2\/users\/774"}],"replies":[{"embeddable":true,"href":"https:\/\/institucional.ufrrj.br\/ccs\/wp-json\/wp\/v2\/comments?post=1387"}],"version-history":[{"count":8,"href":"https:\/\/institucional.ufrrj.br\/ccs\/wp-json\/wp\/v2\/posts\/1387\/revisions"}],"predecessor-version":[{"id":2292,"href":"https:\/\/institucional.ufrrj.br\/ccs\/wp-json\/wp\/v2\/posts\/1387\/revisions\/2292"}],"wp:featuredmedia":[{"embeddable":true,"href":"https:\/\/institucional.ufrrj.br\/ccs\/wp-json\/wp\/v2\/media\/1388"}],"wp:attachment":[{"href":"https:\/\/institucional.ufrrj.br\/ccs\/wp-json\/wp\/v2\/media?parent=1387"}],"wp:term":[{"taxonomy":"category","embeddable":true,"href":"https:\/\/institucional.ufrrj.br\/ccs\/wp-json\/wp\/v2\/categories?post=1387"},{"taxonomy":"post_tag","embeddable":true,"href":"https:\/\/institucional.ufrrj.br\/ccs\/wp-json\/wp\/v2\/tags?post=1387"}],"curies":[{"name":"wp","href":"https:\/\/api.w.org\/{rel}","templated":true}]}}