{"id":67,"date":"2025-07-15T14:38:36","date_gmt":"2025-07-15T17:38:36","guid":{"rendered":"https:\/\/institucional.ufrrj.br\/caoa\/?p=67"},"modified":"2025-07-15T16:15:15","modified_gmt":"2025-07-15T19:15:15","slug":"comissao-de-acompanhamento-do-orcamento-da-ufrrj-faz-primeira-reuniao","status":"publish","type":"post","link":"https:\/\/institucional.ufrrj.br\/caoa\/2025\/07\/15\/comissao-de-acompanhamento-do-orcamento-da-ufrrj-faz-primeira-reuniao\/","title":{"rendered":"Comiss\u00e3o de acompanhamento do or\u00e7amento da UFRRJ faz primeira reuni\u00e3o"},"content":{"rendered":"\n<p class=\"has-small-font-size\">Not\u00edcia replicada do portal da UFRRJ (<a href=\"https:\/\/portal.ufrrj.br\/comissao-de-acompanhamento-do-orcamento-da-ufrrj-faz-primeira-reuniao\/\">https:\/\/portal.ufrrj.br\/comissao-de-acompanhamento-do-orcamento-da-ufrrj-faz-primeira-reuniao\/<\/a>)<\/p>\n\n\n\n<figure class=\"wp-block-image\"><a href=\"https:\/\/portal.ufrrj.br\/wp-content\/uploads\/2025\/07\/comissao-orcamento-1.jpeg\"><img decoding=\"async\" src=\"https:\/\/portal.ufrrj.br\/wp-content\/uploads\/2025\/07\/comissao-orcamento-1-1024x576.jpeg\" alt=\"\" class=\"wp-image-99169\"\/><\/a><figcaption class=\"wp-element-caption\">Comiss\u00e3o que vai acompanhar o or\u00e7amento da UFRRJ fez sua primeira reuni\u00e3o na Sala da Secretaria dos \u00d3rg\u00e3os Colegiados<\/figcaption><\/figure>\n\n\n\n<p>A Comiss\u00e3o de Acompanhamento do Planejamento da Aloca\u00e7\u00e3o do Or\u00e7amento Anual UFRRJ fez sua primeira reuni\u00e3o em 24 de junho de 2025, na Sala da Secretaria dos \u00d3rg\u00e3os Colegiados (SOC), Pavilh\u00e3o Central do c\u00e2mpus Serop\u00e9dica. Sob condu\u00e7\u00e3o do vice-reitor C\u00e9sar Da Ros, o encontro teve presen\u00e7a de pr\u00f3-reitores, diretores de instituto, professores, t\u00e9cnicos-administrativos e estudantes, reunidos pelo interesse em compreender e refletir sobre a situa\u00e7\u00e3o or\u00e7ament\u00e1ria da institui\u00e7\u00e3o.<\/p>\n\n\n\n<p>\u201cO principal objetivo do grupo \u00e9 o acompanhamento do planejamento dos limites or\u00e7ament\u00e1rios estimados anualmente para a UFRRJ, no \u00e2mbito do Projeto de Lei Or\u00e7ament\u00e1ria Anual (PLOA) e na Lei Or\u00e7ament\u00e1ria Anual (LOA)\u201d, explicou o vice-reitor e tamb\u00e9m presidente da Comiss\u00e3o Geral. Dentre outras fun\u00e7\u00f5es, a Comiss\u00e3o ainda vai verificar a aplica\u00e7\u00e3o dos recursos extraor\u00e7ament\u00e1rios (como os que v\u00eam de emendas parlamentares) e compartilhar informa\u00e7\u00f5es com comunidade universit\u00e1ria, tanto em reuni\u00f5es dos conselhos superiores quanto em audi\u00eancias p\u00fablicas.<\/p>\n\n\n\n<p>A Comiss\u00e3o foi dividida em dois n\u00edveis: uma Comiss\u00e3o Geral, constitu\u00edda por membros da Administra\u00e7\u00e3o Central e volunt\u00e1rios do Conselho Universit\u00e1rio (Consu); e Subcomiss\u00f5es Tem\u00e1ticas correspondentes \u00e0s a\u00e7\u00f5es or\u00e7ament\u00e1rias existentes na institui\u00e7\u00e3o.<\/p>\n\n\n\n<p>\u201cEntre as responsabilidades dessas comiss\u00f5es est\u00e1 a elabora\u00e7\u00e3o de um relat\u00f3rio t\u00e9cnico de acompanhamento da execu\u00e7\u00e3o or\u00e7ament\u00e1ria, a partir das informa\u00e7\u00f5es sistematizadas pela Pr\u00f3-Reitoria de Assuntos Financeiros (Proaf)\u201d, acrescentou Da Ros.<\/p>\n\n\n\n<figure class=\"wp-block-image\"><img decoding=\"async\" src=\"https:\/\/portal.ufrrj.br\/wp-content\/uploads\/2025\/07\/comissao-orcamento-2-1024x576.jpeg\" alt=\"\" class=\"wp-image-99170\"\/><figcaption class=\"wp-element-caption\">O encontro teve presen\u00e7a de pr\u00f3-reitores, diretores de instituto, professores, t\u00e9cnicos-administrativos e estudantes<\/figcaption><\/figure>\n\n\n\n<p>Na reuni\u00e3o que deu in\u00edcio aos trabalhos da Comiss\u00e3o, foram feitas apresenta\u00e7\u00f5es sobre a organiza\u00e7\u00e3o e metodologia de trabalho do grupo; o processo de constru\u00e7\u00e3o do or\u00e7amento do governo federal; e a an\u00e1lise das dota\u00e7\u00f5es or\u00e7ament\u00e1rias da UFRRJ entre 2015 e 2025 (slides dispon\u00edveis nos links abaixo). De acordo com o vice-reitor C\u00e9sar Da Ros, a grava\u00e7\u00e3o em v\u00eddeo do encontro ser\u00e1 disponibilizada em breve no Portal da UFRRJ.<\/p>\n\n\n\n<p>\u201cFoi muito positiva a realiza\u00e7\u00e3o desta primeira reuni\u00e3o, pois promoveu o compartilhamento de informa\u00e7\u00f5es a respeito do processo de elabora\u00e7\u00e3o do or\u00e7amento p\u00fablico em n\u00edvel federal, envolvendo diversos \u00f3rg\u00e3os e inst\u00e2ncias dos poderes Executivo e Legislativo. Isso possibilitou aos presentes uma compreens\u00e3o mais abrangente dos limites e desafios impostos \u00e0 gest\u00e3o das universidades no per\u00edodo recente\u201d, avaliou Da Ros.&nbsp;<\/p>\n\n\n\n<p><strong>Documentos referentes \u00e0 Comiss\u00e3o de Acompanhamento do Planejamento da Aloca\u00e7\u00e3o do Or\u00e7amento Anual UFRRJ<\/strong><\/p>\n\n\n\n<p><strong><em>Delibera\u00e7\u00e3o n\u00ba 178\/2025\/SAOC, de 14\/05\/2025 \u2013 aprova\u00e7\u00e3o do Consu para a cria\u00e7\u00e3o da Comiss\u00e3o<\/em><\/strong><\/p>\n\n\n\n<p><object data=\"https:\/\/portal.ufrrj.br\/wp-content\/uploads\/2025\/07\/Deliberacao-178-CONSU-2025-Comissao-de-acompanhamento-orcamentario-14-05-2025.pdf\" type=\"application\/pdf\"><\/object><a href=\"https:\/\/portal.ufrrj.br\/wp-content\/uploads\/2025\/07\/Deliberacao-178-CONSU-2025-Comissao-de-acompanhamento-orcamentario-14-05-2025.pdf\">Delibera\u00e7\u00e3o 178 CONSU 2025 \u2013 Comiss\u00e3o de acompanhamento or\u00e7ament\u00e1rio \u2013 14-05-2025<\/a><a href=\"https:\/\/portal.ufrrj.br\/wp-content\/uploads\/2025\/07\/Deliberacao-178-CONSU-2025-Comissao-de-acompanhamento-orcamentario-14-05-2025.pdf\">Baixar<\/a><\/p>\n\n\n\n<p><strong><em>Portaria 2978\/2025 \u2013 SAOC, de 16\/05\/2025 \u2013 nomea\u00e7\u00e3o dos membros<\/em><\/strong><\/p>\n\n\n\n<p><object data=\"https:\/\/portal.ufrrj.br\/wp-content\/uploads\/2025\/07\/PORTARIA-No-2978-2025-SAOC-Designacao-dos-membros-da-Comissao-Orcamentaria-16-05-2025.pdf\" type=\"application\/pdf\"><\/object><a href=\"https:\/\/portal.ufrrj.br\/wp-content\/uploads\/2025\/07\/PORTARIA-No-2978-2025-SAOC-Designacao-dos-membros-da-Comissao-Orcamentaria-16-05-2025.pdf\">PORTARIA N\u00ba 2978-2025 \u2013 SAOC \u2013 Designa\u00e7\u00e3o dos membros da Comiss\u00e3o Or\u00e7ament\u00e1ria \u2013 16-05-2025<\/a><a href=\"https:\/\/portal.ufrrj.br\/wp-content\/uploads\/2025\/07\/PORTARIA-No-2978-2025-SAOC-Designacao-dos-membros-da-Comissao-Orcamentaria-16-05-2025.pdf\">Baixar<\/a><\/p>\n\n\n\n<p><strong><em>Apresenta\u00e7\u00e3o das atribui\u00e7\u00f5es, da organiza\u00e7\u00e3o e da metodologia de trabalho<\/em><\/strong><\/p>\n\n\n\n<p><object data=\"https:\/\/portal.ufrrj.br\/wp-content\/uploads\/2025\/07\/UFRRJ-Atribuicoes-da-organizacao-e-da-metodologia-de-trabalho-da-Comissao-24-06-2025.pdf\" type=\"application\/pdf\"><\/object><a href=\"https:\/\/portal.ufrrj.br\/wp-content\/uploads\/2025\/07\/UFRRJ-Atribuicoes-da-organizacao-e-da-metodologia-de-trabalho-da-Comissao-24-06-2025.pdf\">UFRRJ \u2013 Atribui\u00e7\u00f5es, da organiza\u00e7\u00e3o e da metodologia de trabalho da Comiss\u00e3o \u2013 24-06-2025<\/a><a href=\"https:\/\/portal.ufrrj.br\/wp-content\/uploads\/2025\/07\/UFRRJ-Atribuicoes-da-organizacao-e-da-metodologia-de-trabalho-da-Comissao-24-06-2025.pdf\">Baixar<\/a><\/p>\n\n\n\n<p><strong><em>Introdu\u00e7\u00e3o ao or\u00e7amento p\u00fablico: base legal e instrumentos<\/em><\/strong><\/p>\n\n\n\n<p><object data=\"https:\/\/portal.ufrrj.br\/wp-content\/uploads\/2025\/07\/UFRRJ-Introducao-ao-orcamento-publico-Base-legal-e-instrumentos-24-06-2025.pdf\" type=\"application\/pdf\"><\/object><a href=\"https:\/\/portal.ufrrj.br\/wp-content\/uploads\/2025\/07\/UFRRJ-Introducao-ao-orcamento-publico-Base-legal-e-instrumentos-24-06-2025.pdf\">UFRRJ \u2013 Introdu\u00e7\u00e3o ao or\u00e7amento p\u00fablico \u2013 Base legal e instrumentos \u2013 24-06-2025<\/a><a href=\"https:\/\/portal.ufrrj.br\/wp-content\/uploads\/2025\/07\/UFRRJ-Introducao-ao-orcamento-publico-Base-legal-e-instrumentos-24-06-2025.pdf\">Baixar<\/a><\/p>\n\n\n\n<p><strong><em>An\u00e1lise das dota\u00e7\u00f5es or\u00e7ament\u00e1rias da UFRRJ entre 2015 e 2025<\/em><\/strong><\/p>\n\n\n\n<p><object data=\"https:\/\/portal.ufrrj.br\/wp-content\/uploads\/2025\/07\/Acompanhamento_Orcamentario_UFRRJ-v3.pdf\" type=\"application\/pdf\"><\/object><a href=\"https:\/\/portal.ufrrj.br\/wp-content\/uploads\/2025\/07\/Acompanhamento_Orcamentario_UFRRJ-v3.pdf\">Acompanhamento_Orcamentario_UFRRJ \u2013 v3<\/a><a href=\"https:\/\/portal.ufrrj.br\/wp-content\/uploads\/2025\/07\/Acompanhamento_Orcamentario_UFRRJ-v3.pdf\">Baixar<\/a><\/p>\n\n\n\n<p><strong><em>Texto e fotografias: Jo\u00e3o Henrique Oliveira (CCS\/UFRRJ)<\/em><\/strong><\/p>\n","protected":false},"excerpt":{"rendered":"<p>Not\u00edcia replicada do portal da UFRRJ (https:\/\/portal.ufrrj.br\/comissao-de-acompanhamento-do-orcamento-da-ufrrj-faz-primeira-reuniao\/) A Comiss\u00e3o de Acompanhamento do Planejamento da Aloca\u00e7\u00e3o do Or\u00e7amento Anual UFRRJ fez sua primeira [&hellip;]<\/p>\n","protected":false},"author":634,"featured_media":71,"comment_status":"open","ping_status":"open","sticky":false,"template":"","format":"standard","meta":{"_acf_changed":false,"footnotes":""},"categories":[2],"tags":[],"class_list":["post-67","post","type-post","status-publish","format-standard","has-post-thumbnail","hentry","category-noticias"],"yoast_head":"<!-- This site is optimized with the Yoast SEO plugin v27.2 - https:\/\/yoast.com\/product\/yoast-seo-wordpress\/ -->\n<title>Comiss\u00e3o de acompanhamento do or\u00e7amento da UFRRJ faz primeira reuni\u00e3o - Comiss\u00e3o de Acompanhamento do Or\u00e7amento Anual da UFRRJ<\/title>\n<meta name=\"robots\" content=\"index, follow, max-snippet:-1, max-image-preview:large, max-video-preview:-1\" \/>\n<link rel=\"canonical\" href=\"https:\/\/institucional.ufrrj.br\/caoa\/2025\/07\/15\/comissao-de-acompanhamento-do-orcamento-da-ufrrj-faz-primeira-reuniao\/\" \/>\n<meta property=\"og:locale\" content=\"pt_BR\" \/>\n<meta property=\"og:type\" content=\"article\" \/>\n<meta property=\"og:title\" content=\"Comiss\u00e3o de acompanhamento do or\u00e7amento da UFRRJ faz primeira reuni\u00e3o - Comiss\u00e3o de Acompanhamento do Or\u00e7amento Anual da UFRRJ\" \/>\n<meta property=\"og:description\" content=\"Not\u00edcia replicada do portal da UFRRJ (https:\/\/portal.ufrrj.br\/comissao-de-acompanhamento-do-orcamento-da-ufrrj-faz-primeira-reuniao\/) A Comiss\u00e3o de Acompanhamento do Planejamento da Aloca\u00e7\u00e3o do Or\u00e7amento Anual UFRRJ fez sua primeira [&hellip;]\" \/>\n<meta property=\"og:url\" content=\"https:\/\/institucional.ufrrj.br\/caoa\/2025\/07\/15\/comissao-de-acompanhamento-do-orcamento-da-ufrrj-faz-primeira-reuniao\/\" \/>\n<meta property=\"og:site_name\" content=\"Comiss\u00e3o de Acompanhamento do Or\u00e7amento Anual da UFRRJ\" \/>\n<meta property=\"article:published_time\" content=\"2025-07-15T17:38:36+00:00\" \/>\n<meta property=\"article:modified_time\" content=\"2025-07-15T19:15:15+00:00\" \/>\n<meta property=\"og:image\" content=\"https:\/\/institucional.ufrrj.br\/caoa\/files\/2025\/07\/noticias.png\" \/>\n\t<meta property=\"og:image:width\" content=\"340\" \/>\n\t<meta property=\"og:image:height\" content=\"230\" \/>\n\t<meta property=\"og:image:type\" content=\"image\/png\" \/>\n<meta name=\"author\" content=\"admin\" \/>\n<meta name=\"twitter:card\" content=\"summary_large_image\" \/>\n<meta name=\"twitter:label1\" content=\"Escrito por\" \/>\n\t<meta name=\"twitter:data1\" content=\"admin\" \/>\n\t<meta name=\"twitter:label2\" content=\"Est. tempo de leitura\" \/>\n\t<meta name=\"twitter:data2\" content=\"4 minutos\" \/>\n<script type=\"application\/ld+json\" class=\"yoast-schema-graph\">{\"@context\":\"https:\/\/schema.org\",\"@graph\":[{\"@type\":\"Article\",\"@id\":\"https:\/\/institucional.ufrrj.br\/caoa\/2025\/07\/15\/comissao-de-acompanhamento-do-orcamento-da-ufrrj-faz-primeira-reuniao\/#article\",\"isPartOf\":{\"@id\":\"https:\/\/institucional.ufrrj.br\/caoa\/2025\/07\/15\/comissao-de-acompanhamento-do-orcamento-da-ufrrj-faz-primeira-reuniao\/\"},\"author\":{\"name\":\"admin\",\"@id\":\"https:\/\/institucional.ufrrj.br\/caoa\/#\/schema\/person\/fdf8548cd8566148efb17b2b65f2c7b8\"},\"headline\":\"Comiss\u00e3o de acompanhamento do or\u00e7amento da UFRRJ faz primeira reuni\u00e3o\",\"datePublished\":\"2025-07-15T17:38:36+00:00\",\"dateModified\":\"2025-07-15T19:15:15+00:00\",\"mainEntityOfPage\":{\"@id\":\"https:\/\/institucional.ufrrj.br\/caoa\/2025\/07\/15\/comissao-de-acompanhamento-do-orcamento-da-ufrrj-faz-primeira-reuniao\/\"},\"wordCount\":632,\"commentCount\":0,\"image\":{\"@id\":\"https:\/\/institucional.ufrrj.br\/caoa\/2025\/07\/15\/comissao-de-acompanhamento-do-orcamento-da-ufrrj-faz-primeira-reuniao\/#primaryimage\"},\"thumbnailUrl\":\"https:\/\/institucional.ufrrj.br\/caoa\/files\/2025\/07\/noticias.png\",\"articleSection\":[\"Not\u00edcias\"],\"inLanguage\":\"pt-BR\",\"potentialAction\":[{\"@type\":\"CommentAction\",\"name\":\"Comment\",\"target\":[\"https:\/\/institucional.ufrrj.br\/caoa\/2025\/07\/15\/comissao-de-acompanhamento-do-orcamento-da-ufrrj-faz-primeira-reuniao\/#respond\"]}]},{\"@type\":\"WebPage\",\"@id\":\"https:\/\/institucional.ufrrj.br\/caoa\/2025\/07\/15\/comissao-de-acompanhamento-do-orcamento-da-ufrrj-faz-primeira-reuniao\/\",\"url\":\"https:\/\/institucional.ufrrj.br\/caoa\/2025\/07\/15\/comissao-de-acompanhamento-do-orcamento-da-ufrrj-faz-primeira-reuniao\/\",\"name\":\"Comiss\u00e3o de acompanhamento do or\u00e7amento da UFRRJ faz primeira reuni\u00e3o - Comiss\u00e3o de Acompanhamento do Or\u00e7amento Anual da UFRRJ\",\"isPartOf\":{\"@id\":\"https:\/\/institucional.ufrrj.br\/caoa\/#website\"},\"primaryImageOfPage\":{\"@id\":\"https:\/\/institucional.ufrrj.br\/caoa\/2025\/07\/15\/comissao-de-acompanhamento-do-orcamento-da-ufrrj-faz-primeira-reuniao\/#primaryimage\"},\"image\":{\"@id\":\"https:\/\/institucional.ufrrj.br\/caoa\/2025\/07\/15\/comissao-de-acompanhamento-do-orcamento-da-ufrrj-faz-primeira-reuniao\/#primaryimage\"},\"thumbnailUrl\":\"https:\/\/institucional.ufrrj.br\/caoa\/files\/2025\/07\/noticias.png\",\"datePublished\":\"2025-07-15T17:38:36+00:00\",\"dateModified\":\"2025-07-15T19:15:15+00:00\",\"author\":{\"@id\":\"https:\/\/institucional.ufrrj.br\/caoa\/#\/schema\/person\/fdf8548cd8566148efb17b2b65f2c7b8\"},\"breadcrumb\":{\"@id\":\"https:\/\/institucional.ufrrj.br\/caoa\/2025\/07\/15\/comissao-de-acompanhamento-do-orcamento-da-ufrrj-faz-primeira-reuniao\/#breadcrumb\"},\"inLanguage\":\"pt-BR\",\"potentialAction\":[{\"@type\":\"ReadAction\",\"target\":[\"https:\/\/institucional.ufrrj.br\/caoa\/2025\/07\/15\/comissao-de-acompanhamento-do-orcamento-da-ufrrj-faz-primeira-reuniao\/\"]}]},{\"@type\":\"ImageObject\",\"inLanguage\":\"pt-BR\",\"@id\":\"https:\/\/institucional.ufrrj.br\/caoa\/2025\/07\/15\/comissao-de-acompanhamento-do-orcamento-da-ufrrj-faz-primeira-reuniao\/#primaryimage\",\"url\":\"https:\/\/institucional.ufrrj.br\/caoa\/files\/2025\/07\/noticias.png\",\"contentUrl\":\"https:\/\/institucional.ufrrj.br\/caoa\/files\/2025\/07\/noticias.png\",\"width\":340,\"height\":230},{\"@type\":\"BreadcrumbList\",\"@id\":\"https:\/\/institucional.ufrrj.br\/caoa\/2025\/07\/15\/comissao-de-acompanhamento-do-orcamento-da-ufrrj-faz-primeira-reuniao\/#breadcrumb\",\"itemListElement\":[{\"@type\":\"ListItem\",\"position\":1,\"name\":\"In\u00edcio\",\"item\":\"https:\/\/institucional.ufrrj.br\/caoa\/\"},{\"@type\":\"ListItem\",\"position\":2,\"name\":\"Comiss\u00e3o de acompanhamento do or\u00e7amento da UFRRJ faz primeira reuni\u00e3o\"}]},{\"@type\":\"WebSite\",\"@id\":\"https:\/\/institucional.ufrrj.br\/caoa\/#website\",\"url\":\"https:\/\/institucional.ufrrj.br\/caoa\/\",\"name\":\"Comiss\u00e3o de Acompanhamento do Or\u00e7amento Anual da UFRRJ\",\"description\":\"Site da Comiss\u00e3o de Acompanhamento do Or\u00e7amento Anual da UFRRJ\",\"potentialAction\":[{\"@type\":\"SearchAction\",\"target\":{\"@type\":\"EntryPoint\",\"urlTemplate\":\"https:\/\/institucional.ufrrj.br\/caoa\/?s={search_term_string}\"},\"query-input\":{\"@type\":\"PropertyValueSpecification\",\"valueRequired\":true,\"valueName\":\"search_term_string\"}}],\"inLanguage\":\"pt-BR\"},{\"@type\":\"Person\",\"@id\":\"https:\/\/institucional.ufrrj.br\/caoa\/#\/schema\/person\/fdf8548cd8566148efb17b2b65f2c7b8\",\"name\":\"admin\",\"image\":{\"@type\":\"ImageObject\",\"inLanguage\":\"pt-BR\",\"@id\":\"https:\/\/secure.gravatar.com\/avatar\/f193e07796826f6166a442020f4f314b432bae257aad4de7199dd1c314007c3d?s=96&d=mm&r=g\",\"url\":\"https:\/\/secure.gravatar.com\/avatar\/f193e07796826f6166a442020f4f314b432bae257aad4de7199dd1c314007c3d?s=96&d=mm&r=g\",\"contentUrl\":\"https:\/\/secure.gravatar.com\/avatar\/f193e07796826f6166a442020f4f314b432bae257aad4de7199dd1c314007c3d?s=96&d=mm&r=g\",\"caption\":\"admin\"},\"url\":\"https:\/\/institucional.ufrrj.br\/caoa\/author\/admin\/\"}]}<\/script>\n<!-- \/ Yoast SEO plugin. -->","yoast_head_json":{"title":"Comiss\u00e3o de acompanhamento do or\u00e7amento da UFRRJ faz primeira reuni\u00e3o - Comiss\u00e3o de Acompanhamento do Or\u00e7amento Anual da UFRRJ","robots":{"index":"index","follow":"follow","max-snippet":"max-snippet:-1","max-image-preview":"max-image-preview:large","max-video-preview":"max-video-preview:-1"},"canonical":"https:\/\/institucional.ufrrj.br\/caoa\/2025\/07\/15\/comissao-de-acompanhamento-do-orcamento-da-ufrrj-faz-primeira-reuniao\/","og_locale":"pt_BR","og_type":"article","og_title":"Comiss\u00e3o de acompanhamento do or\u00e7amento da UFRRJ faz primeira reuni\u00e3o - Comiss\u00e3o de Acompanhamento do Or\u00e7amento Anual da UFRRJ","og_description":"Not\u00edcia replicada do portal da UFRRJ (https:\/\/portal.ufrrj.br\/comissao-de-acompanhamento-do-orcamento-da-ufrrj-faz-primeira-reuniao\/) A Comiss\u00e3o de Acompanhamento do Planejamento da Aloca\u00e7\u00e3o do Or\u00e7amento Anual UFRRJ fez sua primeira [&hellip;]","og_url":"https:\/\/institucional.ufrrj.br\/caoa\/2025\/07\/15\/comissao-de-acompanhamento-do-orcamento-da-ufrrj-faz-primeira-reuniao\/","og_site_name":"Comiss\u00e3o de Acompanhamento do Or\u00e7amento Anual da UFRRJ","article_published_time":"2025-07-15T17:38:36+00:00","article_modified_time":"2025-07-15T19:15:15+00:00","og_image":[{"width":340,"height":230,"url":"https:\/\/institucional.ufrrj.br\/caoa\/files\/2025\/07\/noticias.png","type":"image\/png"}],"author":"admin","twitter_card":"summary_large_image","twitter_misc":{"Escrito por":"admin","Est. tempo de leitura":"4 minutos"},"schema":{"@context":"https:\/\/schema.org","@graph":[{"@type":"Article","@id":"https:\/\/institucional.ufrrj.br\/caoa\/2025\/07\/15\/comissao-de-acompanhamento-do-orcamento-da-ufrrj-faz-primeira-reuniao\/#article","isPartOf":{"@id":"https:\/\/institucional.ufrrj.br\/caoa\/2025\/07\/15\/comissao-de-acompanhamento-do-orcamento-da-ufrrj-faz-primeira-reuniao\/"},"author":{"name":"admin","@id":"https:\/\/institucional.ufrrj.br\/caoa\/#\/schema\/person\/fdf8548cd8566148efb17b2b65f2c7b8"},"headline":"Comiss\u00e3o de acompanhamento do or\u00e7amento da UFRRJ faz primeira reuni\u00e3o","datePublished":"2025-07-15T17:38:36+00:00","dateModified":"2025-07-15T19:15:15+00:00","mainEntityOfPage":{"@id":"https:\/\/institucional.ufrrj.br\/caoa\/2025\/07\/15\/comissao-de-acompanhamento-do-orcamento-da-ufrrj-faz-primeira-reuniao\/"},"wordCount":632,"commentCount":0,"image":{"@id":"https:\/\/institucional.ufrrj.br\/caoa\/2025\/07\/15\/comissao-de-acompanhamento-do-orcamento-da-ufrrj-faz-primeira-reuniao\/#primaryimage"},"thumbnailUrl":"https:\/\/institucional.ufrrj.br\/caoa\/files\/2025\/07\/noticias.png","articleSection":["Not\u00edcias"],"inLanguage":"pt-BR","potentialAction":[{"@type":"CommentAction","name":"Comment","target":["https:\/\/institucional.ufrrj.br\/caoa\/2025\/07\/15\/comissao-de-acompanhamento-do-orcamento-da-ufrrj-faz-primeira-reuniao\/#respond"]}]},{"@type":"WebPage","@id":"https:\/\/institucional.ufrrj.br\/caoa\/2025\/07\/15\/comissao-de-acompanhamento-do-orcamento-da-ufrrj-faz-primeira-reuniao\/","url":"https:\/\/institucional.ufrrj.br\/caoa\/2025\/07\/15\/comissao-de-acompanhamento-do-orcamento-da-ufrrj-faz-primeira-reuniao\/","name":"Comiss\u00e3o de acompanhamento do or\u00e7amento da UFRRJ faz primeira reuni\u00e3o - Comiss\u00e3o de Acompanhamento do Or\u00e7amento Anual da UFRRJ","isPartOf":{"@id":"https:\/\/institucional.ufrrj.br\/caoa\/#website"},"primaryImageOfPage":{"@id":"https:\/\/institucional.ufrrj.br\/caoa\/2025\/07\/15\/comissao-de-acompanhamento-do-orcamento-da-ufrrj-faz-primeira-reuniao\/#primaryimage"},"image":{"@id":"https:\/\/institucional.ufrrj.br\/caoa\/2025\/07\/15\/comissao-de-acompanhamento-do-orcamento-da-ufrrj-faz-primeira-reuniao\/#primaryimage"},"thumbnailUrl":"https:\/\/institucional.ufrrj.br\/caoa\/files\/2025\/07\/noticias.png","datePublished":"2025-07-15T17:38:36+00:00","dateModified":"2025-07-15T19:15:15+00:00","author":{"@id":"https:\/\/institucional.ufrrj.br\/caoa\/#\/schema\/person\/fdf8548cd8566148efb17b2b65f2c7b8"},"breadcrumb":{"@id":"https:\/\/institucional.ufrrj.br\/caoa\/2025\/07\/15\/comissao-de-acompanhamento-do-orcamento-da-ufrrj-faz-primeira-reuniao\/#breadcrumb"},"inLanguage":"pt-BR","potentialAction":[{"@type":"ReadAction","target":["https:\/\/institucional.ufrrj.br\/caoa\/2025\/07\/15\/comissao-de-acompanhamento-do-orcamento-da-ufrrj-faz-primeira-reuniao\/"]}]},{"@type":"ImageObject","inLanguage":"pt-BR","@id":"https:\/\/institucional.ufrrj.br\/caoa\/2025\/07\/15\/comissao-de-acompanhamento-do-orcamento-da-ufrrj-faz-primeira-reuniao\/#primaryimage","url":"https:\/\/institucional.ufrrj.br\/caoa\/files\/2025\/07\/noticias.png","contentUrl":"https:\/\/institucional.ufrrj.br\/caoa\/files\/2025\/07\/noticias.png","width":340,"height":230},{"@type":"BreadcrumbList","@id":"https:\/\/institucional.ufrrj.br\/caoa\/2025\/07\/15\/comissao-de-acompanhamento-do-orcamento-da-ufrrj-faz-primeira-reuniao\/#breadcrumb","itemListElement":[{"@type":"ListItem","position":1,"name":"In\u00edcio","item":"https:\/\/institucional.ufrrj.br\/caoa\/"},{"@type":"ListItem","position":2,"name":"Comiss\u00e3o de acompanhamento do or\u00e7amento da UFRRJ faz primeira reuni\u00e3o"}]},{"@type":"WebSite","@id":"https:\/\/institucional.ufrrj.br\/caoa\/#website","url":"https:\/\/institucional.ufrrj.br\/caoa\/","name":"Comiss\u00e3o de Acompanhamento do Or\u00e7amento Anual da UFRRJ","description":"Site da Comiss\u00e3o de Acompanhamento do Or\u00e7amento Anual da UFRRJ","potentialAction":[{"@type":"SearchAction","target":{"@type":"EntryPoint","urlTemplate":"https:\/\/institucional.ufrrj.br\/caoa\/?s={search_term_string}"},"query-input":{"@type":"PropertyValueSpecification","valueRequired":true,"valueName":"search_term_string"}}],"inLanguage":"pt-BR"},{"@type":"Person","@id":"https:\/\/institucional.ufrrj.br\/caoa\/#\/schema\/person\/fdf8548cd8566148efb17b2b65f2c7b8","name":"admin","image":{"@type":"ImageObject","inLanguage":"pt-BR","@id":"https:\/\/secure.gravatar.com\/avatar\/f193e07796826f6166a442020f4f314b432bae257aad4de7199dd1c314007c3d?s=96&d=mm&r=g","url":"https:\/\/secure.gravatar.com\/avatar\/f193e07796826f6166a442020f4f314b432bae257aad4de7199dd1c314007c3d?s=96&d=mm&r=g","contentUrl":"https:\/\/secure.gravatar.com\/avatar\/f193e07796826f6166a442020f4f314b432bae257aad4de7199dd1c314007c3d?s=96&d=mm&r=g","caption":"admin"},"url":"https:\/\/institucional.ufrrj.br\/caoa\/author\/admin\/"}]}},"acf":[],"_links":{"self":[{"href":"https:\/\/institucional.ufrrj.br\/caoa\/wp-json\/wp\/v2\/posts\/67","targetHints":{"allow":["GET"]}}],"collection":[{"href":"https:\/\/institucional.ufrrj.br\/caoa\/wp-json\/wp\/v2\/posts"}],"about":[{"href":"https:\/\/institucional.ufrrj.br\/caoa\/wp-json\/wp\/v2\/types\/post"}],"author":[{"embeddable":true,"href":"https:\/\/institucional.ufrrj.br\/caoa\/wp-json\/wp\/v2\/users\/634"}],"replies":[{"embeddable":true,"href":"https:\/\/institucional.ufrrj.br\/caoa\/wp-json\/wp\/v2\/comments?post=67"}],"version-history":[{"count":1,"href":"https:\/\/institucional.ufrrj.br\/caoa\/wp-json\/wp\/v2\/posts\/67\/revisions"}],"predecessor-version":[{"id":70,"href":"https:\/\/institucional.ufrrj.br\/caoa\/wp-json\/wp\/v2\/posts\/67\/revisions\/70"}],"wp:featuredmedia":[{"embeddable":true,"href":"https:\/\/institucional.ufrrj.br\/caoa\/wp-json\/wp\/v2\/media\/71"}],"wp:attachment":[{"href":"https:\/\/institucional.ufrrj.br\/caoa\/wp-json\/wp\/v2\/media?parent=67"}],"wp:term":[{"taxonomy":"category","embeddable":true,"href":"https:\/\/institucional.ufrrj.br\/caoa\/wp-json\/wp\/v2\/categories?post=67"},{"taxonomy":"post_tag","embeddable":true,"href":"https:\/\/institucional.ufrrj.br\/caoa\/wp-json\/wp\/v2\/tags?post=67"}],"curies":[{"name":"wp","href":"https:\/\/api.w.org\/{rel}","templated":true}]}}